{"id":872,"date":"2024-02-27T15:10:50","date_gmt":"2024-02-27T18:10:50","guid":{"rendered":"https:\/\/mundimagem.com\/observatorioleopoldina\/?p=872"},"modified":"2024-02-28T20:02:46","modified_gmt":"2024-02-28T23:02:46","slug":"forum-social-e-a-rede-de-dialogos","status":"publish","type":"post","link":"https:\/\/observatorioleopoldina.com.br\/home\/forum-social-e-a-rede-de-dialogos\/","title":{"rendered":"F\u00f3rum Social e a rede de di\u00e1logos"},"content":{"rendered":"\n<p class=\"wp-block-paragraph\">A primeira reuni\u00e3o do F\u00f3rum Social Leopoldina, nesta segunda-feira 29, na YAH Church , colocou no centro dos di\u00e1logos dois temas: popula\u00e7\u00e3o em situa\u00e7\u00e3o de rua (pop rua) e atua\u00e7\u00e3o do Conselho Tutelar.<\/p>\n\n\n\n<p class=\"wp-block-paragraph\">&#8220;O quadro pop rua na Leopoldina continua sem solu\u00e7\u00e3o. O que houve no canteiro central Gast\u00e3o foi a expuls\u00e3o dos exclu\u00eddos sem que a prefeitura apresentasse um plano de inclus\u00e3o. Foi apenas uma a\u00e7\u00e3o de for\u00e7a. A Secretaria Municipal de Assist\u00eancia e Desenvolvimento Social &#8211; SMADS , Sa\u00fade e Direitos Humanos n\u00e3o foram chamadas a atuar num planejamento integrado&#8221; avaliou Adaucto Durigan, um dos fundadores do F\u00f3rum Social.<\/p>\n\n\n\n<p class=\"wp-block-paragraph\">&#8220;O que defendemos, nesses mais de 10 anos de exist\u00eancia, \u00e9 dignidade ao povo de rua com a ado\u00e7\u00e3o de pol\u00edticas p\u00fablicas de inclus\u00e3o. A rua,que fique claro, n\u00e3o \u00e9 lugar de moradia. Por\u00e9m, expulsar de l\u00e1 os exclu\u00eddos sem apresentar um projeto social \u00e9 injusto e desumano. Isso apenas deslocou a popula\u00e7\u00e3o vulner\u00e1vel para as imedia\u00e7\u00f5es&#8221;, disse Durigan.<\/p>\n\n\n\n<p class=\"wp-block-paragraph\">Diante desse quadro, o F\u00f3rum Social Leopoldina ir\u00e1 intensificar di\u00e1logos com as secretarias municipais, na busca de programas estruturantes de inclus\u00e3o&nbsp;do&nbsp;povo&nbsp;de&nbsp;rua.<\/p>\n","protected":false},"excerpt":{"rendered":"<p>A primeira reuni\u00e3o do F\u00f3rum Social Leopoldina, nesta segunda-feira 29, na YAH Church , colocou<\/p>\n","protected":false},"author":2,"featured_media":873,"comment_status":"closed","ping_status":"open","sticky":false,"template":"","format":"standard","meta":{"footnotes":""},"categories":[227],"tags":[],"class_list":["post-872","post","type-post","status-publish","format-standard","has-post-thumbnail","hentry","category-no-bairro"],"aioseo_notices":[],"aioseo_head":"\n\t\t<!-- All in One SEO 5.0.1.1 - aioseo.com -->\n\t<meta name=\"description\" content=\"A primeira reuni\u00e3o do F\u00f3rum Social Leopoldina, nesta segunda-feira 29, na YAH Church , colocou no centro dos di\u00e1logos dois temas: popula\u00e7\u00e3o em situa\u00e7\u00e3o de rua (pop rua) e atua\u00e7\u00e3o do Conselho Tutelar. &quot;O quadro pop rua na Leopoldina continua sem solu\u00e7\u00e3o. O que houve no canteiro central Gast\u00e3o foi a expuls\u00e3o dos exclu\u00eddos sem\" \/>\n\t<meta name=\"robots\" content=\"max-image-preview:large\" \/>\n\t<meta name=\"author\" content=\"Tom Marques\"\/>\n\t<link rel=\"canonical\" href=\"https:\/\/observatorioleopoldina.com.br\/home\/forum-social-e-a-rede-de-dialogos\/\" \/>\n\t<meta name=\"generator\" content=\"All in One SEO (AIOSEO) 5.0.1.1\" \/>\n\t\t<meta property=\"og:locale\" content=\"pt_BR\" \/>\n\t\t<meta property=\"og:site_name\" content=\"Observat\u00f3rio Leopoldina - Espa\u00e7o virtual colaborativo focado no desenvolvimento socioecon\u00f4mico sustent\u00e1vel de um Distrito em plena transforma\u00e7\u00e3o: a Vila Leopoldina.\" \/>\n\t\t<meta property=\"og:type\" content=\"article\" \/>\n\t\t<meta property=\"og:title\" content=\"F\u00f3rum Social e a rede de di\u00e1logos - Observat\u00f3rio Leopoldina\" \/>\n\t\t<meta property=\"og:description\" content=\"A primeira reuni\u00e3o do F\u00f3rum Social Leopoldina, nesta segunda-feira 29, na YAH Church , colocou no centro dos di\u00e1logos dois temas: popula\u00e7\u00e3o em situa\u00e7\u00e3o de rua (pop rua) e atua\u00e7\u00e3o do Conselho Tutelar. &quot;O quadro pop rua na Leopoldina continua sem solu\u00e7\u00e3o. O que houve no canteiro central Gast\u00e3o foi a expuls\u00e3o dos exclu\u00eddos sem\" \/>\n\t\t<meta property=\"og:url\" content=\"https:\/\/observatorioleopoldina.com.br\/home\/forum-social-e-a-rede-de-dialogos\/\" \/>\n\t\t<meta property=\"og:image\" content=\"https:\/\/observatorioleopoldina.com.br\/home\/wp-content\/uploads\/2024\/02\/rede-de-dialogos.jpg\" \/>\n\t\t<meta property=\"og:image:secure_url\" content=\"https:\/\/observatorioleopoldina.com.br\/home\/wp-content\/uploads\/2024\/02\/rede-de-dialogos.jpg\" \/>\n\t\t<meta property=\"og:image:width\" content=\"1080\" \/>\n\t\t<meta property=\"og:image:height\" content=\"800\" \/>\n\t\t<meta property=\"article:published_time\" content=\"2024-02-27T18:10:50+00:00\" \/>\n\t\t<meta property=\"article:modified_time\" content=\"2024-02-28T23:02:46+00:00\" \/>\n\t\t<meta name=\"twitter:card\" content=\"summary_large_image\" \/>\n\t\t<meta name=\"twitter:title\" content=\"F\u00f3rum Social e a rede de di\u00e1logos - Observat\u00f3rio Leopoldina\" \/>\n\t\t<meta name=\"twitter:description\" content=\"A primeira reuni\u00e3o do F\u00f3rum Social Leopoldina, nesta segunda-feira 29, na YAH Church , colocou no centro dos di\u00e1logos dois temas: popula\u00e7\u00e3o em situa\u00e7\u00e3o de rua (pop rua) e atua\u00e7\u00e3o do Conselho Tutelar. &quot;O quadro pop rua na Leopoldina continua sem solu\u00e7\u00e3o. O que houve no canteiro central Gast\u00e3o foi a expuls\u00e3o dos exclu\u00eddos sem\" \/>\n\t\t<meta name=\"twitter:image\" content=\"https:\/\/observatorioleopoldina.com.br\/home\/wp-content\/uploads\/2024\/02\/rede-de-dialogos.jpg\" \/>\n\t\t<script type=\"application\/ld+json\" class=\"aioseo-schema\">\n\t\t\t{\"@context\":\"https:\\\/\\\/schema.org\",\"@graph\":[{\"@type\":\"BlogPosting\",\"@id\":\"https:\\\/\\\/observatorioleopoldina.com.br\\\/home\\\/forum-social-e-a-rede-de-dialogos\\\/#blogposting\",\"name\":\"F\\u00f3rum Social e a rede de di\\u00e1logos - Observat\\u00f3rio Leopoldina\",\"headline\":\"F\\u00f3rum Social e a rede de di\\u00e1logos\",\"author\":{\"@id\":\"https:\\\/\\\/observatorioleopoldina.com.br\\\/home\\\/author\\\/tom\\\/#author\"},\"publisher\":{\"@id\":\"https:\\\/\\\/observatorioleopoldina.com.br\\\/home\\\/#organization\"},\"image\":{\"@type\":\"ImageObject\",\"url\":\"https:\\\/\\\/observatorioleopoldina.com.br\\\/home\\\/wp-content\\\/uploads\\\/2024\\\/02\\\/rede-de-dialogos.jpg\",\"width\":1080,\"height\":800},\"datePublished\":\"2024-02-27T15:10:50-03:00\",\"dateModified\":\"2024-02-28T20:02:46-03:00\",\"inLanguage\":\"pt-BR\",\"mainEntityOfPage\":{\"@id\":\"https:\\\/\\\/observatorioleopoldina.com.br\\\/home\\\/forum-social-e-a-rede-de-dialogos\\\/#webpage\"},\"isPartOf\":{\"@id\":\"https:\\\/\\\/observatorioleopoldina.com.br\\\/home\\\/forum-social-e-a-rede-de-dialogos\\\/#webpage\"},\"articleSection\":\"No Bairro\"},{\"@type\":\"BreadcrumbList\",\"@id\":\"https:\\\/\\\/observatorioleopoldina.com.br\\\/home\\\/forum-social-e-a-rede-de-dialogos\\\/#breadcrumblist\",\"itemListElement\":[{\"@type\":\"ListItem\",\"@id\":\"https:\\\/\\\/observatorioleopoldina.com.br\\\/home#listItem\",\"position\":1,\"name\":\"In\\u00edcio\",\"item\":\"https:\\\/\\\/observatorioleopoldina.com.br\\\/home\",\"nextItem\":{\"@type\":\"ListItem\",\"@id\":\"https:\\\/\\\/observatorioleopoldina.com.br\\\/home\\\/category\\\/no-bairro\\\/#listItem\",\"name\":\"No Bairro\"}},{\"@type\":\"ListItem\",\"@id\":\"https:\\\/\\\/observatorioleopoldina.com.br\\\/home\\\/category\\\/no-bairro\\\/#listItem\",\"position\":2,\"name\":\"No Bairro\",\"item\":\"https:\\\/\\\/observatorioleopoldina.com.br\\\/home\\\/category\\\/no-bairro\\\/\",\"nextItem\":{\"@type\":\"ListItem\",\"@id\":\"https:\\\/\\\/observatorioleopoldina.com.br\\\/home\\\/forum-social-e-a-rede-de-dialogos\\\/#listItem\",\"name\":\"F\\u00f3rum Social e a rede de di\\u00e1logos\"},\"previousItem\":{\"@type\":\"ListItem\",\"@id\":\"https:\\\/\\\/observatorioleopoldina.com.br\\\/home#listItem\",\"name\":\"In\\u00edcio\"}},{\"@type\":\"ListItem\",\"@id\":\"https:\\\/\\\/observatorioleopoldina.com.br\\\/home\\\/forum-social-e-a-rede-de-dialogos\\\/#listItem\",\"position\":3,\"name\":\"F\\u00f3rum Social e a rede de di\\u00e1logos\",\"previousItem\":{\"@type\":\"ListItem\",\"@id\":\"https:\\\/\\\/observatorioleopoldina.com.br\\\/home\\\/category\\\/no-bairro\\\/#listItem\",\"name\":\"No Bairro\"}}]},{\"@type\":\"Organization\",\"@id\":\"https:\\\/\\\/observatorioleopoldina.com.br\\\/home\\\/#organization\",\"name\":\"Observat\\u00f3rio Leopoldina\",\"description\":\"Espa\\u00e7o virtual colaborativo focado no desenvolvimento socioecon\\u00f4mico sustent\\u00e1vel de um Distrito em plena transforma\\u00e7\\u00e3o: a Vila Leopoldina.\",\"url\":\"https:\\\/\\\/observatorioleopoldina.com.br\\\/home\\\/\",\"logo\":{\"@type\":\"ImageObject\",\"url\":\"https:\\\/\\\/observatorioleopoldina.com.br\\\/home\\\/wp-content\\\/uploads\\\/2024\\\/02\\\/2022-06-08-removebg-preview.png\",\"@id\":\"https:\\\/\\\/observatorioleopoldina.com.br\\\/home\\\/forum-social-e-a-rede-de-dialogos\\\/#organizationLogo\",\"width\":680,\"height\":247},\"image\":{\"@id\":\"https:\\\/\\\/observatorioleopoldina.com.br\\\/home\\\/forum-social-e-a-rede-de-dialogos\\\/#organizationLogo\"}},{\"@type\":\"Person\",\"@id\":\"https:\\\/\\\/observatorioleopoldina.com.br\\\/home\\\/author\\\/tom\\\/#author\",\"url\":\"https:\\\/\\\/observatorioleopoldina.com.br\\\/home\\\/author\\\/tom\\\/\",\"name\":\"Tom Marques\"},{\"@type\":\"WebPage\",\"@id\":\"https:\\\/\\\/observatorioleopoldina.com.br\\\/home\\\/forum-social-e-a-rede-de-dialogos\\\/#webpage\",\"url\":\"https:\\\/\\\/observatorioleopoldina.com.br\\\/home\\\/forum-social-e-a-rede-de-dialogos\\\/\",\"name\":\"F\\u00f3rum Social e a rede de di\\u00e1logos - Observat\\u00f3rio Leopoldina\",\"description\":\"A primeira reuni\\u00e3o do F\\u00f3rum Social Leopoldina, nesta segunda-feira 29, na YAH Church , colocou no centro dos di\\u00e1logos dois temas: popula\\u00e7\\u00e3o em situa\\u00e7\\u00e3o de rua (pop rua) e atua\\u00e7\\u00e3o do Conselho Tutelar. \\\"O quadro pop rua na Leopoldina continua sem solu\\u00e7\\u00e3o. O que houve no canteiro central Gast\\u00e3o foi a expuls\\u00e3o dos exclu\\u00eddos sem\",\"inLanguage\":\"pt-BR\",\"isPartOf\":{\"@id\":\"https:\\\/\\\/observatorioleopoldina.com.br\\\/home\\\/#website\"},\"breadcrumb\":{\"@id\":\"https:\\\/\\\/observatorioleopoldina.com.br\\\/home\\\/forum-social-e-a-rede-de-dialogos\\\/#breadcrumblist\"},\"author\":{\"@id\":\"https:\\\/\\\/observatorioleopoldina.com.br\\\/home\\\/author\\\/tom\\\/#author\"},\"creator\":{\"@id\":\"https:\\\/\\\/observatorioleopoldina.com.br\\\/home\\\/author\\\/tom\\\/#author\"},\"image\":{\"@type\":\"ImageObject\",\"url\":\"https:\\\/\\\/observatorioleopoldina.com.br\\\/home\\\/wp-content\\\/uploads\\\/2024\\\/02\\\/rede-de-dialogos.jpg\",\"@id\":\"https:\\\/\\\/observatorioleopoldina.com.br\\\/home\\\/forum-social-e-a-rede-de-dialogos\\\/#mainImage\",\"width\":1080,\"height\":800},\"primaryImageOfPage\":{\"@id\":\"https:\\\/\\\/observatorioleopoldina.com.br\\\/home\\\/forum-social-e-a-rede-de-dialogos\\\/#mainImage\"},\"datePublished\":\"2024-02-27T15:10:50-03:00\",\"dateModified\":\"2024-02-28T20:02:46-03:00\"},{\"@type\":\"WebSite\",\"@id\":\"https:\\\/\\\/observatorioleopoldina.com.br\\\/home\\\/#website\",\"url\":\"https:\\\/\\\/observatorioleopoldina.com.br\\\/home\\\/\",\"name\":\"Observat\\u00f3rio Leopoldina\",\"description\":\"Espa\\u00e7o virtual colaborativo focado no desenvolvimento socioecon\\u00f4mico sustent\\u00e1vel de um Distrito em plena transforma\\u00e7\\u00e3o: a Vila Leopoldina.\",\"inLanguage\":\"pt-BR\",\"publisher\":{\"@id\":\"https:\\\/\\\/observatorioleopoldina.com.br\\\/home\\\/#organization\"}}]}\n\t\t<\/script>\n\t\t<!-- All in One SEO -->\n\n","aioseo_head_json":{"title":"F\u00f3rum Social e a rede de di\u00e1logos - Observat\u00f3rio Leopoldina","description":"A primeira reuni\u00e3o do F\u00f3rum Social Leopoldina, nesta segunda-feira 29, na YAH Church , colocou no centro dos di\u00e1logos dois temas: popula\u00e7\u00e3o em situa\u00e7\u00e3o de rua (pop rua) e atua\u00e7\u00e3o do Conselho Tutelar. \"O quadro pop rua na Leopoldina continua sem solu\u00e7\u00e3o. O que houve no canteiro central Gast\u00e3o foi a expuls\u00e3o dos exclu\u00eddos sem","canonical_url":"https:\/\/observatorioleopoldina.com.br\/home\/forum-social-e-a-rede-de-dialogos\/","robots":"max-image-preview:large","keywords":"","webmasterTools":{"miscellaneous":""},"schema":{"@context":"https:\/\/schema.org","@graph":[{"@type":"BlogPosting","@id":"https:\/\/observatorioleopoldina.com.br\/home\/forum-social-e-a-rede-de-dialogos\/#blogposting","name":"F\u00f3rum Social e a rede de di\u00e1logos - Observat\u00f3rio Leopoldina","headline":"F\u00f3rum Social e a rede de di\u00e1logos","author":{"@id":"https:\/\/observatorioleopoldina.com.br\/home\/author\/tom\/#author"},"publisher":{"@id":"https:\/\/observatorioleopoldina.com.br\/home\/#organization"},"image":{"@type":"ImageObject","url":"https:\/\/observatorioleopoldina.com.br\/home\/wp-content\/uploads\/2024\/02\/rede-de-dialogos.jpg","width":1080,"height":800},"datePublished":"2024-02-27T15:10:50-03:00","dateModified":"2024-02-28T20:02:46-03:00","inLanguage":"pt-BR","mainEntityOfPage":{"@id":"https:\/\/observatorioleopoldina.com.br\/home\/forum-social-e-a-rede-de-dialogos\/#webpage"},"isPartOf":{"@id":"https:\/\/observatorioleopoldina.com.br\/home\/forum-social-e-a-rede-de-dialogos\/#webpage"},"articleSection":"No Bairro"},{"@type":"BreadcrumbList","@id":"https:\/\/observatorioleopoldina.com.br\/home\/forum-social-e-a-rede-de-dialogos\/#breadcrumblist","itemListElement":[{"@type":"ListItem","@id":"https:\/\/observatorioleopoldina.com.br\/home#listItem","position":1,"name":"In\u00edcio","item":"https:\/\/observatorioleopoldina.com.br\/home","nextItem":{"@type":"ListItem","@id":"https:\/\/observatorioleopoldina.com.br\/home\/category\/no-bairro\/#listItem","name":"No Bairro"}},{"@type":"ListItem","@id":"https:\/\/observatorioleopoldina.com.br\/home\/category\/no-bairro\/#listItem","position":2,"name":"No Bairro","item":"https:\/\/observatorioleopoldina.com.br\/home\/category\/no-bairro\/","nextItem":{"@type":"ListItem","@id":"https:\/\/observatorioleopoldina.com.br\/home\/forum-social-e-a-rede-de-dialogos\/#listItem","name":"F\u00f3rum Social e a rede de di\u00e1logos"},"previousItem":{"@type":"ListItem","@id":"https:\/\/observatorioleopoldina.com.br\/home#listItem","name":"In\u00edcio"}},{"@type":"ListItem","@id":"https:\/\/observatorioleopoldina.com.br\/home\/forum-social-e-a-rede-de-dialogos\/#listItem","position":3,"name":"F\u00f3rum Social e a rede de di\u00e1logos","previousItem":{"@type":"ListItem","@id":"https:\/\/observatorioleopoldina.com.br\/home\/category\/no-bairro\/#listItem","name":"No Bairro"}}]},{"@type":"Organization","@id":"https:\/\/observatorioleopoldina.com.br\/home\/#organization","name":"Observat\u00f3rio Leopoldina","description":"Espa\u00e7o virtual colaborativo focado no desenvolvimento socioecon\u00f4mico sustent\u00e1vel de um Distrito em plena transforma\u00e7\u00e3o: a Vila Leopoldina.","url":"https:\/\/observatorioleopoldina.com.br\/home\/","logo":{"@type":"ImageObject","url":"https:\/\/observatorioleopoldina.com.br\/home\/wp-content\/uploads\/2024\/02\/2022-06-08-removebg-preview.png","@id":"https:\/\/observatorioleopoldina.com.br\/home\/forum-social-e-a-rede-de-dialogos\/#organizationLogo","width":680,"height":247},"image":{"@id":"https:\/\/observatorioleopoldina.com.br\/home\/forum-social-e-a-rede-de-dialogos\/#organizationLogo"}},{"@type":"Person","@id":"https:\/\/observatorioleopoldina.com.br\/home\/author\/tom\/#author","url":"https:\/\/observatorioleopoldina.com.br\/home\/author\/tom\/","name":"Tom Marques"},{"@type":"WebPage","@id":"https:\/\/observatorioleopoldina.com.br\/home\/forum-social-e-a-rede-de-dialogos\/#webpage","url":"https:\/\/observatorioleopoldina.com.br\/home\/forum-social-e-a-rede-de-dialogos\/","name":"F\u00f3rum Social e a rede de di\u00e1logos - Observat\u00f3rio Leopoldina","description":"A primeira reuni\u00e3o do F\u00f3rum Social Leopoldina, nesta segunda-feira 29, na YAH Church , colocou no centro dos di\u00e1logos dois temas: popula\u00e7\u00e3o em situa\u00e7\u00e3o de rua (pop rua) e atua\u00e7\u00e3o do Conselho Tutelar. \"O quadro pop rua na Leopoldina continua sem solu\u00e7\u00e3o. O que houve no canteiro central Gast\u00e3o foi a expuls\u00e3o dos exclu\u00eddos sem","inLanguage":"pt-BR","isPartOf":{"@id":"https:\/\/observatorioleopoldina.com.br\/home\/#website"},"breadcrumb":{"@id":"https:\/\/observatorioleopoldina.com.br\/home\/forum-social-e-a-rede-de-dialogos\/#breadcrumblist"},"author":{"@id":"https:\/\/observatorioleopoldina.com.br\/home\/author\/tom\/#author"},"creator":{"@id":"https:\/\/observatorioleopoldina.com.br\/home\/author\/tom\/#author"},"image":{"@type":"ImageObject","url":"https:\/\/observatorioleopoldina.com.br\/home\/wp-content\/uploads\/2024\/02\/rede-de-dialogos.jpg","@id":"https:\/\/observatorioleopoldina.com.br\/home\/forum-social-e-a-rede-de-dialogos\/#mainImage","width":1080,"height":800},"primaryImageOfPage":{"@id":"https:\/\/observatorioleopoldina.com.br\/home\/forum-social-e-a-rede-de-dialogos\/#mainImage"},"datePublished":"2024-02-27T15:10:50-03:00","dateModified":"2024-02-28T20:02:46-03:00"},{"@type":"WebSite","@id":"https:\/\/observatorioleopoldina.com.br\/home\/#website","url":"https:\/\/observatorioleopoldina.com.br\/home\/","name":"Observat\u00f3rio Leopoldina","description":"Espa\u00e7o virtual colaborativo focado no desenvolvimento socioecon\u00f4mico sustent\u00e1vel de um Distrito em plena transforma\u00e7\u00e3o: a Vila Leopoldina.","inLanguage":"pt-BR","publisher":{"@id":"https:\/\/observatorioleopoldina.com.br\/home\/#organization"}}]},"og:locale":"pt_BR","og:site_name":"Observat\u00f3rio Leopoldina - Espa\u00e7o virtual colaborativo focado no desenvolvimento socioecon\u00f4mico sustent\u00e1vel de um Distrito em plena transforma\u00e7\u00e3o: a Vila Leopoldina.","og:type":"article","og:title":"F\u00f3rum Social e a rede de di\u00e1logos - Observat\u00f3rio Leopoldina","og:description":"A primeira reuni\u00e3o do F\u00f3rum Social Leopoldina, nesta segunda-feira 29, na YAH Church , colocou no centro dos di\u00e1logos dois temas: popula\u00e7\u00e3o em situa\u00e7\u00e3o de rua (pop rua) e atua\u00e7\u00e3o do Conselho Tutelar. &quot;O quadro pop rua na Leopoldina continua sem solu\u00e7\u00e3o. O que houve no canteiro central Gast\u00e3o foi a expuls\u00e3o dos exclu\u00eddos sem","og:url":"https:\/\/observatorioleopoldina.com.br\/home\/forum-social-e-a-rede-de-dialogos\/","og:image":"https:\/\/observatorioleopoldina.com.br\/home\/wp-content\/uploads\/2024\/02\/rede-de-dialogos.jpg","og:image:secure_url":"https:\/\/observatorioleopoldina.com.br\/home\/wp-content\/uploads\/2024\/02\/rede-de-dialogos.jpg","og:image:width":1080,"og:image:height":800,"article:published_time":"2024-02-27T18:10:50+00:00","article:modified_time":"2024-02-28T23:02:46+00:00","twitter:card":"summary_large_image","twitter:title":"F\u00f3rum Social e a rede de di\u00e1logos - Observat\u00f3rio Leopoldina","twitter:description":"A primeira reuni\u00e3o do F\u00f3rum Social Leopoldina, nesta segunda-feira 29, na YAH Church , colocou no centro dos di\u00e1logos dois temas: popula\u00e7\u00e3o em situa\u00e7\u00e3o de rua (pop rua) e atua\u00e7\u00e3o do Conselho Tutelar. &quot;O quadro pop rua na Leopoldina continua sem solu\u00e7\u00e3o. O que houve no canteiro central Gast\u00e3o foi a expuls\u00e3o dos exclu\u00eddos sem","twitter:image":"https:\/\/observatorioleopoldina.com.br\/home\/wp-content\/uploads\/2024\/02\/rede-de-dialogos.jpg"},"aioseo_meta_data":{"post_id":"872","title":null,"description":null,"keywords":null,"keyphrases":null,"primary_term":null,"canonical_url":null,"og_title":null,"og_description":null,"og_object_type":"default","og_image_type":"default","og_image_url":null,"og_image_width":null,"og_image_height":null,"og_image_custom_url":null,"og_image_custom_fields":null,"og_video":null,"og_custom_url":null,"og_article_section":null,"og_article_tags":null,"twitter_use_og":false,"twitter_card":"default","twitter_image_type":"default","twitter_image_url":null,"twitter_image_custom_url":null,"twitter_image_custom_fields":null,"twitter_title":null,"twitter_description":null,"schema":{"blockGraphs":[],"customGraphs":[],"default":{"data":{"Article":[],"Course":[],"Dataset":[],"FAQPage":[],"Movie":[],"Person":[],"Product":[],"ProductReview":[],"Car":[],"Recipe":[],"Service":[],"SoftwareApplication":[],"WebPage":[]},"graphName":"","isEnabled":true},"graphs":[]},"schema_type":"default","schema_type_options":null,"pillar_content":false,"robots_default":true,"robots_noindex":false,"robots_noarchive":false,"robots_nosnippet":false,"robots_nofollow":false,"robots_noimageindex":false,"robots_noodp":false,"robots_notranslate":false,"robots_max_snippet":null,"robots_max_videopreview":null,"robots_max_imagepreview":"large","priority":null,"frequency":null,"local_seo":null,"breadcrumb_settings":null,"limit_modified_date":false,"ai":null,"created":"2024-04-26 20:44:12","updated":"2025-06-04 03:39:28","seo_analyzer_scan_date":null,"focus_keyword":null,"additional_keywords":null,"truseo_locale":null},"aioseo_breadcrumb":"<div class=\"aioseo-breadcrumbs\"><span class=\"aioseo-breadcrumb\">\n\t\t\t<a href=\"https:\/\/observatorioleopoldina.com.br\/home\" title=\"In\u00edcio\">In\u00edcio<\/a>\n\t\t<\/span><span class=\"aioseo-breadcrumb-separator\">\u00bb<\/span><span class=\"aioseo-breadcrumb\">\n\t\t\t<a href=\"https:\/\/observatorioleopoldina.com.br\/home\/category\/no-bairro\/\" title=\"No Bairro\">No Bairro<\/a>\n\t\t<\/span><span class=\"aioseo-breadcrumb-separator\">\u00bb<\/span><span class=\"aioseo-breadcrumb\">\n\t\t\tF\u00f3rum Social e a rede de di\u00e1logos\n\t\t<\/span><\/div>","aioseo_breadcrumb_json":[{"label":"In\u00edcio","link":"https:\/\/observatorioleopoldina.com.br\/home"},{"label":"No Bairro","link":"https:\/\/observatorioleopoldina.com.br\/home\/category\/no-bairro\/"},{"label":"F\u00f3rum Social e a rede de di\u00e1logos","link":"https:\/\/observatorioleopoldina.com.br\/home\/forum-social-e-a-rede-de-dialogos\/"}],"_links":{"self":[{"href":"https:\/\/observatorioleopoldina.com.br\/home\/wp-json\/wp\/v2\/posts\/872","targetHints":{"allow":["GET"]}}],"collection":[{"href":"https:\/\/observatorioleopoldina.com.br\/home\/wp-json\/wp\/v2\/posts"}],"about":[{"href":"https:\/\/observatorioleopoldina.com.br\/home\/wp-json\/wp\/v2\/types\/post"}],"author":[{"embeddable":true,"href":"https:\/\/observatorioleopoldina.com.br\/home\/wp-json\/wp\/v2\/users\/2"}],"replies":[{"embeddable":true,"href":"https:\/\/observatorioleopoldina.com.br\/home\/wp-json\/wp\/v2\/comments?post=872"}],"version-history":[{"count":1,"href":"https:\/\/observatorioleopoldina.com.br\/home\/wp-json\/wp\/v2\/posts\/872\/revisions"}],"predecessor-version":[{"id":874,"href":"https:\/\/observatorioleopoldina.com.br\/home\/wp-json\/wp\/v2\/posts\/872\/revisions\/874"}],"wp:featuredmedia":[{"embeddable":true,"href":"https:\/\/observatorioleopoldina.com.br\/home\/wp-json\/wp\/v2\/media\/873"}],"wp:attachment":[{"href":"https:\/\/observatorioleopoldina.com.br\/home\/wp-json\/wp\/v2\/media?parent=872"}],"wp:term":[{"taxonomy":"category","embeddable":true,"href":"https:\/\/observatorioleopoldina.com.br\/home\/wp-json\/wp\/v2\/categories?post=872"},{"taxonomy":"post_tag","embeddable":true,"href":"https:\/\/observatorioleopoldina.com.br\/home\/wp-json\/wp\/v2\/tags?post=872"}],"curies":[{"name":"wp","href":"https:\/\/api.w.org\/{rel}","templated":true}]}}