{"id":855,"date":"2024-02-27T14:47:18","date_gmt":"2024-02-27T17:47:18","guid":{"rendered":"https:\/\/mundimagem.com\/observatorioleopoldina\/?p=855"},"modified":"2024-02-28T20:02:46","modified_gmt":"2024-02-28T23:02:46","slug":"zona-azul-buracos-prefeito-entre-palavras-e-realidade","status":"publish","type":"post","link":"https:\/\/observatorioleopoldina.com.br\/home\/zona-azul-buracos-prefeito-entre-palavras-e-realidade\/","title":{"rendered":"Zona Azul, buracos, prefeito: entre palavras e realidade"},"content":{"rendered":"\n<p class=\"wp-block-paragraph\">Num verdadeiro cen\u00e1rio no formato &#8220;cara a cara&#8221;, proposto pela assessoria do prefeito Ricardo Nunes, o Observat\u00f3rio Leopoldina participou da entrevista coletiva que antecedeu sua visita \u00e0 regi\u00e3o da Subprefeitura Lapa.<br>Frente a frente com Nunes, numa mesa de padaria em Perdizes,<br>perguntamos sobre a cria\u00e7\u00e3o de vagas de Zona Azul na Leopoldina, sem escutar a popula\u00e7\u00e3o e com servi\u00e7os de recapeamento e tapa-buraco passando longe das vias selecionadas.<\/p>\n\n\n\n<p class=\"wp-block-paragraph\">A pergunta era uma demanda dos leitores deste Observat\u00f3rio. Nunes assim respondeu.<\/p>\n\n\n\n<p class=\"wp-block-paragraph\">&#8220;Em 2016 levava 120 para tapar buraco. Hoje leva 7&#8221;, disse o prefeito.<\/p>\n\n\n\n<p class=\"wp-block-paragraph\">Questionamos esssa fala, mostrando que uma solicita\u00e7\u00e3o de tapa-buraco feita pelo 156 tem preazo de 45 dias para ser executada. O prefeito, incr\u00e9dulo com a assertiva do Observat\u00f3rio, reafirmou . &#8220;45 dias? N\u00e3o, no m\u00e1ximo sete dias. Pode gravar a\u00ed. Demorava 120 dias na gest\u00e3o do PT. Hoje s\u00e3o sete dias&#8221;.<\/p>\n\n\n\n<p class=\"wp-block-paragraph\">Da fala do gestor \u00e0 realidade da vida cotidiana a real situa\u00e7\u00e3o \u00e9 essa:<\/p>\n\n\n\n<p class=\"wp-block-paragraph\">Buraco na Rua Schlling, protocolo 156 n\u00famero 311071782 datado de 15 de fevereiro. Posi\u00e7\u00e3o no dia 24 (nove dias depois): solicita\u00e7\u00e3o &#8220;Em An\u00e1lise&#8221;.<\/p>\n\n\n\n<p class=\"wp-block-paragraph\">Buraco Rua Carlos Weber, em frente ao P\u00e3o de A\u00e7\u00facar Minuto. Protocolo aberto em 5 de janeiro. Servi\u00e7o &#8220;finalizado&#8221; em 20 de fevereiro (46 dias) . Mas que finaliza\u00e7\u00e3o \u00e9 essa? Notem na foto que ainda n\u00e3o h\u00e1 camada asf\u00e1ltica, nesse remendo, que segundo o 156 cobre \u00e1rea de drenagem de chuva.<\/p>\n\n\n\n<p class=\"wp-block-paragraph\">Enfim, fica aqui uma sugest\u00e3o cidad\u00e3 ao prefeito Ricardo Nunes e sua equipe: voltem a deixar com que as subprefeituras fiquem respons\u00e1veis pela gest\u00e3o da Opera\u00e7\u00e3o Tapa-Buraco.<\/p>\n\n\n\n<p class=\"wp-block-paragraph\">Est\u00e1 comprovado que a centraliza\u00e7\u00e3o desse servi\u00e7o na Secretaria Municipal das Subprefeituras &#8211; SMSUB tem uma s\u00e9rie de inconvenientes.<\/p>\n\n\n\n<p class=\"wp-block-paragraph\">Assim como fez o prefeito, recorremos \u00e0 linha do tempo para avaliar a Tapa Buraco. Em 2011, gest\u00e3o do prefeito Gilberto Kassab, o servi\u00e7o de tapar buracos era responsabilidade direta dos subprefeitos. A determina\u00e7\u00e3o era de executar servi\u00e7os em 72 horas. Na Subprefeitura Lapa, esse prazo era&nbsp;cumprido.&nbsp;<\/p>\n","protected":false},"excerpt":{"rendered":"<p>Num verdadeiro cen\u00e1rio no formato &#8220;cara a cara&#8221;, proposto pela assessoria do prefeito Ricardo Nunes,<\/p>\n","protected":false},"author":2,"featured_media":856,"comment_status":"closed","ping_status":"open","sticky":false,"template":"","format":"standard","meta":{"footnotes":""},"categories":[227],"tags":[],"class_list":["post-855","post","type-post","status-publish","format-standard","has-post-thumbnail","hentry","category-no-bairro"],"aioseo_notices":[],"aioseo_head":"\n\t\t<!-- All in One SEO 5.0.1.1 - aioseo.com -->\n\t<meta name=\"description\" content=\"Num verdadeiro cen\u00e1rio no formato &quot;cara a cara&quot;, proposto pela assessoria do prefeito Ricardo Nunes, o Observat\u00f3rio Leopoldina participou da entrevista coletiva que antecedeu sua visita \u00e0 regi\u00e3o da Subprefeitura Lapa.Frente a frente com Nunes, numa mesa de padaria em Perdizes,perguntamos sobre a cria\u00e7\u00e3o de vagas de Zona Azul na Leopoldina, sem escutar a popula\u00e7\u00e3o\" \/>\n\t<meta name=\"robots\" content=\"max-image-preview:large\" \/>\n\t<meta name=\"author\" content=\"Tom Marques\"\/>\n\t<link rel=\"canonical\" href=\"https:\/\/observatorioleopoldina.com.br\/home\/zona-azul-buracos-prefeito-entre-palavras-e-realidade\/\" \/>\n\t<meta name=\"generator\" content=\"All in One SEO (AIOSEO) 5.0.1.1\" \/>\n\t\t<meta property=\"og:locale\" content=\"pt_BR\" \/>\n\t\t<meta property=\"og:site_name\" content=\"Observat\u00f3rio Leopoldina - Espa\u00e7o virtual colaborativo focado no desenvolvimento socioecon\u00f4mico sustent\u00e1vel de um Distrito em plena transforma\u00e7\u00e3o: a Vila Leopoldina.\" \/>\n\t\t<meta property=\"og:type\" content=\"article\" \/>\n\t\t<meta property=\"og:title\" content=\"Zona Azul, buracos, prefeito: entre palavras e realidade - Observat\u00f3rio Leopoldina\" \/>\n\t\t<meta property=\"og:description\" content=\"Num verdadeiro cen\u00e1rio no formato &quot;cara a cara&quot;, proposto pela assessoria do prefeito Ricardo Nunes, o Observat\u00f3rio Leopoldina participou da entrevista coletiva que antecedeu sua visita \u00e0 regi\u00e3o da Subprefeitura Lapa.Frente a frente com Nunes, numa mesa de padaria em Perdizes,perguntamos sobre a cria\u00e7\u00e3o de vagas de Zona Azul na Leopoldina, sem escutar a popula\u00e7\u00e3o\" \/>\n\t\t<meta property=\"og:url\" content=\"https:\/\/observatorioleopoldina.com.br\/home\/zona-azul-buracos-prefeito-entre-palavras-e-realidade\/\" \/>\n\t\t<meta property=\"og:image\" content=\"https:\/\/observatorioleopoldina.com.br\/home\/wp-content\/uploads\/2024\/02\/buraco.jpg\" \/>\n\t\t<meta property=\"og:image:secure_url\" content=\"https:\/\/observatorioleopoldina.com.br\/home\/wp-content\/uploads\/2024\/02\/buraco.jpg\" \/>\n\t\t<meta property=\"og:image:width\" content=\"1075\" \/>\n\t\t<meta property=\"og:image:height\" content=\"1600\" \/>\n\t\t<meta property=\"article:published_time\" content=\"2024-02-27T17:47:18+00:00\" \/>\n\t\t<meta property=\"article:modified_time\" content=\"2024-02-28T23:02:46+00:00\" \/>\n\t\t<meta name=\"twitter:card\" content=\"summary_large_image\" \/>\n\t\t<meta name=\"twitter:title\" content=\"Zona Azul, buracos, prefeito: entre palavras e realidade - Observat\u00f3rio Leopoldina\" \/>\n\t\t<meta name=\"twitter:description\" content=\"Num verdadeiro cen\u00e1rio no formato &quot;cara a cara&quot;, proposto pela assessoria do prefeito Ricardo Nunes, o Observat\u00f3rio Leopoldina participou da entrevista coletiva que antecedeu sua visita \u00e0 regi\u00e3o da Subprefeitura Lapa.Frente a frente com Nunes, numa mesa de padaria em Perdizes,perguntamos sobre a cria\u00e7\u00e3o de vagas de Zona Azul na Leopoldina, sem escutar a popula\u00e7\u00e3o\" \/>\n\t\t<meta name=\"twitter:image\" content=\"https:\/\/observatorioleopoldina.com.br\/home\/wp-content\/uploads\/2024\/02\/buraco.jpg\" \/>\n\t\t<script type=\"application\/ld+json\" class=\"aioseo-schema\">\n\t\t\t{\"@context\":\"https:\\\/\\\/schema.org\",\"@graph\":[{\"@type\":\"BlogPosting\",\"@id\":\"https:\\\/\\\/observatorioleopoldina.com.br\\\/home\\\/zona-azul-buracos-prefeito-entre-palavras-e-realidade\\\/#blogposting\",\"name\":\"Zona Azul, buracos, prefeito: entre palavras e realidade - Observat\\u00f3rio Leopoldina\",\"headline\":\"Zona Azul, buracos, prefeito: entre palavras e realidade\",\"author\":{\"@id\":\"https:\\\/\\\/observatorioleopoldina.com.br\\\/home\\\/author\\\/tom\\\/#author\"},\"publisher\":{\"@id\":\"https:\\\/\\\/observatorioleopoldina.com.br\\\/home\\\/#organization\"},\"image\":{\"@type\":\"ImageObject\",\"url\":\"https:\\\/\\\/observatorioleopoldina.com.br\\\/home\\\/wp-content\\\/uploads\\\/2024\\\/02\\\/buraco.jpg\",\"width\":1075,\"height\":1600},\"datePublished\":\"2024-02-27T14:47:18-03:00\",\"dateModified\":\"2024-02-28T20:02:46-03:00\",\"inLanguage\":\"pt-BR\",\"mainEntityOfPage\":{\"@id\":\"https:\\\/\\\/observatorioleopoldina.com.br\\\/home\\\/zona-azul-buracos-prefeito-entre-palavras-e-realidade\\\/#webpage\"},\"isPartOf\":{\"@id\":\"https:\\\/\\\/observatorioleopoldina.com.br\\\/home\\\/zona-azul-buracos-prefeito-entre-palavras-e-realidade\\\/#webpage\"},\"articleSection\":\"No Bairro\"},{\"@type\":\"BreadcrumbList\",\"@id\":\"https:\\\/\\\/observatorioleopoldina.com.br\\\/home\\\/zona-azul-buracos-prefeito-entre-palavras-e-realidade\\\/#breadcrumblist\",\"itemListElement\":[{\"@type\":\"ListItem\",\"@id\":\"https:\\\/\\\/observatorioleopoldina.com.br\\\/home#listItem\",\"position\":1,\"name\":\"In\\u00edcio\",\"item\":\"https:\\\/\\\/observatorioleopoldina.com.br\\\/home\",\"nextItem\":{\"@type\":\"ListItem\",\"@id\":\"https:\\\/\\\/observatorioleopoldina.com.br\\\/home\\\/category\\\/no-bairro\\\/#listItem\",\"name\":\"No Bairro\"}},{\"@type\":\"ListItem\",\"@id\":\"https:\\\/\\\/observatorioleopoldina.com.br\\\/home\\\/category\\\/no-bairro\\\/#listItem\",\"position\":2,\"name\":\"No Bairro\",\"item\":\"https:\\\/\\\/observatorioleopoldina.com.br\\\/home\\\/category\\\/no-bairro\\\/\",\"nextItem\":{\"@type\":\"ListItem\",\"@id\":\"https:\\\/\\\/observatorioleopoldina.com.br\\\/home\\\/zona-azul-buracos-prefeito-entre-palavras-e-realidade\\\/#listItem\",\"name\":\"Zona Azul, buracos, prefeito: entre palavras e realidade\"},\"previousItem\":{\"@type\":\"ListItem\",\"@id\":\"https:\\\/\\\/observatorioleopoldina.com.br\\\/home#listItem\",\"name\":\"In\\u00edcio\"}},{\"@type\":\"ListItem\",\"@id\":\"https:\\\/\\\/observatorioleopoldina.com.br\\\/home\\\/zona-azul-buracos-prefeito-entre-palavras-e-realidade\\\/#listItem\",\"position\":3,\"name\":\"Zona Azul, buracos, prefeito: entre palavras e realidade\",\"previousItem\":{\"@type\":\"ListItem\",\"@id\":\"https:\\\/\\\/observatorioleopoldina.com.br\\\/home\\\/category\\\/no-bairro\\\/#listItem\",\"name\":\"No Bairro\"}}]},{\"@type\":\"Organization\",\"@id\":\"https:\\\/\\\/observatorioleopoldina.com.br\\\/home\\\/#organization\",\"name\":\"Observat\\u00f3rio Leopoldina\",\"description\":\"Espa\\u00e7o virtual colaborativo focado no desenvolvimento socioecon\\u00f4mico sustent\\u00e1vel de um Distrito em plena transforma\\u00e7\\u00e3o: a Vila Leopoldina.\",\"url\":\"https:\\\/\\\/observatorioleopoldina.com.br\\\/home\\\/\",\"logo\":{\"@type\":\"ImageObject\",\"url\":\"https:\\\/\\\/observatorioleopoldina.com.br\\\/home\\\/wp-content\\\/uploads\\\/2024\\\/02\\\/2022-06-08-removebg-preview.png\",\"@id\":\"https:\\\/\\\/observatorioleopoldina.com.br\\\/home\\\/zona-azul-buracos-prefeito-entre-palavras-e-realidade\\\/#organizationLogo\",\"width\":680,\"height\":247},\"image\":{\"@id\":\"https:\\\/\\\/observatorioleopoldina.com.br\\\/home\\\/zona-azul-buracos-prefeito-entre-palavras-e-realidade\\\/#organizationLogo\"}},{\"@type\":\"Person\",\"@id\":\"https:\\\/\\\/observatorioleopoldina.com.br\\\/home\\\/author\\\/tom\\\/#author\",\"url\":\"https:\\\/\\\/observatorioleopoldina.com.br\\\/home\\\/author\\\/tom\\\/\",\"name\":\"Tom Marques\"},{\"@type\":\"WebPage\",\"@id\":\"https:\\\/\\\/observatorioleopoldina.com.br\\\/home\\\/zona-azul-buracos-prefeito-entre-palavras-e-realidade\\\/#webpage\",\"url\":\"https:\\\/\\\/observatorioleopoldina.com.br\\\/home\\\/zona-azul-buracos-prefeito-entre-palavras-e-realidade\\\/\",\"name\":\"Zona Azul, buracos, prefeito: entre palavras e realidade - Observat\\u00f3rio Leopoldina\",\"description\":\"Num verdadeiro cen\\u00e1rio no formato \\\"cara a cara\\\", proposto pela assessoria do prefeito Ricardo Nunes, o Observat\\u00f3rio Leopoldina participou da entrevista coletiva que antecedeu sua visita \\u00e0 regi\\u00e3o da Subprefeitura Lapa.Frente a frente com Nunes, numa mesa de padaria em Perdizes,perguntamos sobre a cria\\u00e7\\u00e3o de vagas de Zona Azul na Leopoldina, sem escutar a popula\\u00e7\\u00e3o\",\"inLanguage\":\"pt-BR\",\"isPartOf\":{\"@id\":\"https:\\\/\\\/observatorioleopoldina.com.br\\\/home\\\/#website\"},\"breadcrumb\":{\"@id\":\"https:\\\/\\\/observatorioleopoldina.com.br\\\/home\\\/zona-azul-buracos-prefeito-entre-palavras-e-realidade\\\/#breadcrumblist\"},\"author\":{\"@id\":\"https:\\\/\\\/observatorioleopoldina.com.br\\\/home\\\/author\\\/tom\\\/#author\"},\"creator\":{\"@id\":\"https:\\\/\\\/observatorioleopoldina.com.br\\\/home\\\/author\\\/tom\\\/#author\"},\"image\":{\"@type\":\"ImageObject\",\"url\":\"https:\\\/\\\/observatorioleopoldina.com.br\\\/home\\\/wp-content\\\/uploads\\\/2024\\\/02\\\/buraco.jpg\",\"@id\":\"https:\\\/\\\/observatorioleopoldina.com.br\\\/home\\\/zona-azul-buracos-prefeito-entre-palavras-e-realidade\\\/#mainImage\",\"width\":1075,\"height\":1600},\"primaryImageOfPage\":{\"@id\":\"https:\\\/\\\/observatorioleopoldina.com.br\\\/home\\\/zona-azul-buracos-prefeito-entre-palavras-e-realidade\\\/#mainImage\"},\"datePublished\":\"2024-02-27T14:47:18-03:00\",\"dateModified\":\"2024-02-28T20:02:46-03:00\"},{\"@type\":\"WebSite\",\"@id\":\"https:\\\/\\\/observatorioleopoldina.com.br\\\/home\\\/#website\",\"url\":\"https:\\\/\\\/observatorioleopoldina.com.br\\\/home\\\/\",\"name\":\"Observat\\u00f3rio Leopoldina\",\"description\":\"Espa\\u00e7o virtual colaborativo focado no desenvolvimento socioecon\\u00f4mico sustent\\u00e1vel de um Distrito em plena transforma\\u00e7\\u00e3o: a Vila Leopoldina.\",\"inLanguage\":\"pt-BR\",\"publisher\":{\"@id\":\"https:\\\/\\\/observatorioleopoldina.com.br\\\/home\\\/#organization\"}}]}\n\t\t<\/script>\n\t\t<!-- All in One SEO -->\n\n","aioseo_head_json":{"title":"Zona Azul, buracos, prefeito: entre palavras e realidade - Observat\u00f3rio Leopoldina","description":"Num verdadeiro cen\u00e1rio no formato \"cara a cara\", proposto pela assessoria do prefeito Ricardo Nunes, o Observat\u00f3rio Leopoldina participou da entrevista coletiva que antecedeu sua visita \u00e0 regi\u00e3o da Subprefeitura Lapa.Frente a frente com Nunes, numa mesa de padaria em Perdizes,perguntamos sobre a cria\u00e7\u00e3o de vagas de Zona Azul na Leopoldina, sem escutar a popula\u00e7\u00e3o","canonical_url":"https:\/\/observatorioleopoldina.com.br\/home\/zona-azul-buracos-prefeito-entre-palavras-e-realidade\/","robots":"max-image-preview:large","keywords":"","webmasterTools":{"miscellaneous":""},"schema":{"@context":"https:\/\/schema.org","@graph":[{"@type":"BlogPosting","@id":"https:\/\/observatorioleopoldina.com.br\/home\/zona-azul-buracos-prefeito-entre-palavras-e-realidade\/#blogposting","name":"Zona Azul, buracos, prefeito: entre palavras e realidade - Observat\u00f3rio Leopoldina","headline":"Zona Azul, buracos, prefeito: entre palavras e realidade","author":{"@id":"https:\/\/observatorioleopoldina.com.br\/home\/author\/tom\/#author"},"publisher":{"@id":"https:\/\/observatorioleopoldina.com.br\/home\/#organization"},"image":{"@type":"ImageObject","url":"https:\/\/observatorioleopoldina.com.br\/home\/wp-content\/uploads\/2024\/02\/buraco.jpg","width":1075,"height":1600},"datePublished":"2024-02-27T14:47:18-03:00","dateModified":"2024-02-28T20:02:46-03:00","inLanguage":"pt-BR","mainEntityOfPage":{"@id":"https:\/\/observatorioleopoldina.com.br\/home\/zona-azul-buracos-prefeito-entre-palavras-e-realidade\/#webpage"},"isPartOf":{"@id":"https:\/\/observatorioleopoldina.com.br\/home\/zona-azul-buracos-prefeito-entre-palavras-e-realidade\/#webpage"},"articleSection":"No Bairro"},{"@type":"BreadcrumbList","@id":"https:\/\/observatorioleopoldina.com.br\/home\/zona-azul-buracos-prefeito-entre-palavras-e-realidade\/#breadcrumblist","itemListElement":[{"@type":"ListItem","@id":"https:\/\/observatorioleopoldina.com.br\/home#listItem","position":1,"name":"In\u00edcio","item":"https:\/\/observatorioleopoldina.com.br\/home","nextItem":{"@type":"ListItem","@id":"https:\/\/observatorioleopoldina.com.br\/home\/category\/no-bairro\/#listItem","name":"No Bairro"}},{"@type":"ListItem","@id":"https:\/\/observatorioleopoldina.com.br\/home\/category\/no-bairro\/#listItem","position":2,"name":"No Bairro","item":"https:\/\/observatorioleopoldina.com.br\/home\/category\/no-bairro\/","nextItem":{"@type":"ListItem","@id":"https:\/\/observatorioleopoldina.com.br\/home\/zona-azul-buracos-prefeito-entre-palavras-e-realidade\/#listItem","name":"Zona Azul, buracos, prefeito: entre palavras e realidade"},"previousItem":{"@type":"ListItem","@id":"https:\/\/observatorioleopoldina.com.br\/home#listItem","name":"In\u00edcio"}},{"@type":"ListItem","@id":"https:\/\/observatorioleopoldina.com.br\/home\/zona-azul-buracos-prefeito-entre-palavras-e-realidade\/#listItem","position":3,"name":"Zona Azul, buracos, prefeito: entre palavras e realidade","previousItem":{"@type":"ListItem","@id":"https:\/\/observatorioleopoldina.com.br\/home\/category\/no-bairro\/#listItem","name":"No Bairro"}}]},{"@type":"Organization","@id":"https:\/\/observatorioleopoldina.com.br\/home\/#organization","name":"Observat\u00f3rio Leopoldina","description":"Espa\u00e7o virtual colaborativo focado no desenvolvimento socioecon\u00f4mico sustent\u00e1vel de um Distrito em plena transforma\u00e7\u00e3o: a Vila Leopoldina.","url":"https:\/\/observatorioleopoldina.com.br\/home\/","logo":{"@type":"ImageObject","url":"https:\/\/observatorioleopoldina.com.br\/home\/wp-content\/uploads\/2024\/02\/2022-06-08-removebg-preview.png","@id":"https:\/\/observatorioleopoldina.com.br\/home\/zona-azul-buracos-prefeito-entre-palavras-e-realidade\/#organizationLogo","width":680,"height":247},"image":{"@id":"https:\/\/observatorioleopoldina.com.br\/home\/zona-azul-buracos-prefeito-entre-palavras-e-realidade\/#organizationLogo"}},{"@type":"Person","@id":"https:\/\/observatorioleopoldina.com.br\/home\/author\/tom\/#author","url":"https:\/\/observatorioleopoldina.com.br\/home\/author\/tom\/","name":"Tom Marques"},{"@type":"WebPage","@id":"https:\/\/observatorioleopoldina.com.br\/home\/zona-azul-buracos-prefeito-entre-palavras-e-realidade\/#webpage","url":"https:\/\/observatorioleopoldina.com.br\/home\/zona-azul-buracos-prefeito-entre-palavras-e-realidade\/","name":"Zona Azul, buracos, prefeito: entre palavras e realidade - Observat\u00f3rio Leopoldina","description":"Num verdadeiro cen\u00e1rio no formato \"cara a cara\", proposto pela assessoria do prefeito Ricardo Nunes, o Observat\u00f3rio Leopoldina participou da entrevista coletiva que antecedeu sua visita \u00e0 regi\u00e3o da Subprefeitura Lapa.Frente a frente com Nunes, numa mesa de padaria em Perdizes,perguntamos sobre a cria\u00e7\u00e3o de vagas de Zona Azul na Leopoldina, sem escutar a popula\u00e7\u00e3o","inLanguage":"pt-BR","isPartOf":{"@id":"https:\/\/observatorioleopoldina.com.br\/home\/#website"},"breadcrumb":{"@id":"https:\/\/observatorioleopoldina.com.br\/home\/zona-azul-buracos-prefeito-entre-palavras-e-realidade\/#breadcrumblist"},"author":{"@id":"https:\/\/observatorioleopoldina.com.br\/home\/author\/tom\/#author"},"creator":{"@id":"https:\/\/observatorioleopoldina.com.br\/home\/author\/tom\/#author"},"image":{"@type":"ImageObject","url":"https:\/\/observatorioleopoldina.com.br\/home\/wp-content\/uploads\/2024\/02\/buraco.jpg","@id":"https:\/\/observatorioleopoldina.com.br\/home\/zona-azul-buracos-prefeito-entre-palavras-e-realidade\/#mainImage","width":1075,"height":1600},"primaryImageOfPage":{"@id":"https:\/\/observatorioleopoldina.com.br\/home\/zona-azul-buracos-prefeito-entre-palavras-e-realidade\/#mainImage"},"datePublished":"2024-02-27T14:47:18-03:00","dateModified":"2024-02-28T20:02:46-03:00"},{"@type":"WebSite","@id":"https:\/\/observatorioleopoldina.com.br\/home\/#website","url":"https:\/\/observatorioleopoldina.com.br\/home\/","name":"Observat\u00f3rio Leopoldina","description":"Espa\u00e7o virtual colaborativo focado no desenvolvimento socioecon\u00f4mico sustent\u00e1vel de um Distrito em plena transforma\u00e7\u00e3o: a Vila Leopoldina.","inLanguage":"pt-BR","publisher":{"@id":"https:\/\/observatorioleopoldina.com.br\/home\/#organization"}}]},"og:locale":"pt_BR","og:site_name":"Observat\u00f3rio Leopoldina - Espa\u00e7o virtual colaborativo focado no desenvolvimento socioecon\u00f4mico sustent\u00e1vel de um Distrito em plena transforma\u00e7\u00e3o: a Vila Leopoldina.","og:type":"article","og:title":"Zona Azul, buracos, prefeito: entre palavras e realidade - Observat\u00f3rio Leopoldina","og:description":"Num verdadeiro cen\u00e1rio no formato &quot;cara a cara&quot;, proposto pela assessoria do prefeito Ricardo Nunes, o Observat\u00f3rio Leopoldina participou da entrevista coletiva que antecedeu sua visita \u00e0 regi\u00e3o da Subprefeitura Lapa.Frente a frente com Nunes, numa mesa de padaria em Perdizes,perguntamos sobre a cria\u00e7\u00e3o de vagas de Zona Azul na Leopoldina, sem escutar a popula\u00e7\u00e3o","og:url":"https:\/\/observatorioleopoldina.com.br\/home\/zona-azul-buracos-prefeito-entre-palavras-e-realidade\/","og:image":"https:\/\/observatorioleopoldina.com.br\/home\/wp-content\/uploads\/2024\/02\/buraco.jpg","og:image:secure_url":"https:\/\/observatorioleopoldina.com.br\/home\/wp-content\/uploads\/2024\/02\/buraco.jpg","og:image:width":1075,"og:image:height":1600,"article:published_time":"2024-02-27T17:47:18+00:00","article:modified_time":"2024-02-28T23:02:46+00:00","twitter:card":"summary_large_image","twitter:title":"Zona Azul, buracos, prefeito: entre palavras e realidade - Observat\u00f3rio Leopoldina","twitter:description":"Num verdadeiro cen\u00e1rio no formato &quot;cara a cara&quot;, proposto pela assessoria do prefeito Ricardo Nunes, o Observat\u00f3rio Leopoldina participou da entrevista coletiva que antecedeu sua visita \u00e0 regi\u00e3o da Subprefeitura Lapa.Frente a frente com Nunes, numa mesa de padaria em Perdizes,perguntamos sobre a cria\u00e7\u00e3o de vagas de Zona Azul na Leopoldina, sem escutar a popula\u00e7\u00e3o","twitter:image":"https:\/\/observatorioleopoldina.com.br\/home\/wp-content\/uploads\/2024\/02\/buraco.jpg"},"aioseo_meta_data":{"post_id":"855","title":null,"description":null,"keywords":null,"keyphrases":null,"primary_term":null,"canonical_url":null,"og_title":null,"og_description":null,"og_object_type":"default","og_image_type":"default","og_image_url":null,"og_image_width":null,"og_image_height":null,"og_image_custom_url":null,"og_image_custom_fields":null,"og_video":null,"og_custom_url":null,"og_article_section":null,"og_article_tags":null,"twitter_use_og":false,"twitter_card":"default","twitter_image_type":"default","twitter_image_url":null,"twitter_image_custom_url":null,"twitter_image_custom_fields":null,"twitter_title":null,"twitter_description":null,"schema":{"blockGraphs":[],"customGraphs":[],"default":{"data":{"Article":[],"Course":[],"Dataset":[],"FAQPage":[],"Movie":[],"Person":[],"Product":[],"ProductReview":[],"Car":[],"Recipe":[],"Service":[],"SoftwareApplication":[],"WebPage":[]},"graphName":"","isEnabled":true},"graphs":[]},"schema_type":"default","schema_type_options":null,"pillar_content":false,"robots_default":true,"robots_noindex":false,"robots_noarchive":false,"robots_nosnippet":false,"robots_nofollow":false,"robots_noimageindex":false,"robots_noodp":false,"robots_notranslate":false,"robots_max_snippet":null,"robots_max_videopreview":null,"robots_max_imagepreview":"large","priority":null,"frequency":null,"local_seo":null,"breadcrumb_settings":null,"limit_modified_date":false,"ai":null,"created":"2024-04-26 20:44:12","updated":"2025-06-04 03:31:42","seo_analyzer_scan_date":null,"focus_keyword":null,"additional_keywords":null,"truseo_locale":null},"aioseo_breadcrumb":"<div class=\"aioseo-breadcrumbs\"><span class=\"aioseo-breadcrumb\">\n\t\t\t<a href=\"https:\/\/observatorioleopoldina.com.br\/home\" title=\"In\u00edcio\">In\u00edcio<\/a>\n\t\t<\/span><span class=\"aioseo-breadcrumb-separator\">\u00bb<\/span><span class=\"aioseo-breadcrumb\">\n\t\t\t<a href=\"https:\/\/observatorioleopoldina.com.br\/home\/category\/no-bairro\/\" title=\"No Bairro\">No Bairro<\/a>\n\t\t<\/span><span class=\"aioseo-breadcrumb-separator\">\u00bb<\/span><span class=\"aioseo-breadcrumb\">\n\t\t\tZona Azul, buracos, prefeito: entre palavras e realidade\n\t\t<\/span><\/div>","aioseo_breadcrumb_json":[{"label":"In\u00edcio","link":"https:\/\/observatorioleopoldina.com.br\/home"},{"label":"No Bairro","link":"https:\/\/observatorioleopoldina.com.br\/home\/category\/no-bairro\/"},{"label":"Zona Azul, buracos, prefeito: entre palavras e realidade","link":"https:\/\/observatorioleopoldina.com.br\/home\/zona-azul-buracos-prefeito-entre-palavras-e-realidade\/"}],"_links":{"self":[{"href":"https:\/\/observatorioleopoldina.com.br\/home\/wp-json\/wp\/v2\/posts\/855","targetHints":{"allow":["GET"]}}],"collection":[{"href":"https:\/\/observatorioleopoldina.com.br\/home\/wp-json\/wp\/v2\/posts"}],"about":[{"href":"https:\/\/observatorioleopoldina.com.br\/home\/wp-json\/wp\/v2\/types\/post"}],"author":[{"embeddable":true,"href":"https:\/\/observatorioleopoldina.com.br\/home\/wp-json\/wp\/v2\/users\/2"}],"replies":[{"embeddable":true,"href":"https:\/\/observatorioleopoldina.com.br\/home\/wp-json\/wp\/v2\/comments?post=855"}],"version-history":[{"count":1,"href":"https:\/\/observatorioleopoldina.com.br\/home\/wp-json\/wp\/v2\/posts\/855\/revisions"}],"predecessor-version":[{"id":857,"href":"https:\/\/observatorioleopoldina.com.br\/home\/wp-json\/wp\/v2\/posts\/855\/revisions\/857"}],"wp:featuredmedia":[{"embeddable":true,"href":"https:\/\/observatorioleopoldina.com.br\/home\/wp-json\/wp\/v2\/media\/856"}],"wp:attachment":[{"href":"https:\/\/observatorioleopoldina.com.br\/home\/wp-json\/wp\/v2\/media?parent=855"}],"wp:term":[{"taxonomy":"category","embeddable":true,"href":"https:\/\/observatorioleopoldina.com.br\/home\/wp-json\/wp\/v2\/categories?post=855"},{"taxonomy":"post_tag","embeddable":true,"href":"https:\/\/observatorioleopoldina.com.br\/home\/wp-json\/wp\/v2\/tags?post=855"}],"curies":[{"name":"wp","href":"https:\/\/api.w.org\/{rel}","templated":true}]}}