{"id":3893,"date":"2025-09-27T12:24:09","date_gmt":"2025-09-27T15:24:09","guid":{"rendered":"https:\/\/observatorioleopoldina.com.br\/home\/?p=3893"},"modified":"2025-09-27T12:24:10","modified_gmt":"2025-09-27T15:24:10","slug":"menos-uma-arvore","status":"publish","type":"post","link":"https:\/\/observatorioleopoldina.com.br\/home\/menos-uma-arvore\/","title":{"rendered":"Menos uma \u00e1rvore."},"content":{"rendered":"\n<p class=\"wp-block-paragraph\">Foi queimada pela falta de amor pelas \u00e1rvores na cidade de S\u00e3o Paulo.<\/p>\n\n\n\n<p class=\"wp-block-paragraph\">N\u00e3o \u00e9 todo mundo que odeia \u00e1rvores, mas o que temos visto, para al\u00e9m das tempestades \u00e9 um ataque intencional a elas.<\/p>\n\n\n\n<p class=\"wp-block-paragraph\">Os que as amam, s\u00e3o os guardi\u00f5es n\u00e3o s\u00f3 das \u00e1rvores mas, das pessoas que circulam em seus espa\u00e7os. Aqui na\u00a0<a href=\"https:\/\/www.instagram.com\/pracacondematarazzo\/\">@pracacondematarazzo<\/a>\u00a0a conselheira do CADES Lapa alertou a\u00a0<a href=\"https:\/\/www.instagram.com\/sublapa\/\">@sublapa<\/a>\u00a0 que estava sobrecarregada com os efeitos do temporal. Foram dois dia de sofrimento vendo a \u00e1rvore queimar e ainda aumentando o risco de atingir as pessoas e destruir os brinquedos.<\/p>\n\n\n\n<p class=\"wp-block-paragraph\">Foi uma afli\u00e7\u00e3o sem fim at\u00e9 que no dia seguinte o fogo foi apagado de vez. Mas a tristeza n\u00e3o.<\/p>\n\n\n\n<figure class=\"wp-block-gallery has-nested-images columns-default is-cropped wp-block-gallery-1 is-layout-flex wp-block-gallery-is-layout-flex\">\n<figure class=\"wp-block-image size-large\"><img decoding=\"async\" width=\"247\" height=\"414\" data-id=\"3894\" data-src=\"https:\/\/observatorioleopoldina.com.br\/home\/wp-content\/uploads\/2025\/09\/Captura-de-Tela-2025-09-27-as-12.20.01.png\" alt=\"\" class=\"wp-image-3894 lazyload\" data-srcset=\"https:\/\/observatorioleopoldina.com.br\/home\/wp-content\/uploads\/2025\/09\/Captura-de-Tela-2025-09-27-as-12.20.01.png 247w, https:\/\/observatorioleopoldina.com.br\/home\/wp-content\/uploads\/2025\/09\/Captura-de-Tela-2025-09-27-as-12.20.01-179x300.png 179w\" data-sizes=\"(max-width: 247px) 100vw, 247px\" src=\"data:image\/gif;base64,R0lGODlhAQABAAAAACH5BAEKAAEALAAAAAABAAEAAAICTAEAOw==\" style=\"--smush-placeholder-width: 247px; --smush-placeholder-aspect-ratio: 247\/414;\" \/><\/figure>\n\n\n\n<figure class=\"wp-block-image size-large\"><img decoding=\"async\" width=\"320\" height=\"426\" data-id=\"3895\" data-src=\"https:\/\/observatorioleopoldina.com.br\/home\/wp-content\/uploads\/2025\/09\/Captura-de-Tela-2025-09-27-as-12.20.43.png\" alt=\"\" class=\"wp-image-3895 lazyload\" data-srcset=\"https:\/\/observatorioleopoldina.com.br\/home\/wp-content\/uploads\/2025\/09\/Captura-de-Tela-2025-09-27-as-12.20.43.png 320w, https:\/\/observatorioleopoldina.com.br\/home\/wp-content\/uploads\/2025\/09\/Captura-de-Tela-2025-09-27-as-12.20.43-225x300.png 225w\" data-sizes=\"(max-width: 320px) 100vw, 320px\" src=\"data:image\/gif;base64,R0lGODlhAQABAAAAACH5BAEKAAEALAAAAAABAAEAAAICTAEAOw==\" style=\"--smush-placeholder-width: 320px; --smush-placeholder-aspect-ratio: 320\/426;\" \/><\/figure>\n\n\n\n<figure class=\"wp-block-image size-large\"><img decoding=\"async\" width=\"323\" height=\"412\" data-id=\"3896\" data-src=\"https:\/\/observatorioleopoldina.com.br\/home\/wp-content\/uploads\/2025\/09\/Captura-de-Tela-2025-09-27-as-12.20.56.png\" alt=\"\" class=\"wp-image-3896 lazyload\" data-srcset=\"https:\/\/observatorioleopoldina.com.br\/home\/wp-content\/uploads\/2025\/09\/Captura-de-Tela-2025-09-27-as-12.20.56.png 323w, https:\/\/observatorioleopoldina.com.br\/home\/wp-content\/uploads\/2025\/09\/Captura-de-Tela-2025-09-27-as-12.20.56-235x300.png 235w\" data-sizes=\"(max-width: 323px) 100vw, 323px\" src=\"data:image\/gif;base64,R0lGODlhAQABAAAAACH5BAEKAAEALAAAAAABAAEAAAICTAEAOw==\" style=\"--smush-placeholder-width: 323px; --smush-placeholder-aspect-ratio: 323\/412;\" \/><\/figure>\n<\/figure>\n","protected":false},"excerpt":{"rendered":"<p>Foi queimada pela falta de amor pelas \u00e1rvores na cidade de S\u00e3o Paulo. N\u00e3o \u00e9<\/p>\n","protected":false},"author":4,"featured_media":3894,"comment_status":"closed","ping_status":"closed","sticky":false,"template":"","format":"standard","meta":{"footnotes":""},"categories":[226],"tags":[500,412,337],"class_list":["post-3893","post","type-post","status-publish","format-standard","has-post-thumbnail","hentry","category-arredores","tag-arborizacao-urbana","tag-arvores","tag-meio-ambiente"],"aioseo_notices":[],"aioseo_head":"\n\t\t<!-- All in One SEO 5.0.1.1 - aioseo.com -->\n\t<meta name=\"description\" content=\"Foi queimada pela falta de amor pelas \u00e1rvores na cidade de S\u00e3o Paulo. N\u00e3o \u00e9 todo mundo que odeia \u00e1rvores, mas o que temos visto, para al\u00e9m das tempestades \u00e9 um ataque intencional a elas. Os que as amam, s\u00e3o os guardi\u00f5es n\u00e3o s\u00f3 das \u00e1rvores mas, das pessoas que circulam em seus espa\u00e7os. Aqui\" \/>\n\t<meta name=\"robots\" content=\"max-image-preview:large\" \/>\n\t<meta name=\"author\" content=\"Alexandra Swerts\"\/>\n\t<link rel=\"canonical\" href=\"https:\/\/observatorioleopoldina.com.br\/home\/menos-uma-arvore\/\" \/>\n\t<meta name=\"generator\" content=\"All in One SEO (AIOSEO) 5.0.1.1\" \/>\n\t\t<meta property=\"og:locale\" content=\"pt_BR\" \/>\n\t\t<meta property=\"og:site_name\" content=\"Observat\u00f3rio Leopoldina - Espa\u00e7o virtual colaborativo focado no desenvolvimento socioecon\u00f4mico sustent\u00e1vel de um Distrito em plena transforma\u00e7\u00e3o: a Vila Leopoldina.\" \/>\n\t\t<meta property=\"og:type\" content=\"article\" \/>\n\t\t<meta property=\"og:title\" content=\"Menos uma \u00e1rvore. - Observat\u00f3rio Leopoldina\" \/>\n\t\t<meta property=\"og:description\" content=\"Foi queimada pela falta de amor pelas \u00e1rvores na cidade de S\u00e3o Paulo. N\u00e3o \u00e9 todo mundo que odeia \u00e1rvores, mas o que temos visto, para al\u00e9m das tempestades \u00e9 um ataque intencional a elas. Os que as amam, s\u00e3o os guardi\u00f5es n\u00e3o s\u00f3 das \u00e1rvores mas, das pessoas que circulam em seus espa\u00e7os. Aqui\" \/>\n\t\t<meta property=\"og:url\" content=\"https:\/\/observatorioleopoldina.com.br\/home\/menos-uma-arvore\/\" \/>\n\t\t<meta property=\"og:image\" content=\"https:\/\/observatorioleopoldina.com.br\/home\/wp-content\/uploads\/2025\/09\/Captura-de-Tela-2025-09-27-as-12.20.01.png\" \/>\n\t\t<meta property=\"og:image:secure_url\" content=\"https:\/\/observatorioleopoldina.com.br\/home\/wp-content\/uploads\/2025\/09\/Captura-de-Tela-2025-09-27-as-12.20.01.png\" \/>\n\t\t<meta property=\"og:image:width\" content=\"247\" \/>\n\t\t<meta property=\"og:image:height\" content=\"414\" \/>\n\t\t<meta property=\"article:published_time\" content=\"2025-09-27T15:24:09+00:00\" \/>\n\t\t<meta property=\"article:modified_time\" content=\"2025-09-27T15:24:10+00:00\" \/>\n\t\t<meta name=\"twitter:card\" content=\"summary_large_image\" \/>\n\t\t<meta name=\"twitter:title\" content=\"Menos uma \u00e1rvore. - Observat\u00f3rio Leopoldina\" \/>\n\t\t<meta name=\"twitter:description\" content=\"Foi queimada pela falta de amor pelas \u00e1rvores na cidade de S\u00e3o Paulo. N\u00e3o \u00e9 todo mundo que odeia \u00e1rvores, mas o que temos visto, para al\u00e9m das tempestades \u00e9 um ataque intencional a elas. Os que as amam, s\u00e3o os guardi\u00f5es n\u00e3o s\u00f3 das \u00e1rvores mas, das pessoas que circulam em seus espa\u00e7os. Aqui\" \/>\n\t\t<meta name=\"twitter:image\" content=\"https:\/\/observatorioleopoldina.com.br\/home\/wp-content\/uploads\/2025\/09\/Captura-de-Tela-2025-09-27-as-12.20.01.png\" \/>\n\t\t<script type=\"application\/ld+json\" class=\"aioseo-schema\">\n\t\t\t{\"@context\":\"https:\\\/\\\/schema.org\",\"@graph\":[{\"@type\":\"BlogPosting\",\"@id\":\"https:\\\/\\\/observatorioleopoldina.com.br\\\/home\\\/menos-uma-arvore\\\/#blogposting\",\"name\":\"Menos uma \\u00e1rvore. - Observat\\u00f3rio Leopoldina\",\"headline\":\"Menos uma \\u00e1rvore.\",\"author\":{\"@id\":\"https:\\\/\\\/observatorioleopoldina.com.br\\\/home\\\/author\\\/ale\\\/#author\"},\"publisher\":{\"@id\":\"https:\\\/\\\/observatorioleopoldina.com.br\\\/home\\\/#organization\"},\"image\":{\"@type\":\"ImageObject\",\"url\":\"https:\\\/\\\/observatorioleopoldina.com.br\\\/home\\\/wp-content\\\/uploads\\\/2025\\\/09\\\/Captura-de-Tela-2025-09-27-as-12.20.01.png\",\"width\":247,\"height\":414},\"datePublished\":\"2025-09-27T12:24:09-03:00\",\"dateModified\":\"2025-09-27T12:24:10-03:00\",\"inLanguage\":\"pt-BR\",\"mainEntityOfPage\":{\"@id\":\"https:\\\/\\\/observatorioleopoldina.com.br\\\/home\\\/menos-uma-arvore\\\/#webpage\"},\"isPartOf\":{\"@id\":\"https:\\\/\\\/observatorioleopoldina.com.br\\\/home\\\/menos-uma-arvore\\\/#webpage\"},\"articleSection\":\"Arredores, arboriza\\u00e7\\u00e3o urbana, arvores, Meio Ambiente\"},{\"@type\":\"BreadcrumbList\",\"@id\":\"https:\\\/\\\/observatorioleopoldina.com.br\\\/home\\\/menos-uma-arvore\\\/#breadcrumblist\",\"itemListElement\":[{\"@type\":\"ListItem\",\"@id\":\"https:\\\/\\\/observatorioleopoldina.com.br\\\/home#listItem\",\"position\":1,\"name\":\"In\\u00edcio\",\"item\":\"https:\\\/\\\/observatorioleopoldina.com.br\\\/home\",\"nextItem\":{\"@type\":\"ListItem\",\"@id\":\"https:\\\/\\\/observatorioleopoldina.com.br\\\/home\\\/category\\\/arredores\\\/#listItem\",\"name\":\"Arredores\"}},{\"@type\":\"ListItem\",\"@id\":\"https:\\\/\\\/observatorioleopoldina.com.br\\\/home\\\/category\\\/arredores\\\/#listItem\",\"position\":2,\"name\":\"Arredores\",\"item\":\"https:\\\/\\\/observatorioleopoldina.com.br\\\/home\\\/category\\\/arredores\\\/\",\"nextItem\":{\"@type\":\"ListItem\",\"@id\":\"https:\\\/\\\/observatorioleopoldina.com.br\\\/home\\\/menos-uma-arvore\\\/#listItem\",\"name\":\"Menos uma \\u00e1rvore.\"},\"previousItem\":{\"@type\":\"ListItem\",\"@id\":\"https:\\\/\\\/observatorioleopoldina.com.br\\\/home#listItem\",\"name\":\"In\\u00edcio\"}},{\"@type\":\"ListItem\",\"@id\":\"https:\\\/\\\/observatorioleopoldina.com.br\\\/home\\\/menos-uma-arvore\\\/#listItem\",\"position\":3,\"name\":\"Menos uma \\u00e1rvore.\",\"previousItem\":{\"@type\":\"ListItem\",\"@id\":\"https:\\\/\\\/observatorioleopoldina.com.br\\\/home\\\/category\\\/arredores\\\/#listItem\",\"name\":\"Arredores\"}}]},{\"@type\":\"Organization\",\"@id\":\"https:\\\/\\\/observatorioleopoldina.com.br\\\/home\\\/#organization\",\"name\":\"Observat\\u00f3rio Leopoldina\",\"description\":\"Espa\\u00e7o virtual colaborativo focado no desenvolvimento socioecon\\u00f4mico sustent\\u00e1vel de um Distrito em plena transforma\\u00e7\\u00e3o: a Vila Leopoldina.\",\"url\":\"https:\\\/\\\/observatorioleopoldina.com.br\\\/home\\\/\",\"logo\":{\"@type\":\"ImageObject\",\"url\":\"https:\\\/\\\/observatorioleopoldina.com.br\\\/home\\\/wp-content\\\/uploads\\\/2024\\\/02\\\/2022-06-08-removebg-preview.png\",\"@id\":\"https:\\\/\\\/observatorioleopoldina.com.br\\\/home\\\/menos-uma-arvore\\\/#organizationLogo\",\"width\":680,\"height\":247},\"image\":{\"@id\":\"https:\\\/\\\/observatorioleopoldina.com.br\\\/home\\\/menos-uma-arvore\\\/#organizationLogo\"}},{\"@type\":\"Person\",\"@id\":\"https:\\\/\\\/observatorioleopoldina.com.br\\\/home\\\/author\\\/ale\\\/#author\",\"url\":\"https:\\\/\\\/observatorioleopoldina.com.br\\\/home\\\/author\\\/ale\\\/\",\"name\":\"Alexandra Swerts\"},{\"@type\":\"WebPage\",\"@id\":\"https:\\\/\\\/observatorioleopoldina.com.br\\\/home\\\/menos-uma-arvore\\\/#webpage\",\"url\":\"https:\\\/\\\/observatorioleopoldina.com.br\\\/home\\\/menos-uma-arvore\\\/\",\"name\":\"Menos uma \\u00e1rvore. - Observat\\u00f3rio Leopoldina\",\"description\":\"Foi queimada pela falta de amor pelas \\u00e1rvores na cidade de S\\u00e3o Paulo. N\\u00e3o \\u00e9 todo mundo que odeia \\u00e1rvores, mas o que temos visto, para al\\u00e9m das tempestades \\u00e9 um ataque intencional a elas. Os que as amam, s\\u00e3o os guardi\\u00f5es n\\u00e3o s\\u00f3 das \\u00e1rvores mas, das pessoas que circulam em seus espa\\u00e7os. Aqui\",\"inLanguage\":\"pt-BR\",\"isPartOf\":{\"@id\":\"https:\\\/\\\/observatorioleopoldina.com.br\\\/home\\\/#website\"},\"breadcrumb\":{\"@id\":\"https:\\\/\\\/observatorioleopoldina.com.br\\\/home\\\/menos-uma-arvore\\\/#breadcrumblist\"},\"author\":{\"@id\":\"https:\\\/\\\/observatorioleopoldina.com.br\\\/home\\\/author\\\/ale\\\/#author\"},\"creator\":{\"@id\":\"https:\\\/\\\/observatorioleopoldina.com.br\\\/home\\\/author\\\/ale\\\/#author\"},\"image\":{\"@type\":\"ImageObject\",\"url\":\"https:\\\/\\\/observatorioleopoldina.com.br\\\/home\\\/wp-content\\\/uploads\\\/2025\\\/09\\\/Captura-de-Tela-2025-09-27-as-12.20.01.png\",\"@id\":\"https:\\\/\\\/observatorioleopoldina.com.br\\\/home\\\/menos-uma-arvore\\\/#mainImage\",\"width\":247,\"height\":414},\"primaryImageOfPage\":{\"@id\":\"https:\\\/\\\/observatorioleopoldina.com.br\\\/home\\\/menos-uma-arvore\\\/#mainImage\"},\"datePublished\":\"2025-09-27T12:24:09-03:00\",\"dateModified\":\"2025-09-27T12:24:10-03:00\"},{\"@type\":\"WebSite\",\"@id\":\"https:\\\/\\\/observatorioleopoldina.com.br\\\/home\\\/#website\",\"url\":\"https:\\\/\\\/observatorioleopoldina.com.br\\\/home\\\/\",\"name\":\"Observat\\u00f3rio Leopoldina\",\"description\":\"Espa\\u00e7o virtual colaborativo focado no desenvolvimento socioecon\\u00f4mico sustent\\u00e1vel de um Distrito em plena transforma\\u00e7\\u00e3o: a Vila Leopoldina.\",\"inLanguage\":\"pt-BR\",\"publisher\":{\"@id\":\"https:\\\/\\\/observatorioleopoldina.com.br\\\/home\\\/#organization\"}}]}\n\t\t<\/script>\n\t\t<!-- All in One SEO -->\n\n","aioseo_head_json":{"title":"Menos uma \u00e1rvore. - Observat\u00f3rio Leopoldina","description":"Foi queimada pela falta de amor pelas \u00e1rvores na cidade de S\u00e3o Paulo. N\u00e3o \u00e9 todo mundo que odeia \u00e1rvores, mas o que temos visto, para al\u00e9m das tempestades \u00e9 um ataque intencional a elas. Os que as amam, s\u00e3o os guardi\u00f5es n\u00e3o s\u00f3 das \u00e1rvores mas, das pessoas que circulam em seus espa\u00e7os. Aqui","canonical_url":"https:\/\/observatorioleopoldina.com.br\/home\/menos-uma-arvore\/","robots":"max-image-preview:large","keywords":"","webmasterTools":{"miscellaneous":""},"schema":{"@context":"https:\/\/schema.org","@graph":[{"@type":"BlogPosting","@id":"https:\/\/observatorioleopoldina.com.br\/home\/menos-uma-arvore\/#blogposting","name":"Menos uma \u00e1rvore. - Observat\u00f3rio Leopoldina","headline":"Menos uma \u00e1rvore.","author":{"@id":"https:\/\/observatorioleopoldina.com.br\/home\/author\/ale\/#author"},"publisher":{"@id":"https:\/\/observatorioleopoldina.com.br\/home\/#organization"},"image":{"@type":"ImageObject","url":"https:\/\/observatorioleopoldina.com.br\/home\/wp-content\/uploads\/2025\/09\/Captura-de-Tela-2025-09-27-as-12.20.01.png","width":247,"height":414},"datePublished":"2025-09-27T12:24:09-03:00","dateModified":"2025-09-27T12:24:10-03:00","inLanguage":"pt-BR","mainEntityOfPage":{"@id":"https:\/\/observatorioleopoldina.com.br\/home\/menos-uma-arvore\/#webpage"},"isPartOf":{"@id":"https:\/\/observatorioleopoldina.com.br\/home\/menos-uma-arvore\/#webpage"},"articleSection":"Arredores, arboriza\u00e7\u00e3o urbana, arvores, Meio Ambiente"},{"@type":"BreadcrumbList","@id":"https:\/\/observatorioleopoldina.com.br\/home\/menos-uma-arvore\/#breadcrumblist","itemListElement":[{"@type":"ListItem","@id":"https:\/\/observatorioleopoldina.com.br\/home#listItem","position":1,"name":"In\u00edcio","item":"https:\/\/observatorioleopoldina.com.br\/home","nextItem":{"@type":"ListItem","@id":"https:\/\/observatorioleopoldina.com.br\/home\/category\/arredores\/#listItem","name":"Arredores"}},{"@type":"ListItem","@id":"https:\/\/observatorioleopoldina.com.br\/home\/category\/arredores\/#listItem","position":2,"name":"Arredores","item":"https:\/\/observatorioleopoldina.com.br\/home\/category\/arredores\/","nextItem":{"@type":"ListItem","@id":"https:\/\/observatorioleopoldina.com.br\/home\/menos-uma-arvore\/#listItem","name":"Menos uma \u00e1rvore."},"previousItem":{"@type":"ListItem","@id":"https:\/\/observatorioleopoldina.com.br\/home#listItem","name":"In\u00edcio"}},{"@type":"ListItem","@id":"https:\/\/observatorioleopoldina.com.br\/home\/menos-uma-arvore\/#listItem","position":3,"name":"Menos uma \u00e1rvore.","previousItem":{"@type":"ListItem","@id":"https:\/\/observatorioleopoldina.com.br\/home\/category\/arredores\/#listItem","name":"Arredores"}}]},{"@type":"Organization","@id":"https:\/\/observatorioleopoldina.com.br\/home\/#organization","name":"Observat\u00f3rio Leopoldina","description":"Espa\u00e7o virtual colaborativo focado no desenvolvimento socioecon\u00f4mico sustent\u00e1vel de um Distrito em plena transforma\u00e7\u00e3o: a Vila Leopoldina.","url":"https:\/\/observatorioleopoldina.com.br\/home\/","logo":{"@type":"ImageObject","url":"https:\/\/observatorioleopoldina.com.br\/home\/wp-content\/uploads\/2024\/02\/2022-06-08-removebg-preview.png","@id":"https:\/\/observatorioleopoldina.com.br\/home\/menos-uma-arvore\/#organizationLogo","width":680,"height":247},"image":{"@id":"https:\/\/observatorioleopoldina.com.br\/home\/menos-uma-arvore\/#organizationLogo"}},{"@type":"Person","@id":"https:\/\/observatorioleopoldina.com.br\/home\/author\/ale\/#author","url":"https:\/\/observatorioleopoldina.com.br\/home\/author\/ale\/","name":"Alexandra Swerts"},{"@type":"WebPage","@id":"https:\/\/observatorioleopoldina.com.br\/home\/menos-uma-arvore\/#webpage","url":"https:\/\/observatorioleopoldina.com.br\/home\/menos-uma-arvore\/","name":"Menos uma \u00e1rvore. - Observat\u00f3rio Leopoldina","description":"Foi queimada pela falta de amor pelas \u00e1rvores na cidade de S\u00e3o Paulo. N\u00e3o \u00e9 todo mundo que odeia \u00e1rvores, mas o que temos visto, para al\u00e9m das tempestades \u00e9 um ataque intencional a elas. Os que as amam, s\u00e3o os guardi\u00f5es n\u00e3o s\u00f3 das \u00e1rvores mas, das pessoas que circulam em seus espa\u00e7os. Aqui","inLanguage":"pt-BR","isPartOf":{"@id":"https:\/\/observatorioleopoldina.com.br\/home\/#website"},"breadcrumb":{"@id":"https:\/\/observatorioleopoldina.com.br\/home\/menos-uma-arvore\/#breadcrumblist"},"author":{"@id":"https:\/\/observatorioleopoldina.com.br\/home\/author\/ale\/#author"},"creator":{"@id":"https:\/\/observatorioleopoldina.com.br\/home\/author\/ale\/#author"},"image":{"@type":"ImageObject","url":"https:\/\/observatorioleopoldina.com.br\/home\/wp-content\/uploads\/2025\/09\/Captura-de-Tela-2025-09-27-as-12.20.01.png","@id":"https:\/\/observatorioleopoldina.com.br\/home\/menos-uma-arvore\/#mainImage","width":247,"height":414},"primaryImageOfPage":{"@id":"https:\/\/observatorioleopoldina.com.br\/home\/menos-uma-arvore\/#mainImage"},"datePublished":"2025-09-27T12:24:09-03:00","dateModified":"2025-09-27T12:24:10-03:00"},{"@type":"WebSite","@id":"https:\/\/observatorioleopoldina.com.br\/home\/#website","url":"https:\/\/observatorioleopoldina.com.br\/home\/","name":"Observat\u00f3rio Leopoldina","description":"Espa\u00e7o virtual colaborativo focado no desenvolvimento socioecon\u00f4mico sustent\u00e1vel de um Distrito em plena transforma\u00e7\u00e3o: a Vila Leopoldina.","inLanguage":"pt-BR","publisher":{"@id":"https:\/\/observatorioleopoldina.com.br\/home\/#organization"}}]},"og:locale":"pt_BR","og:site_name":"Observat\u00f3rio Leopoldina - Espa\u00e7o virtual colaborativo focado no desenvolvimento socioecon\u00f4mico sustent\u00e1vel de um Distrito em plena transforma\u00e7\u00e3o: a Vila Leopoldina.","og:type":"article","og:title":"Menos uma \u00e1rvore. - Observat\u00f3rio Leopoldina","og:description":"Foi queimada pela falta de amor pelas \u00e1rvores na cidade de S\u00e3o Paulo. N\u00e3o \u00e9 todo mundo que odeia \u00e1rvores, mas o que temos visto, para al\u00e9m das tempestades \u00e9 um ataque intencional a elas. Os que as amam, s\u00e3o os guardi\u00f5es n\u00e3o s\u00f3 das \u00e1rvores mas, das pessoas que circulam em seus espa\u00e7os. Aqui","og:url":"https:\/\/observatorioleopoldina.com.br\/home\/menos-uma-arvore\/","og:image":"https:\/\/observatorioleopoldina.com.br\/home\/wp-content\/uploads\/2025\/09\/Captura-de-Tela-2025-09-27-as-12.20.01.png","og:image:secure_url":"https:\/\/observatorioleopoldina.com.br\/home\/wp-content\/uploads\/2025\/09\/Captura-de-Tela-2025-09-27-as-12.20.01.png","og:image:width":247,"og:image:height":414,"article:published_time":"2025-09-27T15:24:09+00:00","article:modified_time":"2025-09-27T15:24:10+00:00","twitter:card":"summary_large_image","twitter:title":"Menos uma \u00e1rvore. - Observat\u00f3rio Leopoldina","twitter:description":"Foi queimada pela falta de amor pelas \u00e1rvores na cidade de S\u00e3o Paulo. N\u00e3o \u00e9 todo mundo que odeia \u00e1rvores, mas o que temos visto, para al\u00e9m das tempestades \u00e9 um ataque intencional a elas. Os que as amam, s\u00e3o os guardi\u00f5es n\u00e3o s\u00f3 das \u00e1rvores mas, das pessoas que circulam em seus espa\u00e7os. Aqui","twitter:image":"https:\/\/observatorioleopoldina.com.br\/home\/wp-content\/uploads\/2025\/09\/Captura-de-Tela-2025-09-27-as-12.20.01.png"},"aioseo_meta_data":{"post_id":"3893","title":null,"description":null,"keywords":null,"keyphrases":{"focus":{"keyphrase":"","score":0,"analysis":{"keyphraseInTitle":{"score":0,"maxScore":9,"error":1}}},"additional":[]},"primary_term":null,"canonical_url":null,"og_title":null,"og_description":null,"og_object_type":"default","og_image_type":"default","og_image_url":null,"og_image_width":null,"og_image_height":null,"og_image_custom_url":null,"og_image_custom_fields":null,"og_video":"","og_custom_url":null,"og_article_section":null,"og_article_tags":null,"twitter_use_og":false,"twitter_card":"default","twitter_image_type":"default","twitter_image_url":null,"twitter_image_custom_url":null,"twitter_image_custom_fields":null,"twitter_title":null,"twitter_description":null,"schema":{"blockGraphs":[],"customGraphs":[],"default":{"data":{"Article":[],"Course":[],"Dataset":[],"FAQPage":[],"Movie":[],"Person":[],"Product":[],"ProductReview":[],"Car":[],"Recipe":[],"Service":[],"SoftwareApplication":[],"WebPage":[]},"graphName":"BlogPosting","isEnabled":true},"graphs":[]},"schema_type":"default","schema_type_options":null,"pillar_content":false,"robots_default":true,"robots_noindex":false,"robots_noarchive":false,"robots_nosnippet":false,"robots_nofollow":false,"robots_noimageindex":false,"robots_noodp":false,"robots_notranslate":false,"robots_max_snippet":"-1","robots_max_videopreview":"-1","robots_max_imagepreview":"large","priority":null,"frequency":"default","local_seo":null,"breadcrumb_settings":null,"limit_modified_date":false,"ai":{"faqs":[],"keyPoints":[],"titles":[],"descriptions":[],"socialPosts":{"email":[],"linkedin":[],"twitter":[],"facebook":[],"instagram":[]}},"created":"2025-09-27 15:24:10","updated":"2025-09-27 15:28:40","seo_analyzer_scan_date":null,"focus_keyword":null,"additional_keywords":null,"truseo_locale":null},"aioseo_breadcrumb":"<div class=\"aioseo-breadcrumbs\"><span class=\"aioseo-breadcrumb\">\n\t\t\t<a href=\"https:\/\/observatorioleopoldina.com.br\/home\" title=\"In\u00edcio\">In\u00edcio<\/a>\n\t\t<\/span><span class=\"aioseo-breadcrumb-separator\">\u00bb<\/span><span class=\"aioseo-breadcrumb\">\n\t\t\t<a href=\"https:\/\/observatorioleopoldina.com.br\/home\/category\/arredores\/\" title=\"Arredores\">Arredores<\/a>\n\t\t<\/span><span class=\"aioseo-breadcrumb-separator\">\u00bb<\/span><span class=\"aioseo-breadcrumb\">\n\t\t\tMenos uma \u00e1rvore.\n\t\t<\/span><\/div>","aioseo_breadcrumb_json":[{"label":"In\u00edcio","link":"https:\/\/observatorioleopoldina.com.br\/home"},{"label":"Arredores","link":"https:\/\/observatorioleopoldina.com.br\/home\/category\/arredores\/"},{"label":"Menos uma \u00e1rvore.","link":"https:\/\/observatorioleopoldina.com.br\/home\/menos-uma-arvore\/"}],"_links":{"self":[{"href":"https:\/\/observatorioleopoldina.com.br\/home\/wp-json\/wp\/v2\/posts\/3893","targetHints":{"allow":["GET"]}}],"collection":[{"href":"https:\/\/observatorioleopoldina.com.br\/home\/wp-json\/wp\/v2\/posts"}],"about":[{"href":"https:\/\/observatorioleopoldina.com.br\/home\/wp-json\/wp\/v2\/types\/post"}],"author":[{"embeddable":true,"href":"https:\/\/observatorioleopoldina.com.br\/home\/wp-json\/wp\/v2\/users\/4"}],"replies":[{"embeddable":true,"href":"https:\/\/observatorioleopoldina.com.br\/home\/wp-json\/wp\/v2\/comments?post=3893"}],"version-history":[{"count":1,"href":"https:\/\/observatorioleopoldina.com.br\/home\/wp-json\/wp\/v2\/posts\/3893\/revisions"}],"predecessor-version":[{"id":3897,"href":"https:\/\/observatorioleopoldina.com.br\/home\/wp-json\/wp\/v2\/posts\/3893\/revisions\/3897"}],"wp:featuredmedia":[{"embeddable":true,"href":"https:\/\/observatorioleopoldina.com.br\/home\/wp-json\/wp\/v2\/media\/3894"}],"wp:attachment":[{"href":"https:\/\/observatorioleopoldina.com.br\/home\/wp-json\/wp\/v2\/media?parent=3893"}],"wp:term":[{"taxonomy":"category","embeddable":true,"href":"https:\/\/observatorioleopoldina.com.br\/home\/wp-json\/wp\/v2\/categories?post=3893"},{"taxonomy":"post_tag","embeddable":true,"href":"https:\/\/observatorioleopoldina.com.br\/home\/wp-json\/wp\/v2\/tags?post=3893"}],"curies":[{"name":"wp","href":"https:\/\/api.w.org\/{rel}","templated":true}]}}