{"id":3690,"date":"2025-04-30T13:29:51","date_gmt":"2025-04-30T16:29:51","guid":{"rendered":"https:\/\/observatorioleopoldina.com.br\/home\/?p=3690"},"modified":"2025-04-30T13:31:43","modified_gmt":"2025-04-30T16:31:43","slug":"3690-2","status":"publish","type":"post","link":"https:\/\/observatorioleopoldina.com.br\/home\/3690-2\/","title":{"rendered":"Monique Schoenacker apresenta suas bandeiras na Casa de Cultura do Parque"},"content":{"rendered":"\n<p class=\"wp-block-paragraph\"><\/p>\n\n\n\n<p class=\"wp-block-paragraph\">Um espa\u00e7o de cultura na Av. Fonseca Rodrigue n\u00e3o chama muita a aten\u00e7\u00e3o, mas que um espa\u00e7o lindo (ali\u00e1s bel\u00edssimo) ele \u00e9 intencionalmente pensado para cultura e educa\u00e7\u00e3o alinhando &#8220;o lazer e o entretenimento, a natureza e o bem-estar e a oportunidade do encontro que resgatam o sentimento de comunidade&#8221;, segundo o site a <a href=\"https:\/\/ccparque.com.br\/a-casa-de-cultura\/\" title=\"Casa de Cultura do Parque. \">Casa de Cultura do Parque. <\/a><\/p>\n\n\n\n<p class=\"wp-block-paragraph\">E foi essa sensa\u00e7\u00e3o de valoriza\u00e7\u00e3o e de rede que a exposi\u00e7\u00e3o da artista pl\u00e1stica M\u00f4nica Schoenacker\u00a0(1967, S\u00e3o Paulo, SP)  transbordou na abertura da nova s\u00e9rie de exposi\u00e7\u00f5es da CCP.  A alta serigrafia, realizada por Monique (como a conhecemos) \u00e9 uma combina\u00e7\u00e3o de processos artesanais e industriais que ela espalha pela cidade, seja no ativismo da sua cria\u00e7\u00e3o a Sericleta, ou nas aulas com seus &#8220;aluninhos bacanas&#8221; chamados assim carinhosamente. <\/p>\n\n\n\n<p class=\"wp-block-paragraph\">Os mastros da fachada Casa s\u00e3o um convite a artistas que criam obras em formato de bandeiras, cai como uma luva na artista, assim como seu modelito na abertura da exposi\u00e7\u00e3o.  As pe\u00e7as foram produzidas e estampadas nas oficinas do Ateli\u00ea Escola Acaia, o pulso criativo da Vila Leopoldina,  onde promove aprendizado  com a mesma desenvoltura que leva sua estamparia m\u00f3vel, a Sericleta, a espa\u00e7os p\u00fablicos e populares como o SESCs, colocando a serigrafia no dia a dia dos traseuntes estampando mensagens em panos de pratos. <\/p>\n\n\n\n<p class=\"wp-block-paragraph\">A exposi\u00e7\u00e3o de Embandeirada de <a href=\"https:\/\/www.instagram.com\/monique_fora_de_serie\/\" title=\"\">M\u00f4nica Schoenacker<\/a>, aberta no dia 26 de abril ficar\u00e1 em cartaz at\u00e9 31 de agosto de 2025.  <\/p>\n\n\n\n<div class=\"wp-block-columns is-layout-flex wp-container-core-columns-is-layout-8f761849 wp-block-columns-is-layout-flex\">\n<div class=\"wp-block-column is-layout-flow wp-block-column-is-layout-flow\" style=\"flex-basis:100%\">\n<figure class=\"wp-block-gallery has-nested-images columns-default is-cropped wp-block-gallery-1 is-layout-flex wp-block-gallery-is-layout-flex\">\n<figure class=\"wp-block-image size-large\"><img decoding=\"async\" width=\"461\" height=\"1024\" data-id=\"3692\" data-src=\"https:\/\/observatorioleopoldina.com.br\/home\/wp-content\/uploads\/2025\/04\/IMG_20250427_153045-461x1024.jpg\" alt=\"\" class=\"wp-image-3692 lazyload\" data-srcset=\"https:\/\/observatorioleopoldina.com.br\/home\/wp-content\/uploads\/2025\/04\/IMG_20250427_153045-461x1024.jpg 461w, https:\/\/observatorioleopoldina.com.br\/home\/wp-content\/uploads\/2025\/04\/IMG_20250427_153045-135x300.jpg 135w, https:\/\/observatorioleopoldina.com.br\/home\/wp-content\/uploads\/2025\/04\/IMG_20250427_153045-768x1707.jpg 768w, https:\/\/observatorioleopoldina.com.br\/home\/wp-content\/uploads\/2025\/04\/IMG_20250427_153045-691x1536.jpg 691w, https:\/\/observatorioleopoldina.com.br\/home\/wp-content\/uploads\/2025\/04\/IMG_20250427_153045-922x2048.jpg 922w, https:\/\/observatorioleopoldina.com.br\/home\/wp-content\/uploads\/2025\/04\/IMG_20250427_153045-scaled.jpg 1152w\" data-sizes=\"(max-width: 461px) 100vw, 461px\" src=\"data:image\/gif;base64,R0lGODlhAQABAAAAACH5BAEKAAEALAAAAAABAAEAAAICTAEAOw==\" style=\"--smush-placeholder-width: 461px; --smush-placeholder-aspect-ratio: 461\/1024;\" \/><\/figure>\n\n\n\n<figure class=\"wp-block-image size-large\"><img decoding=\"async\" width=\"461\" height=\"1024\" data-id=\"3693\" data-src=\"https:\/\/observatorioleopoldina.com.br\/home\/wp-content\/uploads\/2025\/04\/IMG_20250427_161024-461x1024.jpg\" alt=\"\" class=\"wp-image-3693 lazyload\" data-srcset=\"https:\/\/observatorioleopoldina.com.br\/home\/wp-content\/uploads\/2025\/04\/IMG_20250427_161024-461x1024.jpg 461w, https:\/\/observatorioleopoldina.com.br\/home\/wp-content\/uploads\/2025\/04\/IMG_20250427_161024-135x300.jpg 135w, https:\/\/observatorioleopoldina.com.br\/home\/wp-content\/uploads\/2025\/04\/IMG_20250427_161024-768x1707.jpg 768w, https:\/\/observatorioleopoldina.com.br\/home\/wp-content\/uploads\/2025\/04\/IMG_20250427_161024-691x1536.jpg 691w, https:\/\/observatorioleopoldina.com.br\/home\/wp-content\/uploads\/2025\/04\/IMG_20250427_161024-922x2048.jpg 922w, https:\/\/observatorioleopoldina.com.br\/home\/wp-content\/uploads\/2025\/04\/IMG_20250427_161024-scaled.jpg 1152w\" data-sizes=\"(max-width: 461px) 100vw, 461px\" src=\"data:image\/gif;base64,R0lGODlhAQABAAAAACH5BAEKAAEALAAAAAABAAEAAAICTAEAOw==\" style=\"--smush-placeholder-width: 461px; --smush-placeholder-aspect-ratio: 461\/1024;\" \/><\/figure>\n\n\n\n<figure class=\"wp-block-image size-large\"><img decoding=\"async\" width=\"461\" height=\"1024\" data-id=\"3694\" data-src=\"https:\/\/observatorioleopoldina.com.br\/home\/wp-content\/uploads\/2025\/04\/IMG_20250427_161041-461x1024.jpg\" alt=\"\" class=\"wp-image-3694 lazyload\" data-srcset=\"https:\/\/observatorioleopoldina.com.br\/home\/wp-content\/uploads\/2025\/04\/IMG_20250427_161041-461x1024.jpg 461w, https:\/\/observatorioleopoldina.com.br\/home\/wp-content\/uploads\/2025\/04\/IMG_20250427_161041-135x300.jpg 135w, https:\/\/observatorioleopoldina.com.br\/home\/wp-content\/uploads\/2025\/04\/IMG_20250427_161041-768x1707.jpg 768w, https:\/\/observatorioleopoldina.com.br\/home\/wp-content\/uploads\/2025\/04\/IMG_20250427_161041-691x1536.jpg 691w, https:\/\/observatorioleopoldina.com.br\/home\/wp-content\/uploads\/2025\/04\/IMG_20250427_161041-922x2048.jpg 922w, https:\/\/observatorioleopoldina.com.br\/home\/wp-content\/uploads\/2025\/04\/IMG_20250427_161041-scaled.jpg 1152w\" data-sizes=\"(max-width: 461px) 100vw, 461px\" src=\"data:image\/gif;base64,R0lGODlhAQABAAAAACH5BAEKAAEALAAAAAABAAEAAAICTAEAOw==\" style=\"--smush-placeholder-width: 461px; --smush-placeholder-aspect-ratio: 461\/1024;\" \/><figcaption class=\"wp-element-caption\">Exposi\u00e7\u00e3o Dando Bandeira\/ Embandeirada na Casa de Cultura do Parque at\u00e9 31\/08\/2025<\/figcaption><\/figure>\n\n\n\n<figure class=\"wp-block-image size-large\"><img decoding=\"async\" width=\"1024\" height=\"461\" data-id=\"3691\" data-src=\"https:\/\/observatorioleopoldina.com.br\/home\/wp-content\/uploads\/2025\/04\/IMG_20250427_153036-1024x461.jpg\" alt=\"\" class=\"wp-image-3691 lazyload\" data-srcset=\"https:\/\/observatorioleopoldina.com.br\/home\/wp-content\/uploads\/2025\/04\/IMG_20250427_153036-1024x461.jpg 1024w, https:\/\/observatorioleopoldina.com.br\/home\/wp-content\/uploads\/2025\/04\/IMG_20250427_153036-300x135.jpg 300w, https:\/\/observatorioleopoldina.com.br\/home\/wp-content\/uploads\/2025\/04\/IMG_20250427_153036-768x346.jpg 768w, https:\/\/observatorioleopoldina.com.br\/home\/wp-content\/uploads\/2025\/04\/IMG_20250427_153036-1536x691.jpg 1536w, https:\/\/observatorioleopoldina.com.br\/home\/wp-content\/uploads\/2025\/04\/IMG_20250427_153036-2048x922.jpg 2048w\" data-sizes=\"(max-width: 1024px) 100vw, 1024px\" src=\"data:image\/gif;base64,R0lGODlhAQABAAAAACH5BAEKAAEALAAAAAABAAEAAAICTAEAOw==\" style=\"--smush-placeholder-width: 1024px; --smush-placeholder-aspect-ratio: 1024\/461;\" \/><\/figure>\n<\/figure>\n<\/div>\n<\/div>\n\n\n\n<figure class=\"wp-block-gallery has-nested-images columns-default is-cropped wp-block-gallery-2 is-layout-flex wp-block-gallery-is-layout-flex\">\n<figure class=\"wp-block-image size-large\"><img decoding=\"async\" width=\"507\" height=\"599\" data-id=\"3695\" data-src=\"https:\/\/observatorioleopoldina.com.br\/home\/wp-content\/uploads\/2025\/04\/Captura-de-Tela-2025-04-30-as-13.23.50.png\" alt=\"\" class=\"wp-image-3695 lazyload\" data-srcset=\"https:\/\/observatorioleopoldina.com.br\/home\/wp-content\/uploads\/2025\/04\/Captura-de-Tela-2025-04-30-as-13.23.50.png 507w, https:\/\/observatorioleopoldina.com.br\/home\/wp-content\/uploads\/2025\/04\/Captura-de-Tela-2025-04-30-as-13.23.50-254x300.png 254w\" data-sizes=\"(max-width: 507px) 100vw, 507px\" src=\"data:image\/gif;base64,R0lGODlhAQABAAAAACH5BAEKAAEALAAAAAABAAEAAAICTAEAOw==\" style=\"--smush-placeholder-width: 507px; --smush-placeholder-aspect-ratio: 507\/599;\" \/><figcaption class=\"wp-element-caption\">M\u00f4nica Schoenacker embandeirada na abertura da exposi\u00e7\u00e3o na Casa de Cultura do Parque<\/figcaption><\/figure>\n<\/figure>\n","protected":false},"excerpt":{"rendered":"<p>Um espa\u00e7o de cultura na Av. Fonseca Rodrigue n\u00e3o chama muita a aten\u00e7\u00e3o, mas que<\/p>\n","protected":false},"author":4,"featured_media":3693,"comment_status":"closed","ping_status":"closed","sticky":false,"template":"","format":"standard","meta":{"footnotes":""},"categories":[284,1],"tags":[],"class_list":["post-3690","post","type-post","status-publish","format-standard","has-post-thumbnail","hentry","category-agenda-do-bairro","category-arredores-2"],"aioseo_notices":[],"aioseo_head":"\n\t\t<!-- All in One SEO 5.0.1.1 - aioseo.com -->\n\t<meta name=\"description\" content=\"Um espa\u00e7o de cultura na Av. Fonseca Rodrigue n\u00e3o chama muita a aten\u00e7\u00e3o, mas que um espa\u00e7o lindo (ali\u00e1s bel\u00edssimo) ele \u00e9 intencionalmente pensado para cultura e educa\u00e7\u00e3o alinhando &quot;o lazer e o entretenimento, a natureza e o bem-estar e a oportunidade do encontro que resgatam o sentimento de comunidade&quot;, segundo o site a Casa\" \/>\n\t<meta name=\"robots\" content=\"max-image-preview:large\" \/>\n\t<meta name=\"author\" content=\"Alexandra Swerts\"\/>\n\t<link rel=\"canonical\" href=\"https:\/\/observatorioleopoldina.com.br\/home\/3690-2\/\" \/>\n\t<meta name=\"generator\" content=\"All in One SEO (AIOSEO) 5.0.1.1\" \/>\n\t\t<meta property=\"og:locale\" content=\"pt_BR\" \/>\n\t\t<meta property=\"og:site_name\" content=\"Observat\u00f3rio Leopoldina - Espa\u00e7o virtual colaborativo focado no desenvolvimento socioecon\u00f4mico sustent\u00e1vel de um Distrito em plena transforma\u00e7\u00e3o: a Vila Leopoldina.\" \/>\n\t\t<meta property=\"og:type\" content=\"article\" \/>\n\t\t<meta property=\"og:title\" content=\"Monique Schoenacker apresenta suas bandeiras na Casa de Cultura do Parque - Observat\u00f3rio Leopoldina\" \/>\n\t\t<meta property=\"og:description\" content=\"Um espa\u00e7o de cultura na Av. Fonseca Rodrigue n\u00e3o chama muita a aten\u00e7\u00e3o, mas que um espa\u00e7o lindo (ali\u00e1s bel\u00edssimo) ele \u00e9 intencionalmente pensado para cultura e educa\u00e7\u00e3o alinhando &quot;o lazer e o entretenimento, a natureza e o bem-estar e a oportunidade do encontro que resgatam o sentimento de comunidade&quot;, segundo o site a Casa\" \/>\n\t\t<meta property=\"og:url\" content=\"https:\/\/observatorioleopoldina.com.br\/home\/3690-2\/\" \/>\n\t\t<meta property=\"og:image\" content=\"https:\/\/observatorioleopoldina.com.br\/home\/wp-content\/uploads\/2025\/04\/IMG_20250427_161024-scaled.jpg\" \/>\n\t\t<meta property=\"og:image:secure_url\" content=\"https:\/\/observatorioleopoldina.com.br\/home\/wp-content\/uploads\/2025\/04\/IMG_20250427_161024-scaled.jpg\" \/>\n\t\t<meta property=\"og:image:width\" content=\"1152\" \/>\n\t\t<meta property=\"og:image:height\" content=\"2560\" \/>\n\t\t<meta property=\"article:published_time\" content=\"2025-04-30T16:29:51+00:00\" \/>\n\t\t<meta property=\"article:modified_time\" content=\"2025-04-30T16:31:43+00:00\" \/>\n\t\t<meta name=\"twitter:card\" content=\"summary_large_image\" \/>\n\t\t<meta name=\"twitter:title\" content=\"Monique Schoenacker apresenta suas bandeiras na Casa de Cultura do Parque - Observat\u00f3rio Leopoldina\" \/>\n\t\t<meta name=\"twitter:description\" content=\"Um espa\u00e7o de cultura na Av. Fonseca Rodrigue n\u00e3o chama muita a aten\u00e7\u00e3o, mas que um espa\u00e7o lindo (ali\u00e1s bel\u00edssimo) ele \u00e9 intencionalmente pensado para cultura e educa\u00e7\u00e3o alinhando &quot;o lazer e o entretenimento, a natureza e o bem-estar e a oportunidade do encontro que resgatam o sentimento de comunidade&quot;, segundo o site a Casa\" \/>\n\t\t<meta name=\"twitter:image\" content=\"https:\/\/observatorioleopoldina.com.br\/home\/wp-content\/uploads\/2025\/04\/IMG_20250427_161024-scaled.jpg\" \/>\n\t\t<script type=\"application\/ld+json\" class=\"aioseo-schema\">\n\t\t\t{\"@context\":\"https:\\\/\\\/schema.org\",\"@graph\":[{\"@type\":\"BlogPosting\",\"@id\":\"https:\\\/\\\/observatorioleopoldina.com.br\\\/home\\\/3690-2\\\/#blogposting\",\"name\":\"Monique Schoenacker apresenta suas bandeiras na Casa de Cultura do Parque - Observat\\u00f3rio Leopoldina\",\"headline\":\"Monique Schoenacker apresenta suas bandeiras na Casa de Cultura do Parque\",\"author\":{\"@id\":\"https:\\\/\\\/observatorioleopoldina.com.br\\\/home\\\/author\\\/ale\\\/#author\"},\"publisher\":{\"@id\":\"https:\\\/\\\/observatorioleopoldina.com.br\\\/home\\\/#organization\"},\"image\":{\"@type\":\"ImageObject\",\"url\":\"https:\\\/\\\/observatorioleopoldina.com.br\\\/home\\\/wp-content\\\/uploads\\\/2025\\\/04\\\/IMG_20250427_161024-scaled.jpg\",\"width\":1152,\"height\":2560},\"datePublished\":\"2025-04-30T13:29:51-03:00\",\"dateModified\":\"2025-04-30T13:31:43-03:00\",\"inLanguage\":\"pt-BR\",\"mainEntityOfPage\":{\"@id\":\"https:\\\/\\\/observatorioleopoldina.com.br\\\/home\\\/3690-2\\\/#webpage\"},\"isPartOf\":{\"@id\":\"https:\\\/\\\/observatorioleopoldina.com.br\\\/home\\\/3690-2\\\/#webpage\"},\"articleSection\":\"Agenda do Bairro, Arredores\"},{\"@type\":\"BreadcrumbList\",\"@id\":\"https:\\\/\\\/observatorioleopoldina.com.br\\\/home\\\/3690-2\\\/#breadcrumblist\",\"itemListElement\":[{\"@type\":\"ListItem\",\"@id\":\"https:\\\/\\\/observatorioleopoldina.com.br\\\/home#listItem\",\"position\":1,\"name\":\"In\\u00edcio\",\"item\":\"https:\\\/\\\/observatorioleopoldina.com.br\\\/home\",\"nextItem\":{\"@type\":\"ListItem\",\"@id\":\"https:\\\/\\\/observatorioleopoldina.com.br\\\/home\\\/category\\\/arredores-2\\\/#listItem\",\"name\":\"Arredores\"}},{\"@type\":\"ListItem\",\"@id\":\"https:\\\/\\\/observatorioleopoldina.com.br\\\/home\\\/category\\\/arredores-2\\\/#listItem\",\"position\":2,\"name\":\"Arredores\",\"item\":\"https:\\\/\\\/observatorioleopoldina.com.br\\\/home\\\/category\\\/arredores-2\\\/\",\"nextItem\":{\"@type\":\"ListItem\",\"@id\":\"https:\\\/\\\/observatorioleopoldina.com.br\\\/home\\\/3690-2\\\/#listItem\",\"name\":\"Monique Schoenacker apresenta suas bandeiras na Casa de Cultura do Parque\"},\"previousItem\":{\"@type\":\"ListItem\",\"@id\":\"https:\\\/\\\/observatorioleopoldina.com.br\\\/home#listItem\",\"name\":\"In\\u00edcio\"}},{\"@type\":\"ListItem\",\"@id\":\"https:\\\/\\\/observatorioleopoldina.com.br\\\/home\\\/3690-2\\\/#listItem\",\"position\":3,\"name\":\"Monique Schoenacker apresenta suas bandeiras na Casa de Cultura do Parque\",\"previousItem\":{\"@type\":\"ListItem\",\"@id\":\"https:\\\/\\\/observatorioleopoldina.com.br\\\/home\\\/category\\\/arredores-2\\\/#listItem\",\"name\":\"Arredores\"}}]},{\"@type\":\"Organization\",\"@id\":\"https:\\\/\\\/observatorioleopoldina.com.br\\\/home\\\/#organization\",\"name\":\"Observat\\u00f3rio Leopoldina\",\"description\":\"Espa\\u00e7o virtual colaborativo focado no desenvolvimento socioecon\\u00f4mico sustent\\u00e1vel de um Distrito em plena transforma\\u00e7\\u00e3o: a Vila Leopoldina.\",\"url\":\"https:\\\/\\\/observatorioleopoldina.com.br\\\/home\\\/\",\"logo\":{\"@type\":\"ImageObject\",\"url\":\"https:\\\/\\\/observatorioleopoldina.com.br\\\/home\\\/wp-content\\\/uploads\\\/2024\\\/02\\\/2022-06-08-removebg-preview.png\",\"@id\":\"https:\\\/\\\/observatorioleopoldina.com.br\\\/home\\\/3690-2\\\/#organizationLogo\",\"width\":680,\"height\":247},\"image\":{\"@id\":\"https:\\\/\\\/observatorioleopoldina.com.br\\\/home\\\/3690-2\\\/#organizationLogo\"}},{\"@type\":\"Person\",\"@id\":\"https:\\\/\\\/observatorioleopoldina.com.br\\\/home\\\/author\\\/ale\\\/#author\",\"url\":\"https:\\\/\\\/observatorioleopoldina.com.br\\\/home\\\/author\\\/ale\\\/\",\"name\":\"Alexandra Swerts\"},{\"@type\":\"WebPage\",\"@id\":\"https:\\\/\\\/observatorioleopoldina.com.br\\\/home\\\/3690-2\\\/#webpage\",\"url\":\"https:\\\/\\\/observatorioleopoldina.com.br\\\/home\\\/3690-2\\\/\",\"name\":\"Monique Schoenacker apresenta suas bandeiras na Casa de Cultura do Parque - Observat\\u00f3rio Leopoldina\",\"description\":\"Um espa\\u00e7o de cultura na Av. Fonseca Rodrigue n\\u00e3o chama muita a aten\\u00e7\\u00e3o, mas que um espa\\u00e7o lindo (ali\\u00e1s bel\\u00edssimo) ele \\u00e9 intencionalmente pensado para cultura e educa\\u00e7\\u00e3o alinhando \\\"o lazer e o entretenimento, a natureza e o bem-estar e a oportunidade do encontro que resgatam o sentimento de comunidade\\\", segundo o site a Casa\",\"inLanguage\":\"pt-BR\",\"isPartOf\":{\"@id\":\"https:\\\/\\\/observatorioleopoldina.com.br\\\/home\\\/#website\"},\"breadcrumb\":{\"@id\":\"https:\\\/\\\/observatorioleopoldina.com.br\\\/home\\\/3690-2\\\/#breadcrumblist\"},\"author\":{\"@id\":\"https:\\\/\\\/observatorioleopoldina.com.br\\\/home\\\/author\\\/ale\\\/#author\"},\"creator\":{\"@id\":\"https:\\\/\\\/observatorioleopoldina.com.br\\\/home\\\/author\\\/ale\\\/#author\"},\"image\":{\"@type\":\"ImageObject\",\"url\":\"https:\\\/\\\/observatorioleopoldina.com.br\\\/home\\\/wp-content\\\/uploads\\\/2025\\\/04\\\/IMG_20250427_161024-scaled.jpg\",\"@id\":\"https:\\\/\\\/observatorioleopoldina.com.br\\\/home\\\/3690-2\\\/#mainImage\",\"width\":1152,\"height\":2560},\"primaryImageOfPage\":{\"@id\":\"https:\\\/\\\/observatorioleopoldina.com.br\\\/home\\\/3690-2\\\/#mainImage\"},\"datePublished\":\"2025-04-30T13:29:51-03:00\",\"dateModified\":\"2025-04-30T13:31:43-03:00\"},{\"@type\":\"WebSite\",\"@id\":\"https:\\\/\\\/observatorioleopoldina.com.br\\\/home\\\/#website\",\"url\":\"https:\\\/\\\/observatorioleopoldina.com.br\\\/home\\\/\",\"name\":\"Observat\\u00f3rio Leopoldina\",\"description\":\"Espa\\u00e7o virtual colaborativo focado no desenvolvimento socioecon\\u00f4mico sustent\\u00e1vel de um Distrito em plena transforma\\u00e7\\u00e3o: a Vila Leopoldina.\",\"inLanguage\":\"pt-BR\",\"publisher\":{\"@id\":\"https:\\\/\\\/observatorioleopoldina.com.br\\\/home\\\/#organization\"}}]}\n\t\t<\/script>\n\t\t<!-- All in One SEO -->\n\n","aioseo_head_json":{"title":"Monique Schoenacker apresenta suas bandeiras na Casa de Cultura do Parque - Observat\u00f3rio Leopoldina","description":"Um espa\u00e7o de cultura na Av. Fonseca Rodrigue n\u00e3o chama muita a aten\u00e7\u00e3o, mas que um espa\u00e7o lindo (ali\u00e1s bel\u00edssimo) ele \u00e9 intencionalmente pensado para cultura e educa\u00e7\u00e3o alinhando \"o lazer e o entretenimento, a natureza e o bem-estar e a oportunidade do encontro que resgatam o sentimento de comunidade\", segundo o site a Casa","canonical_url":"https:\/\/observatorioleopoldina.com.br\/home\/3690-2\/","robots":"max-image-preview:large","keywords":"","webmasterTools":{"miscellaneous":""},"schema":{"@context":"https:\/\/schema.org","@graph":[{"@type":"BlogPosting","@id":"https:\/\/observatorioleopoldina.com.br\/home\/3690-2\/#blogposting","name":"Monique Schoenacker apresenta suas bandeiras na Casa de Cultura do Parque - Observat\u00f3rio Leopoldina","headline":"Monique Schoenacker apresenta suas bandeiras na Casa de Cultura do Parque","author":{"@id":"https:\/\/observatorioleopoldina.com.br\/home\/author\/ale\/#author"},"publisher":{"@id":"https:\/\/observatorioleopoldina.com.br\/home\/#organization"},"image":{"@type":"ImageObject","url":"https:\/\/observatorioleopoldina.com.br\/home\/wp-content\/uploads\/2025\/04\/IMG_20250427_161024-scaled.jpg","width":1152,"height":2560},"datePublished":"2025-04-30T13:29:51-03:00","dateModified":"2025-04-30T13:31:43-03:00","inLanguage":"pt-BR","mainEntityOfPage":{"@id":"https:\/\/observatorioleopoldina.com.br\/home\/3690-2\/#webpage"},"isPartOf":{"@id":"https:\/\/observatorioleopoldina.com.br\/home\/3690-2\/#webpage"},"articleSection":"Agenda do Bairro, Arredores"},{"@type":"BreadcrumbList","@id":"https:\/\/observatorioleopoldina.com.br\/home\/3690-2\/#breadcrumblist","itemListElement":[{"@type":"ListItem","@id":"https:\/\/observatorioleopoldina.com.br\/home#listItem","position":1,"name":"In\u00edcio","item":"https:\/\/observatorioleopoldina.com.br\/home","nextItem":{"@type":"ListItem","@id":"https:\/\/observatorioleopoldina.com.br\/home\/category\/arredores-2\/#listItem","name":"Arredores"}},{"@type":"ListItem","@id":"https:\/\/observatorioleopoldina.com.br\/home\/category\/arredores-2\/#listItem","position":2,"name":"Arredores","item":"https:\/\/observatorioleopoldina.com.br\/home\/category\/arredores-2\/","nextItem":{"@type":"ListItem","@id":"https:\/\/observatorioleopoldina.com.br\/home\/3690-2\/#listItem","name":"Monique Schoenacker apresenta suas bandeiras na Casa de Cultura do Parque"},"previousItem":{"@type":"ListItem","@id":"https:\/\/observatorioleopoldina.com.br\/home#listItem","name":"In\u00edcio"}},{"@type":"ListItem","@id":"https:\/\/observatorioleopoldina.com.br\/home\/3690-2\/#listItem","position":3,"name":"Monique Schoenacker apresenta suas bandeiras na Casa de Cultura do Parque","previousItem":{"@type":"ListItem","@id":"https:\/\/observatorioleopoldina.com.br\/home\/category\/arredores-2\/#listItem","name":"Arredores"}}]},{"@type":"Organization","@id":"https:\/\/observatorioleopoldina.com.br\/home\/#organization","name":"Observat\u00f3rio Leopoldina","description":"Espa\u00e7o virtual colaborativo focado no desenvolvimento socioecon\u00f4mico sustent\u00e1vel de um Distrito em plena transforma\u00e7\u00e3o: a Vila Leopoldina.","url":"https:\/\/observatorioleopoldina.com.br\/home\/","logo":{"@type":"ImageObject","url":"https:\/\/observatorioleopoldina.com.br\/home\/wp-content\/uploads\/2024\/02\/2022-06-08-removebg-preview.png","@id":"https:\/\/observatorioleopoldina.com.br\/home\/3690-2\/#organizationLogo","width":680,"height":247},"image":{"@id":"https:\/\/observatorioleopoldina.com.br\/home\/3690-2\/#organizationLogo"}},{"@type":"Person","@id":"https:\/\/observatorioleopoldina.com.br\/home\/author\/ale\/#author","url":"https:\/\/observatorioleopoldina.com.br\/home\/author\/ale\/","name":"Alexandra Swerts"},{"@type":"WebPage","@id":"https:\/\/observatorioleopoldina.com.br\/home\/3690-2\/#webpage","url":"https:\/\/observatorioleopoldina.com.br\/home\/3690-2\/","name":"Monique Schoenacker apresenta suas bandeiras na Casa de Cultura do Parque - Observat\u00f3rio Leopoldina","description":"Um espa\u00e7o de cultura na Av. Fonseca Rodrigue n\u00e3o chama muita a aten\u00e7\u00e3o, mas que um espa\u00e7o lindo (ali\u00e1s bel\u00edssimo) ele \u00e9 intencionalmente pensado para cultura e educa\u00e7\u00e3o alinhando \"o lazer e o entretenimento, a natureza e o bem-estar e a oportunidade do encontro que resgatam o sentimento de comunidade\", segundo o site a Casa","inLanguage":"pt-BR","isPartOf":{"@id":"https:\/\/observatorioleopoldina.com.br\/home\/#website"},"breadcrumb":{"@id":"https:\/\/observatorioleopoldina.com.br\/home\/3690-2\/#breadcrumblist"},"author":{"@id":"https:\/\/observatorioleopoldina.com.br\/home\/author\/ale\/#author"},"creator":{"@id":"https:\/\/observatorioleopoldina.com.br\/home\/author\/ale\/#author"},"image":{"@type":"ImageObject","url":"https:\/\/observatorioleopoldina.com.br\/home\/wp-content\/uploads\/2025\/04\/IMG_20250427_161024-scaled.jpg","@id":"https:\/\/observatorioleopoldina.com.br\/home\/3690-2\/#mainImage","width":1152,"height":2560},"primaryImageOfPage":{"@id":"https:\/\/observatorioleopoldina.com.br\/home\/3690-2\/#mainImage"},"datePublished":"2025-04-30T13:29:51-03:00","dateModified":"2025-04-30T13:31:43-03:00"},{"@type":"WebSite","@id":"https:\/\/observatorioleopoldina.com.br\/home\/#website","url":"https:\/\/observatorioleopoldina.com.br\/home\/","name":"Observat\u00f3rio Leopoldina","description":"Espa\u00e7o virtual colaborativo focado no desenvolvimento socioecon\u00f4mico sustent\u00e1vel de um Distrito em plena transforma\u00e7\u00e3o: a Vila Leopoldina.","inLanguage":"pt-BR","publisher":{"@id":"https:\/\/observatorioleopoldina.com.br\/home\/#organization"}}]},"og:locale":"pt_BR","og:site_name":"Observat\u00f3rio Leopoldina - Espa\u00e7o virtual colaborativo focado no desenvolvimento socioecon\u00f4mico sustent\u00e1vel de um Distrito em plena transforma\u00e7\u00e3o: a Vila Leopoldina.","og:type":"article","og:title":"Monique Schoenacker apresenta suas bandeiras na Casa de Cultura do Parque - Observat\u00f3rio Leopoldina","og:description":"Um espa\u00e7o de cultura na Av. Fonseca Rodrigue n\u00e3o chama muita a aten\u00e7\u00e3o, mas que um espa\u00e7o lindo (ali\u00e1s bel\u00edssimo) ele \u00e9 intencionalmente pensado para cultura e educa\u00e7\u00e3o alinhando &quot;o lazer e o entretenimento, a natureza e o bem-estar e a oportunidade do encontro que resgatam o sentimento de comunidade&quot;, segundo o site a Casa","og:url":"https:\/\/observatorioleopoldina.com.br\/home\/3690-2\/","og:image":"https:\/\/observatorioleopoldina.com.br\/home\/wp-content\/uploads\/2025\/04\/IMG_20250427_161024-scaled.jpg","og:image:secure_url":"https:\/\/observatorioleopoldina.com.br\/home\/wp-content\/uploads\/2025\/04\/IMG_20250427_161024-scaled.jpg","og:image:width":1152,"og:image:height":2560,"article:published_time":"2025-04-30T16:29:51+00:00","article:modified_time":"2025-04-30T16:31:43+00:00","twitter:card":"summary_large_image","twitter:title":"Monique Schoenacker apresenta suas bandeiras na Casa de Cultura do Parque - Observat\u00f3rio Leopoldina","twitter:description":"Um espa\u00e7o de cultura na Av. Fonseca Rodrigue n\u00e3o chama muita a aten\u00e7\u00e3o, mas que um espa\u00e7o lindo (ali\u00e1s bel\u00edssimo) ele \u00e9 intencionalmente pensado para cultura e educa\u00e7\u00e3o alinhando &quot;o lazer e o entretenimento, a natureza e o bem-estar e a oportunidade do encontro que resgatam o sentimento de comunidade&quot;, segundo o site a Casa","twitter:image":"https:\/\/observatorioleopoldina.com.br\/home\/wp-content\/uploads\/2025\/04\/IMG_20250427_161024-scaled.jpg"},"aioseo_meta_data":{"post_id":"3690","title":null,"description":null,"keywords":null,"keyphrases":{"focus":{"keyphrase":"","score":0,"analysis":{"keyphraseInTitle":{"score":0,"maxScore":9,"error":1}}},"additional":[]},"primary_term":null,"canonical_url":null,"og_title":null,"og_description":null,"og_object_type":"default","og_image_type":"default","og_image_url":null,"og_image_width":null,"og_image_height":null,"og_image_custom_url":null,"og_image_custom_fields":null,"og_video":"","og_custom_url":null,"og_article_section":null,"og_article_tags":null,"twitter_use_og":false,"twitter_card":"default","twitter_image_type":"default","twitter_image_url":null,"twitter_image_custom_url":null,"twitter_image_custom_fields":null,"twitter_title":null,"twitter_description":null,"schema":{"blockGraphs":[],"customGraphs":[],"default":{"data":{"Article":[],"Course":[],"Dataset":[],"FAQPage":[],"Movie":[],"Person":[],"Product":[],"ProductReview":[],"Car":[],"Recipe":[],"Service":[],"SoftwareApplication":[],"WebPage":[]},"graphName":"BlogPosting","isEnabled":true},"graphs":[]},"schema_type":"default","schema_type_options":null,"pillar_content":false,"robots_default":true,"robots_noindex":false,"robots_noarchive":false,"robots_nosnippet":false,"robots_nofollow":false,"robots_noimageindex":false,"robots_noodp":false,"robots_notranslate":false,"robots_max_snippet":"-1","robots_max_videopreview":"-1","robots_max_imagepreview":"large","priority":null,"frequency":"default","local_seo":null,"breadcrumb_settings":null,"limit_modified_date":false,"ai":null,"created":"2025-04-30 16:29:54","updated":"2025-06-04 17:07:37","seo_analyzer_scan_date":null,"focus_keyword":null,"additional_keywords":null,"truseo_locale":null},"aioseo_breadcrumb":"<div class=\"aioseo-breadcrumbs\"><span class=\"aioseo-breadcrumb\">\n\t\t\t<a href=\"https:\/\/observatorioleopoldina.com.br\/home\" title=\"In\u00edcio\">In\u00edcio<\/a>\n\t\t<\/span><span class=\"aioseo-breadcrumb-separator\">\u00bb<\/span><span class=\"aioseo-breadcrumb\">\n\t\t\t<a href=\"https:\/\/observatorioleopoldina.com.br\/home\/category\/arredores-2\/\" title=\"Arredores\">Arredores<\/a>\n\t\t<\/span><span class=\"aioseo-breadcrumb-separator\">\u00bb<\/span><span class=\"aioseo-breadcrumb\">\n\t\t\tMonique Schoenacker apresenta suas bandeiras na Casa de Cultura do Parque\n\t\t<\/span><\/div>","aioseo_breadcrumb_json":[{"label":"In\u00edcio","link":"https:\/\/observatorioleopoldina.com.br\/home"},{"label":"Arredores","link":"https:\/\/observatorioleopoldina.com.br\/home\/category\/arredores-2\/"},{"label":"Monique Schoenacker apresenta suas bandeiras na Casa de Cultura do Parque","link":"https:\/\/observatorioleopoldina.com.br\/home\/3690-2\/"}],"_links":{"self":[{"href":"https:\/\/observatorioleopoldina.com.br\/home\/wp-json\/wp\/v2\/posts\/3690","targetHints":{"allow":["GET"]}}],"collection":[{"href":"https:\/\/observatorioleopoldina.com.br\/home\/wp-json\/wp\/v2\/posts"}],"about":[{"href":"https:\/\/observatorioleopoldina.com.br\/home\/wp-json\/wp\/v2\/types\/post"}],"author":[{"embeddable":true,"href":"https:\/\/observatorioleopoldina.com.br\/home\/wp-json\/wp\/v2\/users\/4"}],"replies":[{"embeddable":true,"href":"https:\/\/observatorioleopoldina.com.br\/home\/wp-json\/wp\/v2\/comments?post=3690"}],"version-history":[{"count":2,"href":"https:\/\/observatorioleopoldina.com.br\/home\/wp-json\/wp\/v2\/posts\/3690\/revisions"}],"predecessor-version":[{"id":3698,"href":"https:\/\/observatorioleopoldina.com.br\/home\/wp-json\/wp\/v2\/posts\/3690\/revisions\/3698"}],"wp:featuredmedia":[{"embeddable":true,"href":"https:\/\/observatorioleopoldina.com.br\/home\/wp-json\/wp\/v2\/media\/3693"}],"wp:attachment":[{"href":"https:\/\/observatorioleopoldina.com.br\/home\/wp-json\/wp\/v2\/media?parent=3690"}],"wp:term":[{"taxonomy":"category","embeddable":true,"href":"https:\/\/observatorioleopoldina.com.br\/home\/wp-json\/wp\/v2\/categories?post=3690"},{"taxonomy":"post_tag","embeddable":true,"href":"https:\/\/observatorioleopoldina.com.br\/home\/wp-json\/wp\/v2\/tags?post=3690"}],"curies":[{"name":"wp","href":"https:\/\/api.w.org\/{rel}","templated":true}]}}