{"id":3348,"date":"2025-01-10T09:19:31","date_gmt":"2025-01-10T12:19:31","guid":{"rendered":"https:\/\/observatorioleopoldina.com.br\/home\/?p=3348"},"modified":"2025-01-10T09:19:32","modified_gmt":"2025-01-10T12:19:32","slug":"verde-que-te-quero-verde","status":"publish","type":"post","link":"https:\/\/observatorioleopoldina.com.br\/home\/verde-que-te-quero-verde\/","title":{"rendered":"Verde que te quero verde"},"content":{"rendered":"\n<p class=\"wp-block-paragraph\">E l\u00e1 se foi mais uma \u00e1rvore no cen\u00e1rio urbano da Leopoldina. Desta vez na longa cal\u00e7ada do Sesi Vila Leopoldina . Era um ser novo e fazia parte da reposi\u00e7\u00e3o das velhas e grandes esp\u00e9cies que existiam no local.<\/p>\n\n\n\n<p class=\"wp-block-paragraph\">De \u00e1rvore em \u00e1rvore, a rua perde sua massa verde, comprometendo o meio ambiente.<\/p>\n\n\n\n<p class=\"wp-block-paragraph\">Vamos plantar mais \u00e1rvores juntos, Sesi?<\/p>\n","protected":false},"excerpt":{"rendered":"<p>E l\u00e1 se foi mais uma \u00e1rvore no cen\u00e1rio urbano da Leopoldina. Desta vez na<\/p>\n","protected":false},"author":3,"featured_media":3349,"comment_status":"closed","ping_status":"closed","sticky":false,"template":"","format":"standard","meta":{"footnotes":""},"categories":[221],"tags":[],"class_list":["post-3348","post","type-post","status-publish","format-standard","has-post-thumbnail","hentry","category-leopoldina-sustentavel"],"aioseo_notices":[],"aioseo_head":"\n\t\t<!-- All in One SEO 5.0.1.1 - aioseo.com -->\n\t<meta name=\"description\" content=\"E l\u00e1 se foi mais uma \u00e1rvore no cen\u00e1rio urbano da Leopoldina. Desta vez na longa cal\u00e7ada do Sesi Vila Leopoldina . Era um ser novo e fazia parte da reposi\u00e7\u00e3o das velhas e grandes esp\u00e9cies que existiam no local. De \u00e1rvore em \u00e1rvore, a rua perde sua massa verde, comprometendo o meio ambiente. Vamos\" \/>\n\t<meta name=\"robots\" content=\"max-image-preview:large\" \/>\n\t<meta name=\"author\" content=\"Eduardo Fiora\"\/>\n\t<link rel=\"canonical\" href=\"https:\/\/observatorioleopoldina.com.br\/home\/verde-que-te-quero-verde\/\" \/>\n\t<meta name=\"generator\" content=\"All in One SEO (AIOSEO) 5.0.1.1\" \/>\n\t\t<meta property=\"og:locale\" content=\"pt_BR\" \/>\n\t\t<meta property=\"og:site_name\" content=\"Observat\u00f3rio Leopoldina - Espa\u00e7o virtual colaborativo focado no desenvolvimento socioecon\u00f4mico sustent\u00e1vel de um Distrito em plena transforma\u00e7\u00e3o: a Vila Leopoldina.\" \/>\n\t\t<meta property=\"og:type\" content=\"article\" \/>\n\t\t<meta property=\"og:title\" content=\"Verde que te quero verde - Observat\u00f3rio Leopoldina\" \/>\n\t\t<meta property=\"og:description\" content=\"E l\u00e1 se foi mais uma \u00e1rvore no cen\u00e1rio urbano da Leopoldina. Desta vez na longa cal\u00e7ada do Sesi Vila Leopoldina . Era um ser novo e fazia parte da reposi\u00e7\u00e3o das velhas e grandes esp\u00e9cies que existiam no local. De \u00e1rvore em \u00e1rvore, a rua perde sua massa verde, comprometendo o meio ambiente. Vamos\" \/>\n\t\t<meta property=\"og:url\" content=\"https:\/\/observatorioleopoldina.com.br\/home\/verde-que-te-quero-verde\/\" \/>\n\t\t<meta property=\"og:image\" content=\"https:\/\/observatorioleopoldina.com.br\/home\/wp-content\/uploads\/2025\/01\/Screenshot_20250110-091405.png\" \/>\n\t\t<meta property=\"og:image:secure_url\" content=\"https:\/\/observatorioleopoldina.com.br\/home\/wp-content\/uploads\/2025\/01\/Screenshot_20250110-091405.png\" \/>\n\t\t<meta property=\"og:image:width\" content=\"1080\" \/>\n\t\t<meta property=\"og:image:height\" content=\"694\" \/>\n\t\t<meta property=\"article:published_time\" content=\"2025-01-10T12:19:31+00:00\" \/>\n\t\t<meta property=\"article:modified_time\" content=\"2025-01-10T12:19:32+00:00\" \/>\n\t\t<meta name=\"twitter:card\" content=\"summary_large_image\" \/>\n\t\t<meta name=\"twitter:title\" content=\"Verde que te quero verde - Observat\u00f3rio Leopoldina\" \/>\n\t\t<meta name=\"twitter:description\" content=\"E l\u00e1 se foi mais uma \u00e1rvore no cen\u00e1rio urbano da Leopoldina. Desta vez na longa cal\u00e7ada do Sesi Vila Leopoldina . Era um ser novo e fazia parte da reposi\u00e7\u00e3o das velhas e grandes esp\u00e9cies que existiam no local. De \u00e1rvore em \u00e1rvore, a rua perde sua massa verde, comprometendo o meio ambiente. Vamos\" \/>\n\t\t<meta name=\"twitter:image\" content=\"https:\/\/observatorioleopoldina.com.br\/home\/wp-content\/uploads\/2025\/01\/Screenshot_20250110-091405.png\" \/>\n\t\t<script type=\"application\/ld+json\" class=\"aioseo-schema\">\n\t\t\t{\"@context\":\"https:\\\/\\\/schema.org\",\"@graph\":[{\"@type\":\"BlogPosting\",\"@id\":\"https:\\\/\\\/observatorioleopoldina.com.br\\\/home\\\/verde-que-te-quero-verde\\\/#blogposting\",\"name\":\"Verde que te quero verde - Observat\\u00f3rio Leopoldina\",\"headline\":\"Verde que te quero verde\",\"author\":{\"@id\":\"https:\\\/\\\/observatorioleopoldina.com.br\\\/home\\\/author\\\/eduardo-fiora\\\/#author\"},\"publisher\":{\"@id\":\"https:\\\/\\\/observatorioleopoldina.com.br\\\/home\\\/#organization\"},\"image\":{\"@type\":\"ImageObject\",\"url\":\"https:\\\/\\\/observatorioleopoldina.com.br\\\/home\\\/wp-content\\\/uploads\\\/2025\\\/01\\\/Screenshot_20250110-091405.png\",\"width\":1080,\"height\":694},\"datePublished\":\"2025-01-10T09:19:31-03:00\",\"dateModified\":\"2025-01-10T09:19:32-03:00\",\"inLanguage\":\"pt-BR\",\"mainEntityOfPage\":{\"@id\":\"https:\\\/\\\/observatorioleopoldina.com.br\\\/home\\\/verde-que-te-quero-verde\\\/#webpage\"},\"isPartOf\":{\"@id\":\"https:\\\/\\\/observatorioleopoldina.com.br\\\/home\\\/verde-que-te-quero-verde\\\/#webpage\"},\"articleSection\":\"Leopoldina Sustent\\u00e1vel\"},{\"@type\":\"BreadcrumbList\",\"@id\":\"https:\\\/\\\/observatorioleopoldina.com.br\\\/home\\\/verde-que-te-quero-verde\\\/#breadcrumblist\",\"itemListElement\":[{\"@type\":\"ListItem\",\"@id\":\"https:\\\/\\\/observatorioleopoldina.com.br\\\/home#listItem\",\"position\":1,\"name\":\"In\\u00edcio\",\"item\":\"https:\\\/\\\/observatorioleopoldina.com.br\\\/home\",\"nextItem\":{\"@type\":\"ListItem\",\"@id\":\"https:\\\/\\\/observatorioleopoldina.com.br\\\/home\\\/category\\\/leopoldina-sustentavel\\\/#listItem\",\"name\":\"Leopoldina Sustent\\u00e1vel\"}},{\"@type\":\"ListItem\",\"@id\":\"https:\\\/\\\/observatorioleopoldina.com.br\\\/home\\\/category\\\/leopoldina-sustentavel\\\/#listItem\",\"position\":2,\"name\":\"Leopoldina Sustent\\u00e1vel\",\"item\":\"https:\\\/\\\/observatorioleopoldina.com.br\\\/home\\\/category\\\/leopoldina-sustentavel\\\/\",\"nextItem\":{\"@type\":\"ListItem\",\"@id\":\"https:\\\/\\\/observatorioleopoldina.com.br\\\/home\\\/verde-que-te-quero-verde\\\/#listItem\",\"name\":\"Verde que te quero verde\"},\"previousItem\":{\"@type\":\"ListItem\",\"@id\":\"https:\\\/\\\/observatorioleopoldina.com.br\\\/home#listItem\",\"name\":\"In\\u00edcio\"}},{\"@type\":\"ListItem\",\"@id\":\"https:\\\/\\\/observatorioleopoldina.com.br\\\/home\\\/verde-que-te-quero-verde\\\/#listItem\",\"position\":3,\"name\":\"Verde que te quero verde\",\"previousItem\":{\"@type\":\"ListItem\",\"@id\":\"https:\\\/\\\/observatorioleopoldina.com.br\\\/home\\\/category\\\/leopoldina-sustentavel\\\/#listItem\",\"name\":\"Leopoldina Sustent\\u00e1vel\"}}]},{\"@type\":\"Organization\",\"@id\":\"https:\\\/\\\/observatorioleopoldina.com.br\\\/home\\\/#organization\",\"name\":\"Observat\\u00f3rio Leopoldina\",\"description\":\"Espa\\u00e7o virtual colaborativo focado no desenvolvimento socioecon\\u00f4mico sustent\\u00e1vel de um Distrito em plena transforma\\u00e7\\u00e3o: a Vila Leopoldina.\",\"url\":\"https:\\\/\\\/observatorioleopoldina.com.br\\\/home\\\/\",\"logo\":{\"@type\":\"ImageObject\",\"url\":\"https:\\\/\\\/observatorioleopoldina.com.br\\\/home\\\/wp-content\\\/uploads\\\/2024\\\/02\\\/2022-06-08-removebg-preview.png\",\"@id\":\"https:\\\/\\\/observatorioleopoldina.com.br\\\/home\\\/verde-que-te-quero-verde\\\/#organizationLogo\",\"width\":680,\"height\":247},\"image\":{\"@id\":\"https:\\\/\\\/observatorioleopoldina.com.br\\\/home\\\/verde-que-te-quero-verde\\\/#organizationLogo\"}},{\"@type\":\"Person\",\"@id\":\"https:\\\/\\\/observatorioleopoldina.com.br\\\/home\\\/author\\\/eduardo-fiora\\\/#author\",\"url\":\"https:\\\/\\\/observatorioleopoldina.com.br\\\/home\\\/author\\\/eduardo-fiora\\\/\",\"name\":\"Eduardo Fiora\"},{\"@type\":\"WebPage\",\"@id\":\"https:\\\/\\\/observatorioleopoldina.com.br\\\/home\\\/verde-que-te-quero-verde\\\/#webpage\",\"url\":\"https:\\\/\\\/observatorioleopoldina.com.br\\\/home\\\/verde-que-te-quero-verde\\\/\",\"name\":\"Verde que te quero verde - Observat\\u00f3rio Leopoldina\",\"description\":\"E l\\u00e1 se foi mais uma \\u00e1rvore no cen\\u00e1rio urbano da Leopoldina. Desta vez na longa cal\\u00e7ada do Sesi Vila Leopoldina . Era um ser novo e fazia parte da reposi\\u00e7\\u00e3o das velhas e grandes esp\\u00e9cies que existiam no local. De \\u00e1rvore em \\u00e1rvore, a rua perde sua massa verde, comprometendo o meio ambiente. Vamos\",\"inLanguage\":\"pt-BR\",\"isPartOf\":{\"@id\":\"https:\\\/\\\/observatorioleopoldina.com.br\\\/home\\\/#website\"},\"breadcrumb\":{\"@id\":\"https:\\\/\\\/observatorioleopoldina.com.br\\\/home\\\/verde-que-te-quero-verde\\\/#breadcrumblist\"},\"author\":{\"@id\":\"https:\\\/\\\/observatorioleopoldina.com.br\\\/home\\\/author\\\/eduardo-fiora\\\/#author\"},\"creator\":{\"@id\":\"https:\\\/\\\/observatorioleopoldina.com.br\\\/home\\\/author\\\/eduardo-fiora\\\/#author\"},\"image\":{\"@type\":\"ImageObject\",\"url\":\"https:\\\/\\\/observatorioleopoldina.com.br\\\/home\\\/wp-content\\\/uploads\\\/2025\\\/01\\\/Screenshot_20250110-091405.png\",\"@id\":\"https:\\\/\\\/observatorioleopoldina.com.br\\\/home\\\/verde-que-te-quero-verde\\\/#mainImage\",\"width\":1080,\"height\":694},\"primaryImageOfPage\":{\"@id\":\"https:\\\/\\\/observatorioleopoldina.com.br\\\/home\\\/verde-que-te-quero-verde\\\/#mainImage\"},\"datePublished\":\"2025-01-10T09:19:31-03:00\",\"dateModified\":\"2025-01-10T09:19:32-03:00\"},{\"@type\":\"WebSite\",\"@id\":\"https:\\\/\\\/observatorioleopoldina.com.br\\\/home\\\/#website\",\"url\":\"https:\\\/\\\/observatorioleopoldina.com.br\\\/home\\\/\",\"name\":\"Observat\\u00f3rio Leopoldina\",\"description\":\"Espa\\u00e7o virtual colaborativo focado no desenvolvimento socioecon\\u00f4mico sustent\\u00e1vel de um Distrito em plena transforma\\u00e7\\u00e3o: a Vila Leopoldina.\",\"inLanguage\":\"pt-BR\",\"publisher\":{\"@id\":\"https:\\\/\\\/observatorioleopoldina.com.br\\\/home\\\/#organization\"}}]}\n\t\t<\/script>\n\t\t<!-- All in One SEO -->\n\n","aioseo_head_json":{"title":"Verde que te quero verde - Observat\u00f3rio Leopoldina","description":"E l\u00e1 se foi mais uma \u00e1rvore no cen\u00e1rio urbano da Leopoldina. Desta vez na longa cal\u00e7ada do Sesi Vila Leopoldina . Era um ser novo e fazia parte da reposi\u00e7\u00e3o das velhas e grandes esp\u00e9cies que existiam no local. De \u00e1rvore em \u00e1rvore, a rua perde sua massa verde, comprometendo o meio ambiente. Vamos","canonical_url":"https:\/\/observatorioleopoldina.com.br\/home\/verde-que-te-quero-verde\/","robots":"max-image-preview:large","keywords":"","webmasterTools":{"miscellaneous":""},"schema":{"@context":"https:\/\/schema.org","@graph":[{"@type":"BlogPosting","@id":"https:\/\/observatorioleopoldina.com.br\/home\/verde-que-te-quero-verde\/#blogposting","name":"Verde que te quero verde - Observat\u00f3rio Leopoldina","headline":"Verde que te quero verde","author":{"@id":"https:\/\/observatorioleopoldina.com.br\/home\/author\/eduardo-fiora\/#author"},"publisher":{"@id":"https:\/\/observatorioleopoldina.com.br\/home\/#organization"},"image":{"@type":"ImageObject","url":"https:\/\/observatorioleopoldina.com.br\/home\/wp-content\/uploads\/2025\/01\/Screenshot_20250110-091405.png","width":1080,"height":694},"datePublished":"2025-01-10T09:19:31-03:00","dateModified":"2025-01-10T09:19:32-03:00","inLanguage":"pt-BR","mainEntityOfPage":{"@id":"https:\/\/observatorioleopoldina.com.br\/home\/verde-que-te-quero-verde\/#webpage"},"isPartOf":{"@id":"https:\/\/observatorioleopoldina.com.br\/home\/verde-que-te-quero-verde\/#webpage"},"articleSection":"Leopoldina Sustent\u00e1vel"},{"@type":"BreadcrumbList","@id":"https:\/\/observatorioleopoldina.com.br\/home\/verde-que-te-quero-verde\/#breadcrumblist","itemListElement":[{"@type":"ListItem","@id":"https:\/\/observatorioleopoldina.com.br\/home#listItem","position":1,"name":"In\u00edcio","item":"https:\/\/observatorioleopoldina.com.br\/home","nextItem":{"@type":"ListItem","@id":"https:\/\/observatorioleopoldina.com.br\/home\/category\/leopoldina-sustentavel\/#listItem","name":"Leopoldina Sustent\u00e1vel"}},{"@type":"ListItem","@id":"https:\/\/observatorioleopoldina.com.br\/home\/category\/leopoldina-sustentavel\/#listItem","position":2,"name":"Leopoldina Sustent\u00e1vel","item":"https:\/\/observatorioleopoldina.com.br\/home\/category\/leopoldina-sustentavel\/","nextItem":{"@type":"ListItem","@id":"https:\/\/observatorioleopoldina.com.br\/home\/verde-que-te-quero-verde\/#listItem","name":"Verde que te quero verde"},"previousItem":{"@type":"ListItem","@id":"https:\/\/observatorioleopoldina.com.br\/home#listItem","name":"In\u00edcio"}},{"@type":"ListItem","@id":"https:\/\/observatorioleopoldina.com.br\/home\/verde-que-te-quero-verde\/#listItem","position":3,"name":"Verde que te quero verde","previousItem":{"@type":"ListItem","@id":"https:\/\/observatorioleopoldina.com.br\/home\/category\/leopoldina-sustentavel\/#listItem","name":"Leopoldina Sustent\u00e1vel"}}]},{"@type":"Organization","@id":"https:\/\/observatorioleopoldina.com.br\/home\/#organization","name":"Observat\u00f3rio Leopoldina","description":"Espa\u00e7o virtual colaborativo focado no desenvolvimento socioecon\u00f4mico sustent\u00e1vel de um Distrito em plena transforma\u00e7\u00e3o: a Vila Leopoldina.","url":"https:\/\/observatorioleopoldina.com.br\/home\/","logo":{"@type":"ImageObject","url":"https:\/\/observatorioleopoldina.com.br\/home\/wp-content\/uploads\/2024\/02\/2022-06-08-removebg-preview.png","@id":"https:\/\/observatorioleopoldina.com.br\/home\/verde-que-te-quero-verde\/#organizationLogo","width":680,"height":247},"image":{"@id":"https:\/\/observatorioleopoldina.com.br\/home\/verde-que-te-quero-verde\/#organizationLogo"}},{"@type":"Person","@id":"https:\/\/observatorioleopoldina.com.br\/home\/author\/eduardo-fiora\/#author","url":"https:\/\/observatorioleopoldina.com.br\/home\/author\/eduardo-fiora\/","name":"Eduardo Fiora"},{"@type":"WebPage","@id":"https:\/\/observatorioleopoldina.com.br\/home\/verde-que-te-quero-verde\/#webpage","url":"https:\/\/observatorioleopoldina.com.br\/home\/verde-que-te-quero-verde\/","name":"Verde que te quero verde - Observat\u00f3rio Leopoldina","description":"E l\u00e1 se foi mais uma \u00e1rvore no cen\u00e1rio urbano da Leopoldina. Desta vez na longa cal\u00e7ada do Sesi Vila Leopoldina . Era um ser novo e fazia parte da reposi\u00e7\u00e3o das velhas e grandes esp\u00e9cies que existiam no local. De \u00e1rvore em \u00e1rvore, a rua perde sua massa verde, comprometendo o meio ambiente. Vamos","inLanguage":"pt-BR","isPartOf":{"@id":"https:\/\/observatorioleopoldina.com.br\/home\/#website"},"breadcrumb":{"@id":"https:\/\/observatorioleopoldina.com.br\/home\/verde-que-te-quero-verde\/#breadcrumblist"},"author":{"@id":"https:\/\/observatorioleopoldina.com.br\/home\/author\/eduardo-fiora\/#author"},"creator":{"@id":"https:\/\/observatorioleopoldina.com.br\/home\/author\/eduardo-fiora\/#author"},"image":{"@type":"ImageObject","url":"https:\/\/observatorioleopoldina.com.br\/home\/wp-content\/uploads\/2025\/01\/Screenshot_20250110-091405.png","@id":"https:\/\/observatorioleopoldina.com.br\/home\/verde-que-te-quero-verde\/#mainImage","width":1080,"height":694},"primaryImageOfPage":{"@id":"https:\/\/observatorioleopoldina.com.br\/home\/verde-que-te-quero-verde\/#mainImage"},"datePublished":"2025-01-10T09:19:31-03:00","dateModified":"2025-01-10T09:19:32-03:00"},{"@type":"WebSite","@id":"https:\/\/observatorioleopoldina.com.br\/home\/#website","url":"https:\/\/observatorioleopoldina.com.br\/home\/","name":"Observat\u00f3rio Leopoldina","description":"Espa\u00e7o virtual colaborativo focado no desenvolvimento socioecon\u00f4mico sustent\u00e1vel de um Distrito em plena transforma\u00e7\u00e3o: a Vila Leopoldina.","inLanguage":"pt-BR","publisher":{"@id":"https:\/\/observatorioleopoldina.com.br\/home\/#organization"}}]},"og:locale":"pt_BR","og:site_name":"Observat\u00f3rio Leopoldina - Espa\u00e7o virtual colaborativo focado no desenvolvimento socioecon\u00f4mico sustent\u00e1vel de um Distrito em plena transforma\u00e7\u00e3o: a Vila Leopoldina.","og:type":"article","og:title":"Verde que te quero verde - Observat\u00f3rio Leopoldina","og:description":"E l\u00e1 se foi mais uma \u00e1rvore no cen\u00e1rio urbano da Leopoldina. Desta vez na longa cal\u00e7ada do Sesi Vila Leopoldina . Era um ser novo e fazia parte da reposi\u00e7\u00e3o das velhas e grandes esp\u00e9cies que existiam no local. De \u00e1rvore em \u00e1rvore, a rua perde sua massa verde, comprometendo o meio ambiente. Vamos","og:url":"https:\/\/observatorioleopoldina.com.br\/home\/verde-que-te-quero-verde\/","og:image":"https:\/\/observatorioleopoldina.com.br\/home\/wp-content\/uploads\/2025\/01\/Screenshot_20250110-091405.png","og:image:secure_url":"https:\/\/observatorioleopoldina.com.br\/home\/wp-content\/uploads\/2025\/01\/Screenshot_20250110-091405.png","og:image:width":1080,"og:image:height":694,"article:published_time":"2025-01-10T12:19:31+00:00","article:modified_time":"2025-01-10T12:19:32+00:00","twitter:card":"summary_large_image","twitter:title":"Verde que te quero verde - Observat\u00f3rio Leopoldina","twitter:description":"E l\u00e1 se foi mais uma \u00e1rvore no cen\u00e1rio urbano da Leopoldina. Desta vez na longa cal\u00e7ada do Sesi Vila Leopoldina . Era um ser novo e fazia parte da reposi\u00e7\u00e3o das velhas e grandes esp\u00e9cies que existiam no local. De \u00e1rvore em \u00e1rvore, a rua perde sua massa verde, comprometendo o meio ambiente. Vamos","twitter:image":"https:\/\/observatorioleopoldina.com.br\/home\/wp-content\/uploads\/2025\/01\/Screenshot_20250110-091405.png"},"aioseo_meta_data":{"post_id":"3348","title":null,"description":null,"keywords":null,"keyphrases":{"focus":{"keyphrase":"","score":0,"analysis":{"keyphraseInTitle":{"score":0,"maxScore":9,"error":1}}},"additional":[]},"primary_term":null,"canonical_url":null,"og_title":null,"og_description":null,"og_object_type":"default","og_image_type":"default","og_image_url":null,"og_image_width":null,"og_image_height":null,"og_image_custom_url":null,"og_image_custom_fields":null,"og_video":"","og_custom_url":null,"og_article_section":null,"og_article_tags":null,"twitter_use_og":false,"twitter_card":"default","twitter_image_type":"default","twitter_image_url":null,"twitter_image_custom_url":null,"twitter_image_custom_fields":null,"twitter_title":null,"twitter_description":null,"schema":{"blockGraphs":[],"customGraphs":[],"default":{"data":{"Article":[],"Course":[],"Dataset":[],"FAQPage":[],"Movie":[],"Person":[],"Product":[],"ProductReview":[],"Car":[],"Recipe":[],"Service":[],"SoftwareApplication":[],"WebPage":[]},"graphName":"BlogPosting","isEnabled":true},"graphs":[]},"schema_type":"default","schema_type_options":null,"pillar_content":false,"robots_default":true,"robots_noindex":false,"robots_noarchive":false,"robots_nosnippet":false,"robots_nofollow":false,"robots_noimageindex":false,"robots_noodp":false,"robots_notranslate":false,"robots_max_snippet":"-1","robots_max_videopreview":"-1","robots_max_imagepreview":"large","priority":null,"frequency":"default","local_seo":null,"breadcrumb_settings":null,"limit_modified_date":false,"ai":null,"created":"2025-01-10 12:19:32","updated":"2025-06-04 15:02:18","seo_analyzer_scan_date":null,"focus_keyword":null,"additional_keywords":null,"truseo_locale":null},"aioseo_breadcrumb":"<div class=\"aioseo-breadcrumbs\"><span class=\"aioseo-breadcrumb\">\n\t\t\t<a href=\"https:\/\/observatorioleopoldina.com.br\/home\" title=\"In\u00edcio\">In\u00edcio<\/a>\n\t\t<\/span><span class=\"aioseo-breadcrumb-separator\">\u00bb<\/span><span class=\"aioseo-breadcrumb\">\n\t\t\t<a href=\"https:\/\/observatorioleopoldina.com.br\/home\/category\/leopoldina-sustentavel\/\" title=\"Leopoldina Sustent\u00e1vel\">Leopoldina Sustent\u00e1vel<\/a>\n\t\t<\/span><span class=\"aioseo-breadcrumb-separator\">\u00bb<\/span><span class=\"aioseo-breadcrumb\">\n\t\t\tVerde que te quero verde\n\t\t<\/span><\/div>","aioseo_breadcrumb_json":[{"label":"In\u00edcio","link":"https:\/\/observatorioleopoldina.com.br\/home"},{"label":"Leopoldina Sustent\u00e1vel","link":"https:\/\/observatorioleopoldina.com.br\/home\/category\/leopoldina-sustentavel\/"},{"label":"Verde que te quero verde","link":"https:\/\/observatorioleopoldina.com.br\/home\/verde-que-te-quero-verde\/"}],"_links":{"self":[{"href":"https:\/\/observatorioleopoldina.com.br\/home\/wp-json\/wp\/v2\/posts\/3348","targetHints":{"allow":["GET"]}}],"collection":[{"href":"https:\/\/observatorioleopoldina.com.br\/home\/wp-json\/wp\/v2\/posts"}],"about":[{"href":"https:\/\/observatorioleopoldina.com.br\/home\/wp-json\/wp\/v2\/types\/post"}],"author":[{"embeddable":true,"href":"https:\/\/observatorioleopoldina.com.br\/home\/wp-json\/wp\/v2\/users\/3"}],"replies":[{"embeddable":true,"href":"https:\/\/observatorioleopoldina.com.br\/home\/wp-json\/wp\/v2\/comments?post=3348"}],"version-history":[{"count":1,"href":"https:\/\/observatorioleopoldina.com.br\/home\/wp-json\/wp\/v2\/posts\/3348\/revisions"}],"predecessor-version":[{"id":3350,"href":"https:\/\/observatorioleopoldina.com.br\/home\/wp-json\/wp\/v2\/posts\/3348\/revisions\/3350"}],"wp:featuredmedia":[{"embeddable":true,"href":"https:\/\/observatorioleopoldina.com.br\/home\/wp-json\/wp\/v2\/media\/3349"}],"wp:attachment":[{"href":"https:\/\/observatorioleopoldina.com.br\/home\/wp-json\/wp\/v2\/media?parent=3348"}],"wp:term":[{"taxonomy":"category","embeddable":true,"href":"https:\/\/observatorioleopoldina.com.br\/home\/wp-json\/wp\/v2\/categories?post=3348"},{"taxonomy":"post_tag","embeddable":true,"href":"https:\/\/observatorioleopoldina.com.br\/home\/wp-json\/wp\/v2\/tags?post=3348"}],"curies":[{"name":"wp","href":"https:\/\/api.w.org\/{rel}","templated":true}]}}