{"id":3140,"date":"2024-11-15T11:07:35","date_gmt":"2024-11-15T14:07:35","guid":{"rendered":"https:\/\/observatorioleopoldina.com.br\/home\/?p=3140"},"modified":"2024-11-15T11:07:36","modified_gmt":"2024-11-15T14:07:36","slug":"o-que-voce-ve","status":"publish","type":"post","link":"https:\/\/observatorioleopoldina.com.br\/home\/o-que-voce-ve\/","title":{"rendered":"O que voc\u00ea v\u00ea?"},"content":{"rendered":"\n<p class=\"wp-block-paragraph\">A sa\u00fade mental \u00e9 um dos fatores de exclus\u00e3o das pessoas da sociedade.<\/p>\n\n\n\n<p class=\"wp-block-paragraph\">Algumas se organizam, com mais criatividade do que as outras. A express\u00e3o atrav\u00e9s de uma escultura de res\u00edduos descartados pela sociedade chama aten\u00e7\u00e3o na rua. <\/p>\n\n\n\n<p class=\"wp-block-paragraph\">A beleza dessa est\u00e1 na alegria de quem estava construindo e na necessidade de dizer que &#8220;eu estou aqui&#8221;<\/p>\n\n\n\n<figure class=\"wp-block-gallery has-nested-images columns-default is-cropped wp-block-gallery-1 is-layout-flex wp-block-gallery-is-layout-flex\">\n<figure class=\"wp-block-image size-large\"><img decoding=\"async\" width=\"461\" height=\"1024\" data-id=\"3142\" data-src=\"https:\/\/observatorioleopoldina.com.br\/home\/wp-content\/uploads\/2024\/11\/IMG_20241113_105433-461x1024.jpg\" alt=\"\" class=\"wp-image-3142 lazyload\" data-srcset=\"https:\/\/observatorioleopoldina.com.br\/home\/wp-content\/uploads\/2024\/11\/IMG_20241113_105433-461x1024.jpg 461w, https:\/\/observatorioleopoldina.com.br\/home\/wp-content\/uploads\/2024\/11\/IMG_20241113_105433-135x300.jpg 135w, https:\/\/observatorioleopoldina.com.br\/home\/wp-content\/uploads\/2024\/11\/IMG_20241113_105433-768x1707.jpg 768w, https:\/\/observatorioleopoldina.com.br\/home\/wp-content\/uploads\/2024\/11\/IMG_20241113_105433-691x1536.jpg 691w, https:\/\/observatorioleopoldina.com.br\/home\/wp-content\/uploads\/2024\/11\/IMG_20241113_105433-922x2048.jpg 922w, https:\/\/observatorioleopoldina.com.br\/home\/wp-content\/uploads\/2024\/11\/IMG_20241113_105433-scaled.jpg 1152w\" data-sizes=\"(max-width: 461px) 100vw, 461px\" src=\"data:image\/gif;base64,R0lGODlhAQABAAAAACH5BAEKAAEALAAAAAABAAEAAAICTAEAOw==\" style=\"--smush-placeholder-width: 461px; --smush-placeholder-aspect-ratio: 461\/1024;\" \/><figcaption class=\"wp-element-caption\">Pessoa construindo uma escultura com res\u00edduos<\/figcaption><\/figure>\n\n\n\n<figure class=\"wp-block-image size-large\"><img decoding=\"async\" width=\"461\" height=\"1024\" data-id=\"3141\" data-src=\"https:\/\/observatorioleopoldina.com.br\/home\/wp-content\/uploads\/2024\/11\/IMG_20241113_105443-461x1024.jpg\" alt=\"\" class=\"wp-image-3141 lazyload\" data-srcset=\"https:\/\/observatorioleopoldina.com.br\/home\/wp-content\/uploads\/2024\/11\/IMG_20241113_105443-461x1024.jpg 461w, https:\/\/observatorioleopoldina.com.br\/home\/wp-content\/uploads\/2024\/11\/IMG_20241113_105443-135x300.jpg 135w, https:\/\/observatorioleopoldina.com.br\/home\/wp-content\/uploads\/2024\/11\/IMG_20241113_105443-768x1707.jpg 768w, https:\/\/observatorioleopoldina.com.br\/home\/wp-content\/uploads\/2024\/11\/IMG_20241113_105443-691x1536.jpg 691w, https:\/\/observatorioleopoldina.com.br\/home\/wp-content\/uploads\/2024\/11\/IMG_20241113_105443-922x2048.jpg 922w, https:\/\/observatorioleopoldina.com.br\/home\/wp-content\/uploads\/2024\/11\/IMG_20241113_105443-scaled.jpg 1152w\" data-sizes=\"(max-width: 461px) 100vw, 461px\" src=\"data:image\/gif;base64,R0lGODlhAQABAAAAACH5BAEKAAEALAAAAAABAAEAAAICTAEAOw==\" style=\"--smush-placeholder-width: 461px; --smush-placeholder-aspect-ratio: 461\/1024;\" \/><figcaption class=\"wp-element-caption\">Pessoa construindo uma escultura com res\u00edduos<\/figcaption><\/figure>\n\n\n\n<figure class=\"wp-block-image size-large\"><img decoding=\"async\" width=\"461\" height=\"1024\" data-id=\"3143\" data-src=\"https:\/\/observatorioleopoldina.com.br\/home\/wp-content\/uploads\/2024\/11\/IMG_20241113_142723-461x1024.jpg\" alt=\"\" class=\"wp-image-3143 lazyload\" data-srcset=\"https:\/\/observatorioleopoldina.com.br\/home\/wp-content\/uploads\/2024\/11\/IMG_20241113_142723-461x1024.jpg 461w, https:\/\/observatorioleopoldina.com.br\/home\/wp-content\/uploads\/2024\/11\/IMG_20241113_142723-135x300.jpg 135w, https:\/\/observatorioleopoldina.com.br\/home\/wp-content\/uploads\/2024\/11\/IMG_20241113_142723-768x1707.jpg 768w, https:\/\/observatorioleopoldina.com.br\/home\/wp-content\/uploads\/2024\/11\/IMG_20241113_142723-691x1536.jpg 691w, https:\/\/observatorioleopoldina.com.br\/home\/wp-content\/uploads\/2024\/11\/IMG_20241113_142723-922x2048.jpg 922w, https:\/\/observatorioleopoldina.com.br\/home\/wp-content\/uploads\/2024\/11\/IMG_20241113_142723-scaled.jpg 1152w\" data-sizes=\"(max-width: 461px) 100vw, 461px\" src=\"data:image\/gif;base64,R0lGODlhAQABAAAAACH5BAEKAAEALAAAAAABAAEAAAICTAEAOw==\" style=\"--smush-placeholder-width: 461px; --smush-placeholder-aspect-ratio: 461\/1024;\" \/><figcaption class=\"wp-element-caption\">O que voc\u00ea v\u00ea? <\/figcaption><\/figure>\n<\/figure>\n","protected":false},"excerpt":{"rendered":"<p>A sa\u00fade mental \u00e9 um dos fatores de exclus\u00e3o das pessoas da sociedade. Algumas se<\/p>\n","protected":false},"author":4,"featured_media":3142,"comment_status":"closed","ping_status":"closed","sticky":false,"template":"","format":"standard","meta":{"footnotes":""},"categories":[246],"tags":[451,363],"class_list":["post-3140","post","type-post","status-publish","format-standard","has-post-thumbnail","hentry","category-saude","tag-populacao-de-rua","tag-saude-mental"],"aioseo_notices":[],"aioseo_head":"\n\t\t<!-- All in One SEO 5.0.1.1 - aioseo.com -->\n\t<meta name=\"description\" content=\"A sa\u00fade mental \u00e9 um dos fatores de exclus\u00e3o das pessoas da sociedade. Algumas se organizam, com mais criatividade do que as outras. A express\u00e3o atrav\u00e9s de uma escultura de res\u00edduos descartados pela sociedade chama aten\u00e7\u00e3o na rua. A beleza dessa est\u00e1 na alegria de quem estava construindo e na necessidade de dizer que &quot;eu\" \/>\n\t<meta name=\"robots\" content=\"max-image-preview:large\" \/>\n\t<meta name=\"author\" content=\"Alexandra Swerts\"\/>\n\t<link rel=\"canonical\" href=\"https:\/\/observatorioleopoldina.com.br\/home\/o-que-voce-ve\/\" \/>\n\t<meta name=\"generator\" content=\"All in One SEO (AIOSEO) 5.0.1.1\" \/>\n\t\t<meta property=\"og:locale\" content=\"pt_BR\" \/>\n\t\t<meta property=\"og:site_name\" content=\"Observat\u00f3rio Leopoldina - Espa\u00e7o virtual colaborativo focado no desenvolvimento socioecon\u00f4mico sustent\u00e1vel de um Distrito em plena transforma\u00e7\u00e3o: a Vila Leopoldina.\" \/>\n\t\t<meta property=\"og:type\" content=\"article\" \/>\n\t\t<meta property=\"og:title\" content=\"O que voc\u00ea v\u00ea? - Observat\u00f3rio Leopoldina\" \/>\n\t\t<meta property=\"og:description\" content=\"A sa\u00fade mental \u00e9 um dos fatores de exclus\u00e3o das pessoas da sociedade. Algumas se organizam, com mais criatividade do que as outras. A express\u00e3o atrav\u00e9s de uma escultura de res\u00edduos descartados pela sociedade chama aten\u00e7\u00e3o na rua. A beleza dessa est\u00e1 na alegria de quem estava construindo e na necessidade de dizer que &quot;eu\" \/>\n\t\t<meta property=\"og:url\" content=\"https:\/\/observatorioleopoldina.com.br\/home\/o-que-voce-ve\/\" \/>\n\t\t<meta property=\"og:image\" content=\"https:\/\/observatorioleopoldina.com.br\/home\/wp-content\/uploads\/2024\/11\/IMG_20241113_105433-scaled.jpg\" \/>\n\t\t<meta property=\"og:image:secure_url\" content=\"https:\/\/observatorioleopoldina.com.br\/home\/wp-content\/uploads\/2024\/11\/IMG_20241113_105433-scaled.jpg\" \/>\n\t\t<meta property=\"og:image:width\" content=\"1152\" \/>\n\t\t<meta property=\"og:image:height\" content=\"2560\" \/>\n\t\t<meta property=\"article:published_time\" content=\"2024-11-15T14:07:35+00:00\" \/>\n\t\t<meta property=\"article:modified_time\" content=\"2024-11-15T14:07:36+00:00\" \/>\n\t\t<meta name=\"twitter:card\" content=\"summary_large_image\" \/>\n\t\t<meta name=\"twitter:title\" content=\"O que voc\u00ea v\u00ea? - Observat\u00f3rio Leopoldina\" \/>\n\t\t<meta name=\"twitter:description\" content=\"A sa\u00fade mental \u00e9 um dos fatores de exclus\u00e3o das pessoas da sociedade. Algumas se organizam, com mais criatividade do que as outras. A express\u00e3o atrav\u00e9s de uma escultura de res\u00edduos descartados pela sociedade chama aten\u00e7\u00e3o na rua. A beleza dessa est\u00e1 na alegria de quem estava construindo e na necessidade de dizer que &quot;eu\" \/>\n\t\t<meta name=\"twitter:image\" content=\"https:\/\/observatorioleopoldina.com.br\/home\/wp-content\/uploads\/2024\/11\/IMG_20241113_105433-scaled.jpg\" \/>\n\t\t<script type=\"application\/ld+json\" class=\"aioseo-schema\">\n\t\t\t{\"@context\":\"https:\\\/\\\/schema.org\",\"@graph\":[{\"@type\":\"BlogPosting\",\"@id\":\"https:\\\/\\\/observatorioleopoldina.com.br\\\/home\\\/o-que-voce-ve\\\/#blogposting\",\"name\":\"O que voc\\u00ea v\\u00ea? - Observat\\u00f3rio Leopoldina\",\"headline\":\"O que voc\\u00ea v\\u00ea?\",\"author\":{\"@id\":\"https:\\\/\\\/observatorioleopoldina.com.br\\\/home\\\/author\\\/ale\\\/#author\"},\"publisher\":{\"@id\":\"https:\\\/\\\/observatorioleopoldina.com.br\\\/home\\\/#organization\"},\"image\":{\"@type\":\"ImageObject\",\"url\":\"https:\\\/\\\/observatorioleopoldina.com.br\\\/home\\\/wp-content\\\/uploads\\\/2024\\\/11\\\/IMG_20241113_105433-scaled.jpg\",\"width\":1152,\"height\":2560},\"datePublished\":\"2024-11-15T11:07:35-03:00\",\"dateModified\":\"2024-11-15T11:07:36-03:00\",\"inLanguage\":\"pt-BR\",\"mainEntityOfPage\":{\"@id\":\"https:\\\/\\\/observatorioleopoldina.com.br\\\/home\\\/o-que-voce-ve\\\/#webpage\"},\"isPartOf\":{\"@id\":\"https:\\\/\\\/observatorioleopoldina.com.br\\\/home\\\/o-que-voce-ve\\\/#webpage\"},\"articleSection\":\"Sa\\u00fade, popula\\u00e7\\u00e3o de rua, saude mental\"},{\"@type\":\"BreadcrumbList\",\"@id\":\"https:\\\/\\\/observatorioleopoldina.com.br\\\/home\\\/o-que-voce-ve\\\/#breadcrumblist\",\"itemListElement\":[{\"@type\":\"ListItem\",\"@id\":\"https:\\\/\\\/observatorioleopoldina.com.br\\\/home#listItem\",\"position\":1,\"name\":\"In\\u00edcio\",\"item\":\"https:\\\/\\\/observatorioleopoldina.com.br\\\/home\",\"nextItem\":{\"@type\":\"ListItem\",\"@id\":\"https:\\\/\\\/observatorioleopoldina.com.br\\\/home\\\/category\\\/no-bairro\\\/#listItem\",\"name\":\"No Bairro\"}},{\"@type\":\"ListItem\",\"@id\":\"https:\\\/\\\/observatorioleopoldina.com.br\\\/home\\\/category\\\/no-bairro\\\/#listItem\",\"position\":2,\"name\":\"No Bairro\",\"item\":\"https:\\\/\\\/observatorioleopoldina.com.br\\\/home\\\/category\\\/no-bairro\\\/\",\"nextItem\":{\"@type\":\"ListItem\",\"@id\":\"https:\\\/\\\/observatorioleopoldina.com.br\\\/home\\\/category\\\/no-bairro\\\/saude\\\/#listItem\",\"name\":\"Sa\\u00fade\"},\"previousItem\":{\"@type\":\"ListItem\",\"@id\":\"https:\\\/\\\/observatorioleopoldina.com.br\\\/home#listItem\",\"name\":\"In\\u00edcio\"}},{\"@type\":\"ListItem\",\"@id\":\"https:\\\/\\\/observatorioleopoldina.com.br\\\/home\\\/category\\\/no-bairro\\\/saude\\\/#listItem\",\"position\":3,\"name\":\"Sa\\u00fade\",\"item\":\"https:\\\/\\\/observatorioleopoldina.com.br\\\/home\\\/category\\\/no-bairro\\\/saude\\\/\",\"nextItem\":{\"@type\":\"ListItem\",\"@id\":\"https:\\\/\\\/observatorioleopoldina.com.br\\\/home\\\/o-que-voce-ve\\\/#listItem\",\"name\":\"O que voc\\u00ea v\\u00ea?\"},\"previousItem\":{\"@type\":\"ListItem\",\"@id\":\"https:\\\/\\\/observatorioleopoldina.com.br\\\/home\\\/category\\\/no-bairro\\\/#listItem\",\"name\":\"No Bairro\"}},{\"@type\":\"ListItem\",\"@id\":\"https:\\\/\\\/observatorioleopoldina.com.br\\\/home\\\/o-que-voce-ve\\\/#listItem\",\"position\":4,\"name\":\"O que voc\\u00ea v\\u00ea?\",\"previousItem\":{\"@type\":\"ListItem\",\"@id\":\"https:\\\/\\\/observatorioleopoldina.com.br\\\/home\\\/category\\\/no-bairro\\\/saude\\\/#listItem\",\"name\":\"Sa\\u00fade\"}}]},{\"@type\":\"Organization\",\"@id\":\"https:\\\/\\\/observatorioleopoldina.com.br\\\/home\\\/#organization\",\"name\":\"Observat\\u00f3rio Leopoldina\",\"description\":\"Espa\\u00e7o virtual colaborativo focado no desenvolvimento socioecon\\u00f4mico sustent\\u00e1vel de um Distrito em plena transforma\\u00e7\\u00e3o: a Vila Leopoldina.\",\"url\":\"https:\\\/\\\/observatorioleopoldina.com.br\\\/home\\\/\",\"logo\":{\"@type\":\"ImageObject\",\"url\":\"https:\\\/\\\/observatorioleopoldina.com.br\\\/home\\\/wp-content\\\/uploads\\\/2024\\\/02\\\/2022-06-08-removebg-preview.png\",\"@id\":\"https:\\\/\\\/observatorioleopoldina.com.br\\\/home\\\/o-que-voce-ve\\\/#organizationLogo\",\"width\":680,\"height\":247},\"image\":{\"@id\":\"https:\\\/\\\/observatorioleopoldina.com.br\\\/home\\\/o-que-voce-ve\\\/#organizationLogo\"}},{\"@type\":\"Person\",\"@id\":\"https:\\\/\\\/observatorioleopoldina.com.br\\\/home\\\/author\\\/ale\\\/#author\",\"url\":\"https:\\\/\\\/observatorioleopoldina.com.br\\\/home\\\/author\\\/ale\\\/\",\"name\":\"Alexandra Swerts\"},{\"@type\":\"WebPage\",\"@id\":\"https:\\\/\\\/observatorioleopoldina.com.br\\\/home\\\/o-que-voce-ve\\\/#webpage\",\"url\":\"https:\\\/\\\/observatorioleopoldina.com.br\\\/home\\\/o-que-voce-ve\\\/\",\"name\":\"O que voc\\u00ea v\\u00ea? - Observat\\u00f3rio Leopoldina\",\"description\":\"A sa\\u00fade mental \\u00e9 um dos fatores de exclus\\u00e3o das pessoas da sociedade. Algumas se organizam, com mais criatividade do que as outras. A express\\u00e3o atrav\\u00e9s de uma escultura de res\\u00edduos descartados pela sociedade chama aten\\u00e7\\u00e3o na rua. A beleza dessa est\\u00e1 na alegria de quem estava construindo e na necessidade de dizer que \\\"eu\",\"inLanguage\":\"pt-BR\",\"isPartOf\":{\"@id\":\"https:\\\/\\\/observatorioleopoldina.com.br\\\/home\\\/#website\"},\"breadcrumb\":{\"@id\":\"https:\\\/\\\/observatorioleopoldina.com.br\\\/home\\\/o-que-voce-ve\\\/#breadcrumblist\"},\"author\":{\"@id\":\"https:\\\/\\\/observatorioleopoldina.com.br\\\/home\\\/author\\\/ale\\\/#author\"},\"creator\":{\"@id\":\"https:\\\/\\\/observatorioleopoldina.com.br\\\/home\\\/author\\\/ale\\\/#author\"},\"image\":{\"@type\":\"ImageObject\",\"url\":\"https:\\\/\\\/observatorioleopoldina.com.br\\\/home\\\/wp-content\\\/uploads\\\/2024\\\/11\\\/IMG_20241113_105433-scaled.jpg\",\"@id\":\"https:\\\/\\\/observatorioleopoldina.com.br\\\/home\\\/o-que-voce-ve\\\/#mainImage\",\"width\":1152,\"height\":2560},\"primaryImageOfPage\":{\"@id\":\"https:\\\/\\\/observatorioleopoldina.com.br\\\/home\\\/o-que-voce-ve\\\/#mainImage\"},\"datePublished\":\"2024-11-15T11:07:35-03:00\",\"dateModified\":\"2024-11-15T11:07:36-03:00\"},{\"@type\":\"WebSite\",\"@id\":\"https:\\\/\\\/observatorioleopoldina.com.br\\\/home\\\/#website\",\"url\":\"https:\\\/\\\/observatorioleopoldina.com.br\\\/home\\\/\",\"name\":\"Observat\\u00f3rio Leopoldina\",\"description\":\"Espa\\u00e7o virtual colaborativo focado no desenvolvimento socioecon\\u00f4mico sustent\\u00e1vel de um Distrito em plena transforma\\u00e7\\u00e3o: a Vila Leopoldina.\",\"inLanguage\":\"pt-BR\",\"publisher\":{\"@id\":\"https:\\\/\\\/observatorioleopoldina.com.br\\\/home\\\/#organization\"}}]}\n\t\t<\/script>\n\t\t<!-- All in One SEO -->\n\n","aioseo_head_json":{"title":"O que voc\u00ea v\u00ea? - Observat\u00f3rio Leopoldina","description":"A sa\u00fade mental \u00e9 um dos fatores de exclus\u00e3o das pessoas da sociedade. Algumas se organizam, com mais criatividade do que as outras. A express\u00e3o atrav\u00e9s de uma escultura de res\u00edduos descartados pela sociedade chama aten\u00e7\u00e3o na rua. A beleza dessa est\u00e1 na alegria de quem estava construindo e na necessidade de dizer que \"eu","canonical_url":"https:\/\/observatorioleopoldina.com.br\/home\/o-que-voce-ve\/","robots":"max-image-preview:large","keywords":"","webmasterTools":{"miscellaneous":""},"schema":{"@context":"https:\/\/schema.org","@graph":[{"@type":"BlogPosting","@id":"https:\/\/observatorioleopoldina.com.br\/home\/o-que-voce-ve\/#blogposting","name":"O que voc\u00ea v\u00ea? - Observat\u00f3rio Leopoldina","headline":"O que voc\u00ea v\u00ea?","author":{"@id":"https:\/\/observatorioleopoldina.com.br\/home\/author\/ale\/#author"},"publisher":{"@id":"https:\/\/observatorioleopoldina.com.br\/home\/#organization"},"image":{"@type":"ImageObject","url":"https:\/\/observatorioleopoldina.com.br\/home\/wp-content\/uploads\/2024\/11\/IMG_20241113_105433-scaled.jpg","width":1152,"height":2560},"datePublished":"2024-11-15T11:07:35-03:00","dateModified":"2024-11-15T11:07:36-03:00","inLanguage":"pt-BR","mainEntityOfPage":{"@id":"https:\/\/observatorioleopoldina.com.br\/home\/o-que-voce-ve\/#webpage"},"isPartOf":{"@id":"https:\/\/observatorioleopoldina.com.br\/home\/o-que-voce-ve\/#webpage"},"articleSection":"Sa\u00fade, popula\u00e7\u00e3o de rua, saude mental"},{"@type":"BreadcrumbList","@id":"https:\/\/observatorioleopoldina.com.br\/home\/o-que-voce-ve\/#breadcrumblist","itemListElement":[{"@type":"ListItem","@id":"https:\/\/observatorioleopoldina.com.br\/home#listItem","position":1,"name":"In\u00edcio","item":"https:\/\/observatorioleopoldina.com.br\/home","nextItem":{"@type":"ListItem","@id":"https:\/\/observatorioleopoldina.com.br\/home\/category\/no-bairro\/#listItem","name":"No Bairro"}},{"@type":"ListItem","@id":"https:\/\/observatorioleopoldina.com.br\/home\/category\/no-bairro\/#listItem","position":2,"name":"No Bairro","item":"https:\/\/observatorioleopoldina.com.br\/home\/category\/no-bairro\/","nextItem":{"@type":"ListItem","@id":"https:\/\/observatorioleopoldina.com.br\/home\/category\/no-bairro\/saude\/#listItem","name":"Sa\u00fade"},"previousItem":{"@type":"ListItem","@id":"https:\/\/observatorioleopoldina.com.br\/home#listItem","name":"In\u00edcio"}},{"@type":"ListItem","@id":"https:\/\/observatorioleopoldina.com.br\/home\/category\/no-bairro\/saude\/#listItem","position":3,"name":"Sa\u00fade","item":"https:\/\/observatorioleopoldina.com.br\/home\/category\/no-bairro\/saude\/","nextItem":{"@type":"ListItem","@id":"https:\/\/observatorioleopoldina.com.br\/home\/o-que-voce-ve\/#listItem","name":"O que voc\u00ea v\u00ea?"},"previousItem":{"@type":"ListItem","@id":"https:\/\/observatorioleopoldina.com.br\/home\/category\/no-bairro\/#listItem","name":"No Bairro"}},{"@type":"ListItem","@id":"https:\/\/observatorioleopoldina.com.br\/home\/o-que-voce-ve\/#listItem","position":4,"name":"O que voc\u00ea v\u00ea?","previousItem":{"@type":"ListItem","@id":"https:\/\/observatorioleopoldina.com.br\/home\/category\/no-bairro\/saude\/#listItem","name":"Sa\u00fade"}}]},{"@type":"Organization","@id":"https:\/\/observatorioleopoldina.com.br\/home\/#organization","name":"Observat\u00f3rio Leopoldina","description":"Espa\u00e7o virtual colaborativo focado no desenvolvimento socioecon\u00f4mico sustent\u00e1vel de um Distrito em plena transforma\u00e7\u00e3o: a Vila Leopoldina.","url":"https:\/\/observatorioleopoldina.com.br\/home\/","logo":{"@type":"ImageObject","url":"https:\/\/observatorioleopoldina.com.br\/home\/wp-content\/uploads\/2024\/02\/2022-06-08-removebg-preview.png","@id":"https:\/\/observatorioleopoldina.com.br\/home\/o-que-voce-ve\/#organizationLogo","width":680,"height":247},"image":{"@id":"https:\/\/observatorioleopoldina.com.br\/home\/o-que-voce-ve\/#organizationLogo"}},{"@type":"Person","@id":"https:\/\/observatorioleopoldina.com.br\/home\/author\/ale\/#author","url":"https:\/\/observatorioleopoldina.com.br\/home\/author\/ale\/","name":"Alexandra Swerts"},{"@type":"WebPage","@id":"https:\/\/observatorioleopoldina.com.br\/home\/o-que-voce-ve\/#webpage","url":"https:\/\/observatorioleopoldina.com.br\/home\/o-que-voce-ve\/","name":"O que voc\u00ea v\u00ea? - Observat\u00f3rio Leopoldina","description":"A sa\u00fade mental \u00e9 um dos fatores de exclus\u00e3o das pessoas da sociedade. Algumas se organizam, com mais criatividade do que as outras. A express\u00e3o atrav\u00e9s de uma escultura de res\u00edduos descartados pela sociedade chama aten\u00e7\u00e3o na rua. A beleza dessa est\u00e1 na alegria de quem estava construindo e na necessidade de dizer que \"eu","inLanguage":"pt-BR","isPartOf":{"@id":"https:\/\/observatorioleopoldina.com.br\/home\/#website"},"breadcrumb":{"@id":"https:\/\/observatorioleopoldina.com.br\/home\/o-que-voce-ve\/#breadcrumblist"},"author":{"@id":"https:\/\/observatorioleopoldina.com.br\/home\/author\/ale\/#author"},"creator":{"@id":"https:\/\/observatorioleopoldina.com.br\/home\/author\/ale\/#author"},"image":{"@type":"ImageObject","url":"https:\/\/observatorioleopoldina.com.br\/home\/wp-content\/uploads\/2024\/11\/IMG_20241113_105433-scaled.jpg","@id":"https:\/\/observatorioleopoldina.com.br\/home\/o-que-voce-ve\/#mainImage","width":1152,"height":2560},"primaryImageOfPage":{"@id":"https:\/\/observatorioleopoldina.com.br\/home\/o-que-voce-ve\/#mainImage"},"datePublished":"2024-11-15T11:07:35-03:00","dateModified":"2024-11-15T11:07:36-03:00"},{"@type":"WebSite","@id":"https:\/\/observatorioleopoldina.com.br\/home\/#website","url":"https:\/\/observatorioleopoldina.com.br\/home\/","name":"Observat\u00f3rio Leopoldina","description":"Espa\u00e7o virtual colaborativo focado no desenvolvimento socioecon\u00f4mico sustent\u00e1vel de um Distrito em plena transforma\u00e7\u00e3o: a Vila Leopoldina.","inLanguage":"pt-BR","publisher":{"@id":"https:\/\/observatorioleopoldina.com.br\/home\/#organization"}}]},"og:locale":"pt_BR","og:site_name":"Observat\u00f3rio Leopoldina - Espa\u00e7o virtual colaborativo focado no desenvolvimento socioecon\u00f4mico sustent\u00e1vel de um Distrito em plena transforma\u00e7\u00e3o: a Vila Leopoldina.","og:type":"article","og:title":"O que voc\u00ea v\u00ea? - Observat\u00f3rio Leopoldina","og:description":"A sa\u00fade mental \u00e9 um dos fatores de exclus\u00e3o das pessoas da sociedade. Algumas se organizam, com mais criatividade do que as outras. A express\u00e3o atrav\u00e9s de uma escultura de res\u00edduos descartados pela sociedade chama aten\u00e7\u00e3o na rua. A beleza dessa est\u00e1 na alegria de quem estava construindo e na necessidade de dizer que &quot;eu","og:url":"https:\/\/observatorioleopoldina.com.br\/home\/o-que-voce-ve\/","og:image":"https:\/\/observatorioleopoldina.com.br\/home\/wp-content\/uploads\/2024\/11\/IMG_20241113_105433-scaled.jpg","og:image:secure_url":"https:\/\/observatorioleopoldina.com.br\/home\/wp-content\/uploads\/2024\/11\/IMG_20241113_105433-scaled.jpg","og:image:width":1152,"og:image:height":2560,"article:published_time":"2024-11-15T14:07:35+00:00","article:modified_time":"2024-11-15T14:07:36+00:00","twitter:card":"summary_large_image","twitter:title":"O que voc\u00ea v\u00ea? - Observat\u00f3rio Leopoldina","twitter:description":"A sa\u00fade mental \u00e9 um dos fatores de exclus\u00e3o das pessoas da sociedade. Algumas se organizam, com mais criatividade do que as outras. A express\u00e3o atrav\u00e9s de uma escultura de res\u00edduos descartados pela sociedade chama aten\u00e7\u00e3o na rua. A beleza dessa est\u00e1 na alegria de quem estava construindo e na necessidade de dizer que &quot;eu","twitter:image":"https:\/\/observatorioleopoldina.com.br\/home\/wp-content\/uploads\/2024\/11\/IMG_20241113_105433-scaled.jpg"},"aioseo_meta_data":{"post_id":"3140","title":null,"description":null,"keywords":null,"keyphrases":{"focus":{"keyphrase":"","score":0,"analysis":{"keyphraseInTitle":{"score":0,"maxScore":9,"error":1}}},"additional":[]},"primary_term":null,"canonical_url":null,"og_title":null,"og_description":null,"og_object_type":"default","og_image_type":"default","og_image_url":null,"og_image_width":null,"og_image_height":null,"og_image_custom_url":null,"og_image_custom_fields":null,"og_video":"","og_custom_url":null,"og_article_section":null,"og_article_tags":null,"twitter_use_og":false,"twitter_card":"default","twitter_image_type":"default","twitter_image_url":null,"twitter_image_custom_url":null,"twitter_image_custom_fields":null,"twitter_title":null,"twitter_description":null,"schema":{"blockGraphs":[],"customGraphs":[],"default":{"data":{"Article":[],"Course":[],"Dataset":[],"FAQPage":[],"Movie":[],"Person":[],"Product":[],"ProductReview":[],"Car":[],"Recipe":[],"Service":[],"SoftwareApplication":[],"WebPage":[]},"graphName":"BlogPosting","isEnabled":true},"graphs":[]},"schema_type":"default","schema_type_options":null,"pillar_content":false,"robots_default":true,"robots_noindex":false,"robots_noarchive":false,"robots_nosnippet":false,"robots_nofollow":false,"robots_noimageindex":false,"robots_noodp":false,"robots_notranslate":false,"robots_max_snippet":"-1","robots_max_videopreview":"-1","robots_max_imagepreview":"large","priority":null,"frequency":"default","local_seo":null,"breadcrumb_settings":null,"limit_modified_date":false,"ai":null,"created":"2024-11-15 14:07:36","updated":"2025-06-04 13:59:15","seo_analyzer_scan_date":null,"focus_keyword":null,"additional_keywords":null,"truseo_locale":null},"aioseo_breadcrumb":"<div class=\"aioseo-breadcrumbs\"><span class=\"aioseo-breadcrumb\">\n\t\t\t<a href=\"https:\/\/observatorioleopoldina.com.br\/home\" title=\"In\u00edcio\">In\u00edcio<\/a>\n\t\t<\/span><span class=\"aioseo-breadcrumb-separator\">\u00bb<\/span><span class=\"aioseo-breadcrumb\">\n\t\t\t<a href=\"https:\/\/observatorioleopoldina.com.br\/home\/category\/no-bairro\/\" title=\"No Bairro\">No Bairro<\/a>\n\t\t<\/span><span class=\"aioseo-breadcrumb-separator\">\u00bb<\/span><span class=\"aioseo-breadcrumb\">\n\t\t\t<a href=\"https:\/\/observatorioleopoldina.com.br\/home\/category\/no-bairro\/saude\/\" title=\"Sa\u00fade\">Sa\u00fade<\/a>\n\t\t<\/span><span class=\"aioseo-breadcrumb-separator\">\u00bb<\/span><span class=\"aioseo-breadcrumb\">\n\t\t\tO que voc\u00ea v\u00ea?\n\t\t<\/span><\/div>","aioseo_breadcrumb_json":[{"label":"In\u00edcio","link":"https:\/\/observatorioleopoldina.com.br\/home"},{"label":"No Bairro","link":"https:\/\/observatorioleopoldina.com.br\/home\/category\/no-bairro\/"},{"label":"Sa\u00fade","link":"https:\/\/observatorioleopoldina.com.br\/home\/category\/no-bairro\/saude\/"},{"label":"O que voc\u00ea v\u00ea?","link":"https:\/\/observatorioleopoldina.com.br\/home\/o-que-voce-ve\/"}],"_links":{"self":[{"href":"https:\/\/observatorioleopoldina.com.br\/home\/wp-json\/wp\/v2\/posts\/3140","targetHints":{"allow":["GET"]}}],"collection":[{"href":"https:\/\/observatorioleopoldina.com.br\/home\/wp-json\/wp\/v2\/posts"}],"about":[{"href":"https:\/\/observatorioleopoldina.com.br\/home\/wp-json\/wp\/v2\/types\/post"}],"author":[{"embeddable":true,"href":"https:\/\/observatorioleopoldina.com.br\/home\/wp-json\/wp\/v2\/users\/4"}],"replies":[{"embeddable":true,"href":"https:\/\/observatorioleopoldina.com.br\/home\/wp-json\/wp\/v2\/comments?post=3140"}],"version-history":[{"count":1,"href":"https:\/\/observatorioleopoldina.com.br\/home\/wp-json\/wp\/v2\/posts\/3140\/revisions"}],"predecessor-version":[{"id":3144,"href":"https:\/\/observatorioleopoldina.com.br\/home\/wp-json\/wp\/v2\/posts\/3140\/revisions\/3144"}],"wp:featuredmedia":[{"embeddable":true,"href":"https:\/\/observatorioleopoldina.com.br\/home\/wp-json\/wp\/v2\/media\/3142"}],"wp:attachment":[{"href":"https:\/\/observatorioleopoldina.com.br\/home\/wp-json\/wp\/v2\/media?parent=3140"}],"wp:term":[{"taxonomy":"category","embeddable":true,"href":"https:\/\/observatorioleopoldina.com.br\/home\/wp-json\/wp\/v2\/categories?post=3140"},{"taxonomy":"post_tag","embeddable":true,"href":"https:\/\/observatorioleopoldina.com.br\/home\/wp-json\/wp\/v2\/tags?post=3140"}],"curies":[{"name":"wp","href":"https:\/\/api.w.org\/{rel}","templated":true}]}}