{"id":2954,"date":"2024-10-15T10:50:37","date_gmt":"2024-10-15T13:50:37","guid":{"rendered":"https:\/\/observatorioleopoldina.com.br\/home\/?p=2954"},"modified":"2024-10-15T10:52:40","modified_gmt":"2024-10-15T13:52:40","slug":"praca-e-invadida-por-carros","status":"publish","type":"post","link":"https:\/\/observatorioleopoldina.com.br\/home\/praca-e-invadida-por-carros\/","title":{"rendered":"Pra\u00e7a \u00e9 invadida por carros"},"content":{"rendered":"\n<p class=\"wp-block-paragraph\">Um vizinho amigo da Pra\u00e7a Cyla Remundini, na Leopoldina, denunciou, na noite da segunda-feira, 14, o abuso do servi\u00e7o de manobristas da casa de eventos localizada na Av. Queiroz Filho. <\/p>\n\n\n\n<p class=\"wp-block-paragraph\">A pra\u00e7a n\u00e3o \u00e9 estacionamento e tem que se preservada. Os carros.estragam a cal\u00e7ada, a guia ,chegando nas \u00e1rvores mais fr\u00e1geis.<\/p>\n\n\n\n<p class=\"wp-block-paragraph\">A vizinhan\u00e7a se mobilizou, saindo de casa pata  pedir a retirada dos carros e n\u00e3o foram atendidos. Essa agress\u00e3o \u00e0  pra\u00e7a p\u00fablica s\u00f3 foi resolvida com a chegada da pol\u00edcia<\/p>\n\n\n\n<p class=\"wp-block-paragraph\"><a href=\"https:\/\/www.instagram.com\/reel\/DBH8QcRsRji\/?igsh=dTVqanFqMnluMHFi\" title=\"\">https:\/\/www.instagram.com\/reel\/DBH8QcRsRji\/?igsh=dTVqanFqMnluMHFi<\/a><\/p>\n\n\n\n<p class=\"wp-block-paragraph\"><\/p>\n","protected":false},"excerpt":{"rendered":"<p>Um vizinho amigo da Pra\u00e7a Cyla Remundini, na Leopoldina, denunciou, na noite da segunda-feira, 14,<\/p>\n","protected":false},"author":3,"featured_media":2956,"comment_status":"closed","ping_status":"closed","sticky":false,"template":"","format":"standard","meta":{"footnotes":""},"categories":[227],"tags":[],"class_list":["post-2954","post","type-post","status-publish","format-standard","has-post-thumbnail","hentry","category-no-bairro"],"aioseo_notices":[],"aioseo_head":"\n\t\t<!-- All in One SEO 5.0.1.1 - aioseo.com -->\n\t<meta name=\"description\" content=\"Um vizinho amigo da Pra\u00e7a Cyla Remundini, na Leopoldina, denunciou, na noite da segunda-feira, 14, o abuso do servi\u00e7o de manobristas da casa de eventos localizada na Av. Queiroz Filho. A pra\u00e7a n\u00e3o \u00e9 estacionamento e tem que se preservada. Os carros.estragam a cal\u00e7ada, a guia ,chegando nas \u00e1rvores mais fr\u00e1geis. A vizinhan\u00e7a se mobilizou,\" \/>\n\t<meta name=\"robots\" content=\"max-image-preview:large\" \/>\n\t<meta name=\"author\" content=\"Eduardo Fiora\"\/>\n\t<link rel=\"canonical\" href=\"https:\/\/observatorioleopoldina.com.br\/home\/praca-e-invadida-por-carros\/\" \/>\n\t<meta name=\"generator\" content=\"All in One SEO (AIOSEO) 5.0.1.1\" \/>\n\t\t<meta property=\"og:locale\" content=\"pt_BR\" \/>\n\t\t<meta property=\"og:site_name\" content=\"Observat\u00f3rio Leopoldina - Espa\u00e7o virtual colaborativo focado no desenvolvimento socioecon\u00f4mico sustent\u00e1vel de um Distrito em plena transforma\u00e7\u00e3o: a Vila Leopoldina.\" \/>\n\t\t<meta property=\"og:type\" content=\"article\" \/>\n\t\t<meta property=\"og:title\" content=\"Pra\u00e7a \u00e9 invadida por carros - Observat\u00f3rio Leopoldina\" \/>\n\t\t<meta property=\"og:description\" content=\"Um vizinho amigo da Pra\u00e7a Cyla Remundini, na Leopoldina, denunciou, na noite da segunda-feira, 14, o abuso do servi\u00e7o de manobristas da casa de eventos localizada na Av. Queiroz Filho. A pra\u00e7a n\u00e3o \u00e9 estacionamento e tem que se preservada. Os carros.estragam a cal\u00e7ada, a guia ,chegando nas \u00e1rvores mais fr\u00e1geis. A vizinhan\u00e7a se mobilizou,\" \/>\n\t\t<meta property=\"og:url\" content=\"https:\/\/observatorioleopoldina.com.br\/home\/praca-e-invadida-por-carros\/\" \/>\n\t\t<meta property=\"og:image\" content=\"https:\/\/observatorioleopoldina.com.br\/home\/wp-content\/uploads\/2024\/10\/Screenshot_20241015-103356.png\" \/>\n\t\t<meta property=\"og:image:secure_url\" content=\"https:\/\/observatorioleopoldina.com.br\/home\/wp-content\/uploads\/2024\/10\/Screenshot_20241015-103356.png\" \/>\n\t\t<meta property=\"og:image:width\" content=\"1080\" \/>\n\t\t<meta property=\"og:image:height\" content=\"886\" \/>\n\t\t<meta property=\"article:published_time\" content=\"2024-10-15T13:50:37+00:00\" \/>\n\t\t<meta property=\"article:modified_time\" content=\"2024-10-15T13:52:40+00:00\" \/>\n\t\t<meta name=\"twitter:card\" content=\"summary_large_image\" \/>\n\t\t<meta name=\"twitter:title\" content=\"Pra\u00e7a \u00e9 invadida por carros - Observat\u00f3rio Leopoldina\" \/>\n\t\t<meta name=\"twitter:description\" content=\"Um vizinho amigo da Pra\u00e7a Cyla Remundini, na Leopoldina, denunciou, na noite da segunda-feira, 14, o abuso do servi\u00e7o de manobristas da casa de eventos localizada na Av. Queiroz Filho. A pra\u00e7a n\u00e3o \u00e9 estacionamento e tem que se preservada. Os carros.estragam a cal\u00e7ada, a guia ,chegando nas \u00e1rvores mais fr\u00e1geis. A vizinhan\u00e7a se mobilizou,\" \/>\n\t\t<meta name=\"twitter:image\" content=\"https:\/\/observatorioleopoldina.com.br\/home\/wp-content\/uploads\/2024\/10\/Screenshot_20241015-103356.png\" \/>\n\t\t<script type=\"application\/ld+json\" class=\"aioseo-schema\">\n\t\t\t{\"@context\":\"https:\\\/\\\/schema.org\",\"@graph\":[{\"@type\":\"BlogPosting\",\"@id\":\"https:\\\/\\\/observatorioleopoldina.com.br\\\/home\\\/praca-e-invadida-por-carros\\\/#blogposting\",\"name\":\"Pra\\u00e7a \\u00e9 invadida por carros - Observat\\u00f3rio Leopoldina\",\"headline\":\"Pra\\u00e7a \\u00e9 invadida por carros\",\"author\":{\"@id\":\"https:\\\/\\\/observatorioleopoldina.com.br\\\/home\\\/author\\\/eduardo-fiora\\\/#author\"},\"publisher\":{\"@id\":\"https:\\\/\\\/observatorioleopoldina.com.br\\\/home\\\/#organization\"},\"image\":{\"@type\":\"ImageObject\",\"url\":\"https:\\\/\\\/observatorioleopoldina.com.br\\\/home\\\/wp-content\\\/uploads\\\/2024\\\/10\\\/Screenshot_20241015-103356.png\",\"width\":1080,\"height\":886},\"datePublished\":\"2024-10-15T10:50:37-03:00\",\"dateModified\":\"2024-10-15T10:52:40-03:00\",\"inLanguage\":\"pt-BR\",\"mainEntityOfPage\":{\"@id\":\"https:\\\/\\\/observatorioleopoldina.com.br\\\/home\\\/praca-e-invadida-por-carros\\\/#webpage\"},\"isPartOf\":{\"@id\":\"https:\\\/\\\/observatorioleopoldina.com.br\\\/home\\\/praca-e-invadida-por-carros\\\/#webpage\"},\"articleSection\":\"No Bairro\"},{\"@type\":\"BreadcrumbList\",\"@id\":\"https:\\\/\\\/observatorioleopoldina.com.br\\\/home\\\/praca-e-invadida-por-carros\\\/#breadcrumblist\",\"itemListElement\":[{\"@type\":\"ListItem\",\"@id\":\"https:\\\/\\\/observatorioleopoldina.com.br\\\/home#listItem\",\"position\":1,\"name\":\"In\\u00edcio\",\"item\":\"https:\\\/\\\/observatorioleopoldina.com.br\\\/home\",\"nextItem\":{\"@type\":\"ListItem\",\"@id\":\"https:\\\/\\\/observatorioleopoldina.com.br\\\/home\\\/category\\\/no-bairro\\\/#listItem\",\"name\":\"No Bairro\"}},{\"@type\":\"ListItem\",\"@id\":\"https:\\\/\\\/observatorioleopoldina.com.br\\\/home\\\/category\\\/no-bairro\\\/#listItem\",\"position\":2,\"name\":\"No Bairro\",\"item\":\"https:\\\/\\\/observatorioleopoldina.com.br\\\/home\\\/category\\\/no-bairro\\\/\",\"nextItem\":{\"@type\":\"ListItem\",\"@id\":\"https:\\\/\\\/observatorioleopoldina.com.br\\\/home\\\/praca-e-invadida-por-carros\\\/#listItem\",\"name\":\"Pra\\u00e7a \\u00e9 invadida por carros\"},\"previousItem\":{\"@type\":\"ListItem\",\"@id\":\"https:\\\/\\\/observatorioleopoldina.com.br\\\/home#listItem\",\"name\":\"In\\u00edcio\"}},{\"@type\":\"ListItem\",\"@id\":\"https:\\\/\\\/observatorioleopoldina.com.br\\\/home\\\/praca-e-invadida-por-carros\\\/#listItem\",\"position\":3,\"name\":\"Pra\\u00e7a \\u00e9 invadida por carros\",\"previousItem\":{\"@type\":\"ListItem\",\"@id\":\"https:\\\/\\\/observatorioleopoldina.com.br\\\/home\\\/category\\\/no-bairro\\\/#listItem\",\"name\":\"No Bairro\"}}]},{\"@type\":\"Organization\",\"@id\":\"https:\\\/\\\/observatorioleopoldina.com.br\\\/home\\\/#organization\",\"name\":\"Observat\\u00f3rio Leopoldina\",\"description\":\"Espa\\u00e7o virtual colaborativo focado no desenvolvimento socioecon\\u00f4mico sustent\\u00e1vel de um Distrito em plena transforma\\u00e7\\u00e3o: a Vila Leopoldina.\",\"url\":\"https:\\\/\\\/observatorioleopoldina.com.br\\\/home\\\/\",\"logo\":{\"@type\":\"ImageObject\",\"url\":\"https:\\\/\\\/observatorioleopoldina.com.br\\\/home\\\/wp-content\\\/uploads\\\/2024\\\/02\\\/2022-06-08-removebg-preview.png\",\"@id\":\"https:\\\/\\\/observatorioleopoldina.com.br\\\/home\\\/praca-e-invadida-por-carros\\\/#organizationLogo\",\"width\":680,\"height\":247},\"image\":{\"@id\":\"https:\\\/\\\/observatorioleopoldina.com.br\\\/home\\\/praca-e-invadida-por-carros\\\/#organizationLogo\"}},{\"@type\":\"Person\",\"@id\":\"https:\\\/\\\/observatorioleopoldina.com.br\\\/home\\\/author\\\/eduardo-fiora\\\/#author\",\"url\":\"https:\\\/\\\/observatorioleopoldina.com.br\\\/home\\\/author\\\/eduardo-fiora\\\/\",\"name\":\"Eduardo Fiora\"},{\"@type\":\"WebPage\",\"@id\":\"https:\\\/\\\/observatorioleopoldina.com.br\\\/home\\\/praca-e-invadida-por-carros\\\/#webpage\",\"url\":\"https:\\\/\\\/observatorioleopoldina.com.br\\\/home\\\/praca-e-invadida-por-carros\\\/\",\"name\":\"Pra\\u00e7a \\u00e9 invadida por carros - Observat\\u00f3rio Leopoldina\",\"description\":\"Um vizinho amigo da Pra\\u00e7a Cyla Remundini, na Leopoldina, denunciou, na noite da segunda-feira, 14, o abuso do servi\\u00e7o de manobristas da casa de eventos localizada na Av. Queiroz Filho. A pra\\u00e7a n\\u00e3o \\u00e9 estacionamento e tem que se preservada. Os carros.estragam a cal\\u00e7ada, a guia ,chegando nas \\u00e1rvores mais fr\\u00e1geis. A vizinhan\\u00e7a se mobilizou,\",\"inLanguage\":\"pt-BR\",\"isPartOf\":{\"@id\":\"https:\\\/\\\/observatorioleopoldina.com.br\\\/home\\\/#website\"},\"breadcrumb\":{\"@id\":\"https:\\\/\\\/observatorioleopoldina.com.br\\\/home\\\/praca-e-invadida-por-carros\\\/#breadcrumblist\"},\"author\":{\"@id\":\"https:\\\/\\\/observatorioleopoldina.com.br\\\/home\\\/author\\\/eduardo-fiora\\\/#author\"},\"creator\":{\"@id\":\"https:\\\/\\\/observatorioleopoldina.com.br\\\/home\\\/author\\\/eduardo-fiora\\\/#author\"},\"image\":{\"@type\":\"ImageObject\",\"url\":\"https:\\\/\\\/observatorioleopoldina.com.br\\\/home\\\/wp-content\\\/uploads\\\/2024\\\/10\\\/Screenshot_20241015-103356.png\",\"@id\":\"https:\\\/\\\/observatorioleopoldina.com.br\\\/home\\\/praca-e-invadida-por-carros\\\/#mainImage\",\"width\":1080,\"height\":886},\"primaryImageOfPage\":{\"@id\":\"https:\\\/\\\/observatorioleopoldina.com.br\\\/home\\\/praca-e-invadida-por-carros\\\/#mainImage\"},\"datePublished\":\"2024-10-15T10:50:37-03:00\",\"dateModified\":\"2024-10-15T10:52:40-03:00\"},{\"@type\":\"WebSite\",\"@id\":\"https:\\\/\\\/observatorioleopoldina.com.br\\\/home\\\/#website\",\"url\":\"https:\\\/\\\/observatorioleopoldina.com.br\\\/home\\\/\",\"name\":\"Observat\\u00f3rio Leopoldina\",\"description\":\"Espa\\u00e7o virtual colaborativo focado no desenvolvimento socioecon\\u00f4mico sustent\\u00e1vel de um Distrito em plena transforma\\u00e7\\u00e3o: a Vila Leopoldina.\",\"inLanguage\":\"pt-BR\",\"publisher\":{\"@id\":\"https:\\\/\\\/observatorioleopoldina.com.br\\\/home\\\/#organization\"}}]}\n\t\t<\/script>\n\t\t<!-- All in One SEO -->\n\n","aioseo_head_json":{"title":"Pra\u00e7a \u00e9 invadida por carros - Observat\u00f3rio Leopoldina","description":"Um vizinho amigo da Pra\u00e7a Cyla Remundini, na Leopoldina, denunciou, na noite da segunda-feira, 14, o abuso do servi\u00e7o de manobristas da casa de eventos localizada na Av. Queiroz Filho. A pra\u00e7a n\u00e3o \u00e9 estacionamento e tem que se preservada. Os carros.estragam a cal\u00e7ada, a guia ,chegando nas \u00e1rvores mais fr\u00e1geis. A vizinhan\u00e7a se mobilizou,","canonical_url":"https:\/\/observatorioleopoldina.com.br\/home\/praca-e-invadida-por-carros\/","robots":"max-image-preview:large","keywords":"","webmasterTools":{"miscellaneous":""},"schema":{"@context":"https:\/\/schema.org","@graph":[{"@type":"BlogPosting","@id":"https:\/\/observatorioleopoldina.com.br\/home\/praca-e-invadida-por-carros\/#blogposting","name":"Pra\u00e7a \u00e9 invadida por carros - Observat\u00f3rio Leopoldina","headline":"Pra\u00e7a \u00e9 invadida por carros","author":{"@id":"https:\/\/observatorioleopoldina.com.br\/home\/author\/eduardo-fiora\/#author"},"publisher":{"@id":"https:\/\/observatorioleopoldina.com.br\/home\/#organization"},"image":{"@type":"ImageObject","url":"https:\/\/observatorioleopoldina.com.br\/home\/wp-content\/uploads\/2024\/10\/Screenshot_20241015-103356.png","width":1080,"height":886},"datePublished":"2024-10-15T10:50:37-03:00","dateModified":"2024-10-15T10:52:40-03:00","inLanguage":"pt-BR","mainEntityOfPage":{"@id":"https:\/\/observatorioleopoldina.com.br\/home\/praca-e-invadida-por-carros\/#webpage"},"isPartOf":{"@id":"https:\/\/observatorioleopoldina.com.br\/home\/praca-e-invadida-por-carros\/#webpage"},"articleSection":"No Bairro"},{"@type":"BreadcrumbList","@id":"https:\/\/observatorioleopoldina.com.br\/home\/praca-e-invadida-por-carros\/#breadcrumblist","itemListElement":[{"@type":"ListItem","@id":"https:\/\/observatorioleopoldina.com.br\/home#listItem","position":1,"name":"In\u00edcio","item":"https:\/\/observatorioleopoldina.com.br\/home","nextItem":{"@type":"ListItem","@id":"https:\/\/observatorioleopoldina.com.br\/home\/category\/no-bairro\/#listItem","name":"No Bairro"}},{"@type":"ListItem","@id":"https:\/\/observatorioleopoldina.com.br\/home\/category\/no-bairro\/#listItem","position":2,"name":"No Bairro","item":"https:\/\/observatorioleopoldina.com.br\/home\/category\/no-bairro\/","nextItem":{"@type":"ListItem","@id":"https:\/\/observatorioleopoldina.com.br\/home\/praca-e-invadida-por-carros\/#listItem","name":"Pra\u00e7a \u00e9 invadida por carros"},"previousItem":{"@type":"ListItem","@id":"https:\/\/observatorioleopoldina.com.br\/home#listItem","name":"In\u00edcio"}},{"@type":"ListItem","@id":"https:\/\/observatorioleopoldina.com.br\/home\/praca-e-invadida-por-carros\/#listItem","position":3,"name":"Pra\u00e7a \u00e9 invadida por carros","previousItem":{"@type":"ListItem","@id":"https:\/\/observatorioleopoldina.com.br\/home\/category\/no-bairro\/#listItem","name":"No Bairro"}}]},{"@type":"Organization","@id":"https:\/\/observatorioleopoldina.com.br\/home\/#organization","name":"Observat\u00f3rio Leopoldina","description":"Espa\u00e7o virtual colaborativo focado no desenvolvimento socioecon\u00f4mico sustent\u00e1vel de um Distrito em plena transforma\u00e7\u00e3o: a Vila Leopoldina.","url":"https:\/\/observatorioleopoldina.com.br\/home\/","logo":{"@type":"ImageObject","url":"https:\/\/observatorioleopoldina.com.br\/home\/wp-content\/uploads\/2024\/02\/2022-06-08-removebg-preview.png","@id":"https:\/\/observatorioleopoldina.com.br\/home\/praca-e-invadida-por-carros\/#organizationLogo","width":680,"height":247},"image":{"@id":"https:\/\/observatorioleopoldina.com.br\/home\/praca-e-invadida-por-carros\/#organizationLogo"}},{"@type":"Person","@id":"https:\/\/observatorioleopoldina.com.br\/home\/author\/eduardo-fiora\/#author","url":"https:\/\/observatorioleopoldina.com.br\/home\/author\/eduardo-fiora\/","name":"Eduardo Fiora"},{"@type":"WebPage","@id":"https:\/\/observatorioleopoldina.com.br\/home\/praca-e-invadida-por-carros\/#webpage","url":"https:\/\/observatorioleopoldina.com.br\/home\/praca-e-invadida-por-carros\/","name":"Pra\u00e7a \u00e9 invadida por carros - Observat\u00f3rio Leopoldina","description":"Um vizinho amigo da Pra\u00e7a Cyla Remundini, na Leopoldina, denunciou, na noite da segunda-feira, 14, o abuso do servi\u00e7o de manobristas da casa de eventos localizada na Av. Queiroz Filho. A pra\u00e7a n\u00e3o \u00e9 estacionamento e tem que se preservada. Os carros.estragam a cal\u00e7ada, a guia ,chegando nas \u00e1rvores mais fr\u00e1geis. A vizinhan\u00e7a se mobilizou,","inLanguage":"pt-BR","isPartOf":{"@id":"https:\/\/observatorioleopoldina.com.br\/home\/#website"},"breadcrumb":{"@id":"https:\/\/observatorioleopoldina.com.br\/home\/praca-e-invadida-por-carros\/#breadcrumblist"},"author":{"@id":"https:\/\/observatorioleopoldina.com.br\/home\/author\/eduardo-fiora\/#author"},"creator":{"@id":"https:\/\/observatorioleopoldina.com.br\/home\/author\/eduardo-fiora\/#author"},"image":{"@type":"ImageObject","url":"https:\/\/observatorioleopoldina.com.br\/home\/wp-content\/uploads\/2024\/10\/Screenshot_20241015-103356.png","@id":"https:\/\/observatorioleopoldina.com.br\/home\/praca-e-invadida-por-carros\/#mainImage","width":1080,"height":886},"primaryImageOfPage":{"@id":"https:\/\/observatorioleopoldina.com.br\/home\/praca-e-invadida-por-carros\/#mainImage"},"datePublished":"2024-10-15T10:50:37-03:00","dateModified":"2024-10-15T10:52:40-03:00"},{"@type":"WebSite","@id":"https:\/\/observatorioleopoldina.com.br\/home\/#website","url":"https:\/\/observatorioleopoldina.com.br\/home\/","name":"Observat\u00f3rio Leopoldina","description":"Espa\u00e7o virtual colaborativo focado no desenvolvimento socioecon\u00f4mico sustent\u00e1vel de um Distrito em plena transforma\u00e7\u00e3o: a Vila Leopoldina.","inLanguage":"pt-BR","publisher":{"@id":"https:\/\/observatorioleopoldina.com.br\/home\/#organization"}}]},"og:locale":"pt_BR","og:site_name":"Observat\u00f3rio Leopoldina - Espa\u00e7o virtual colaborativo focado no desenvolvimento socioecon\u00f4mico sustent\u00e1vel de um Distrito em plena transforma\u00e7\u00e3o: a Vila Leopoldina.","og:type":"article","og:title":"Pra\u00e7a \u00e9 invadida por carros - Observat\u00f3rio Leopoldina","og:description":"Um vizinho amigo da Pra\u00e7a Cyla Remundini, na Leopoldina, denunciou, na noite da segunda-feira, 14, o abuso do servi\u00e7o de manobristas da casa de eventos localizada na Av. Queiroz Filho. A pra\u00e7a n\u00e3o \u00e9 estacionamento e tem que se preservada. Os carros.estragam a cal\u00e7ada, a guia ,chegando nas \u00e1rvores mais fr\u00e1geis. A vizinhan\u00e7a se mobilizou,","og:url":"https:\/\/observatorioleopoldina.com.br\/home\/praca-e-invadida-por-carros\/","og:image":"https:\/\/observatorioleopoldina.com.br\/home\/wp-content\/uploads\/2024\/10\/Screenshot_20241015-103356.png","og:image:secure_url":"https:\/\/observatorioleopoldina.com.br\/home\/wp-content\/uploads\/2024\/10\/Screenshot_20241015-103356.png","og:image:width":1080,"og:image:height":886,"article:published_time":"2024-10-15T13:50:37+00:00","article:modified_time":"2024-10-15T13:52:40+00:00","twitter:card":"summary_large_image","twitter:title":"Pra\u00e7a \u00e9 invadida por carros - Observat\u00f3rio Leopoldina","twitter:description":"Um vizinho amigo da Pra\u00e7a Cyla Remundini, na Leopoldina, denunciou, na noite da segunda-feira, 14, o abuso do servi\u00e7o de manobristas da casa de eventos localizada na Av. Queiroz Filho. A pra\u00e7a n\u00e3o \u00e9 estacionamento e tem que se preservada. Os carros.estragam a cal\u00e7ada, a guia ,chegando nas \u00e1rvores mais fr\u00e1geis. A vizinhan\u00e7a se mobilizou,","twitter:image":"https:\/\/observatorioleopoldina.com.br\/home\/wp-content\/uploads\/2024\/10\/Screenshot_20241015-103356.png"},"aioseo_meta_data":{"post_id":"2954","title":null,"description":null,"keywords":null,"keyphrases":{"focus":{"keyphrase":"","score":0,"analysis":{"keyphraseInTitle":{"score":0,"maxScore":9,"error":1}}},"additional":[]},"primary_term":null,"canonical_url":null,"og_title":null,"og_description":null,"og_object_type":"default","og_image_type":"default","og_image_url":null,"og_image_width":null,"og_image_height":null,"og_image_custom_url":null,"og_image_custom_fields":null,"og_video":"","og_custom_url":null,"og_article_section":null,"og_article_tags":null,"twitter_use_og":false,"twitter_card":"default","twitter_image_type":"default","twitter_image_url":null,"twitter_image_custom_url":null,"twitter_image_custom_fields":null,"twitter_title":null,"twitter_description":null,"schema":{"blockGraphs":[],"customGraphs":[],"default":{"data":{"Article":[],"Course":[],"Dataset":[],"FAQPage":[],"Movie":[],"Person":[],"Product":[],"ProductReview":[],"Car":[],"Recipe":[],"Service":[],"SoftwareApplication":[],"WebPage":[]},"graphName":"BlogPosting","isEnabled":true},"graphs":[]},"schema_type":"default","schema_type_options":null,"pillar_content":false,"robots_default":true,"robots_noindex":false,"robots_noarchive":false,"robots_nosnippet":false,"robots_nofollow":false,"robots_noimageindex":false,"robots_noodp":false,"robots_notranslate":false,"robots_max_snippet":"-1","robots_max_videopreview":"-1","robots_max_imagepreview":"large","priority":null,"frequency":"default","local_seo":null,"breadcrumb_settings":null,"limit_modified_date":false,"ai":null,"created":"2024-10-15 13:43:34","updated":"2025-06-04 13:29:11","seo_analyzer_scan_date":null,"focus_keyword":null,"additional_keywords":null,"truseo_locale":null},"aioseo_breadcrumb":"<div class=\"aioseo-breadcrumbs\"><span class=\"aioseo-breadcrumb\">\n\t\t\t<a href=\"https:\/\/observatorioleopoldina.com.br\/home\" title=\"In\u00edcio\">In\u00edcio<\/a>\n\t\t<\/span><span class=\"aioseo-breadcrumb-separator\">\u00bb<\/span><span class=\"aioseo-breadcrumb\">\n\t\t\t<a href=\"https:\/\/observatorioleopoldina.com.br\/home\/category\/no-bairro\/\" title=\"No Bairro\">No Bairro<\/a>\n\t\t<\/span><span class=\"aioseo-breadcrumb-separator\">\u00bb<\/span><span class=\"aioseo-breadcrumb\">\n\t\t\tPra\u00e7a \u00e9 invadida por carros\n\t\t<\/span><\/div>","aioseo_breadcrumb_json":[{"label":"In\u00edcio","link":"https:\/\/observatorioleopoldina.com.br\/home"},{"label":"No Bairro","link":"https:\/\/observatorioleopoldina.com.br\/home\/category\/no-bairro\/"},{"label":"Pra\u00e7a \u00e9 invadida por carros","link":"https:\/\/observatorioleopoldina.com.br\/home\/praca-e-invadida-por-carros\/"}],"_links":{"self":[{"href":"https:\/\/observatorioleopoldina.com.br\/home\/wp-json\/wp\/v2\/posts\/2954","targetHints":{"allow":["GET"]}}],"collection":[{"href":"https:\/\/observatorioleopoldina.com.br\/home\/wp-json\/wp\/v2\/posts"}],"about":[{"href":"https:\/\/observatorioleopoldina.com.br\/home\/wp-json\/wp\/v2\/types\/post"}],"author":[{"embeddable":true,"href":"https:\/\/observatorioleopoldina.com.br\/home\/wp-json\/wp\/v2\/users\/3"}],"replies":[{"embeddable":true,"href":"https:\/\/observatorioleopoldina.com.br\/home\/wp-json\/wp\/v2\/comments?post=2954"}],"version-history":[{"count":5,"href":"https:\/\/observatorioleopoldina.com.br\/home\/wp-json\/wp\/v2\/posts\/2954\/revisions"}],"predecessor-version":[{"id":2961,"href":"https:\/\/observatorioleopoldina.com.br\/home\/wp-json\/wp\/v2\/posts\/2954\/revisions\/2961"}],"wp:featuredmedia":[{"embeddable":true,"href":"https:\/\/observatorioleopoldina.com.br\/home\/wp-json\/wp\/v2\/media\/2956"}],"wp:attachment":[{"href":"https:\/\/observatorioleopoldina.com.br\/home\/wp-json\/wp\/v2\/media?parent=2954"}],"wp:term":[{"taxonomy":"category","embeddable":true,"href":"https:\/\/observatorioleopoldina.com.br\/home\/wp-json\/wp\/v2\/categories?post=2954"},{"taxonomy":"post_tag","embeddable":true,"href":"https:\/\/observatorioleopoldina.com.br\/home\/wp-json\/wp\/v2\/tags?post=2954"}],"curies":[{"name":"wp","href":"https:\/\/api.w.org\/{rel}","templated":true}]}}