{"id":2736,"date":"2024-09-03T22:11:48","date_gmt":"2024-09-04T01:11:48","guid":{"rendered":"https:\/\/observatorioleopoldina.com.br\/home\/?p=2736"},"modified":"2024-09-03T22:25:26","modified_gmt":"2024-09-04T01:25:26","slug":"sorocabana-renasce-e-agora-e-5-0","status":"publish","type":"post","link":"https:\/\/observatorioleopoldina.com.br\/home\/sorocabana-renasce-e-agora-e-5-0\/","title":{"rendered":"Sorocabana renasce  e ser\u00e1 hospital 5.0"},"content":{"rendered":"\n<p class=\"wp-block-paragraph\">O ativismo comunit\u00e1rio, que em 2008 abra\u00e7ava o ent\u00e3o agonizante Hospital Sorocabana, tem raz\u00e3o de sobra para dizer: valeu a luta.<\/p>\n\n\n\n<p class=\"wp-block-paragraph\">Nesta ter\u00e7a-feira, 3 de setembro, o secret\u00e1rio municipal da Sa\u00fade, Luiz Carlos Zamarco, assinou o termo de in\u00edcio das obras de reconstru\u00e7\u00e3o do hist\u00f3rico hospital da Rua Faustolo, que durante d\u00e9cadas foi refer\u00eancia da Sa\u00fade na Lapa e regi\u00e3o. &#8220;Ser\u00e3o tr\u00eas anos de obras. O Sorocabana reabrir\u00e1 com 271 leitos e  ser\u00e1  um hospital robusto e seguro&#8221;, disse Zamarco, ap\u00f3s assinar o documento que permite ao cons\u00f3rcio Progridor, empresa contratada para realiza\u00e7\u00e3o da grande reforma, colocar em campo suas equipes de trabalho.<\/p>\n\n\n\n<p class=\"wp-block-paragraph\">O novo Sorocabana ser\u00e1 um hospital de ponta, um equipamento de sa\u00fade 5.0. Desde o respeito ao meio ambiente, -com uso racional de energia, manejo cuidadoso das \u00e1rvores existentes no terreno -, passando pelo projeto arquitet\u00f4nico externo e interno, at\u00e9 a oferta dos servi\u00e7os e qualidade dos equipamentos, tudo no Hospital Municipal Sorocabana ser\u00e1 absolutamente moderno e funcional. <\/p>\n\n\n\n<p class=\"wp-block-paragraph\">No pavimento inferior (refer\u00eancia Rua Faustolo) funcionar\u00e1 o ambulat\u00f3rio, logistica para funcion\u00e1rios e o setor de endoscopia, um servi\u00e7o que atualmente tem grande demanda na regi\u00e3o  <\/p>\n\n\n\n<p class=\"wp-block-paragraph\">No pavimento acima ficar\u00e3o os Pronto-Socorros adulto e infantil, o setor de imagens(radiologia, ultrassom, tomografia e  ecocardiografia) e o centro cir\u00fargico,com oito salas. <\/p>\n\n\n\n<p class=\"wp-block-paragraph\">No segundo andar ser\u00e3o constru\u00eddos o PS Obst\u00e9trico, Centro Obst\u00e9trico (duas salas cir\u00fargicas e quatro salas para parto humanizado), UTI neonatal (10 leitos), UCI (Unidade de Cuidados Intermedi\u00e1rios &#8211; 10 leitos) e maternidade (20 leitos).<\/p>\n\n\n\n<p class=\"wp-block-paragraph\">Um n\u00edvel acima ficar\u00e3o o Centro de Materiais e Esteriliza\u00e7\u00e3o e Enfermaria Clinica Cir\u00fargica, com 40 leitos.<\/p>\n\n\n\n<p class=\"wp-block-paragraph\">O quarto pavimento foi reservado para Enfermaria Pedi\u00e1trica (20 leitos),  UTI Pedi\u00e1trica (10 leitos), Laborat\u00f3rio e N\u00facleo dos Plantonista<\/p>\n\n\n\n<p class=\"wp-block-paragraph\">O quinto andar ser\u00e1 ocupado por Enfermaria (40 leitos) e UTI (20 leitos). Essa mesma configura\u00e7\u00e3o foi projetada para o sexto pavimento.<\/p>\n\n\n\n<p class=\"wp-block-paragraph\">Por fim, o s\u00e9timo e \u00faltimo andar, o menor de todos, foi reservado para servi\u00e7os e opera\u00e7\u00f5es t\u00e9cnicas.  <\/p>\n\n\n\n<p class=\"wp-block-paragraph\"><\/p>\n\n\n\n<p class=\"wp-block-paragraph\"><\/p>\n\n\n\n<p class=\"wp-block-paragraph\"><\/p>\n\n\n\n<p class=\"wp-block-paragraph\"><\/p>\n","protected":false},"excerpt":{"rendered":"<p>O ativismo comunit\u00e1rio, que em 2008 abra\u00e7ava o ent\u00e3o agonizante Hospital Sorocabana, tem raz\u00e3o de<\/p>\n","protected":false},"author":3,"featured_media":2737,"comment_status":"closed","ping_status":"closed","sticky":false,"template":"","format":"standard","meta":{"footnotes":""},"categories":[227,246],"tags":[485,486],"class_list":["post-2736","post","type-post","status-publish","format-standard","has-post-thumbnail","hentry","category-no-bairro","category-saude","tag-hospital-sorocabana-2","tag-sorocabana"],"aioseo_notices":[],"aioseo_head":"\n\t\t<!-- All in One SEO 5.0.1.1 - aioseo.com -->\n\t<meta name=\"description\" content=\"O ativismo comunit\u00e1rio, que em 2008 abra\u00e7ava o ent\u00e3o agonizante Hospital Sorocabana, tem raz\u00e3o de sobra para dizer: valeu a luta. Nesta ter\u00e7a-feira, 3 de setembro, o secret\u00e1rio municipal da Sa\u00fade, Luiz Carlos Zamarco, assinou o termo de in\u00edcio das obras de reconstru\u00e7\u00e3o do hist\u00f3rico hospital da Rua Faustolo, que durante d\u00e9cadas foi refer\u00eancia da\" \/>\n\t<meta name=\"robots\" content=\"max-image-preview:large\" \/>\n\t<meta name=\"author\" content=\"Eduardo Fiora\"\/>\n\t<link rel=\"canonical\" href=\"https:\/\/observatorioleopoldina.com.br\/home\/sorocabana-renasce-e-agora-e-5-0\/\" \/>\n\t<meta name=\"generator\" content=\"All in One SEO (AIOSEO) 5.0.1.1\" \/>\n\t\t<meta property=\"og:locale\" content=\"pt_BR\" \/>\n\t\t<meta property=\"og:site_name\" content=\"Observat\u00f3rio Leopoldina - Espa\u00e7o virtual colaborativo focado no desenvolvimento socioecon\u00f4mico sustent\u00e1vel de um Distrito em plena transforma\u00e7\u00e3o: a Vila Leopoldina.\" \/>\n\t\t<meta property=\"og:type\" content=\"article\" \/>\n\t\t<meta property=\"og:title\" content=\"Sorocabana renasce e ser\u00e1 hospital 5.0 - Observat\u00f3rio Leopoldina\" \/>\n\t\t<meta property=\"og:description\" content=\"O ativismo comunit\u00e1rio, que em 2008 abra\u00e7ava o ent\u00e3o agonizante Hospital Sorocabana, tem raz\u00e3o de sobra para dizer: valeu a luta. Nesta ter\u00e7a-feira, 3 de setembro, o secret\u00e1rio municipal da Sa\u00fade, Luiz Carlos Zamarco, assinou o termo de in\u00edcio das obras de reconstru\u00e7\u00e3o do hist\u00f3rico hospital da Rua Faustolo, que durante d\u00e9cadas foi refer\u00eancia da\" \/>\n\t\t<meta property=\"og:url\" content=\"https:\/\/observatorioleopoldina.com.br\/home\/sorocabana-renasce-e-agora-e-5-0\/\" \/>\n\t\t<meta property=\"og:image\" content=\"https:\/\/observatorioleopoldina.com.br\/home\/wp-content\/uploads\/2024\/09\/Screenshot_20240903-220903.png\" \/>\n\t\t<meta property=\"og:image:secure_url\" content=\"https:\/\/observatorioleopoldina.com.br\/home\/wp-content\/uploads\/2024\/09\/Screenshot_20240903-220903.png\" \/>\n\t\t<meta property=\"og:image:width\" content=\"1080\" \/>\n\t\t<meta property=\"og:image:height\" content=\"694\" \/>\n\t\t<meta property=\"article:published_time\" content=\"2024-09-04T01:11:48+00:00\" \/>\n\t\t<meta property=\"article:modified_time\" content=\"2024-09-04T01:25:26+00:00\" \/>\n\t\t<meta name=\"twitter:card\" content=\"summary_large_image\" \/>\n\t\t<meta name=\"twitter:title\" content=\"Sorocabana renasce e ser\u00e1 hospital 5.0 - Observat\u00f3rio Leopoldina\" \/>\n\t\t<meta name=\"twitter:description\" content=\"O ativismo comunit\u00e1rio, que em 2008 abra\u00e7ava o ent\u00e3o agonizante Hospital Sorocabana, tem raz\u00e3o de sobra para dizer: valeu a luta. Nesta ter\u00e7a-feira, 3 de setembro, o secret\u00e1rio municipal da Sa\u00fade, Luiz Carlos Zamarco, assinou o termo de in\u00edcio das obras de reconstru\u00e7\u00e3o do hist\u00f3rico hospital da Rua Faustolo, que durante d\u00e9cadas foi refer\u00eancia da\" \/>\n\t\t<meta name=\"twitter:image\" content=\"https:\/\/observatorioleopoldina.com.br\/home\/wp-content\/uploads\/2024\/09\/Screenshot_20240903-220903.png\" \/>\n\t\t<script type=\"application\/ld+json\" class=\"aioseo-schema\">\n\t\t\t{\"@context\":\"https:\\\/\\\/schema.org\",\"@graph\":[{\"@type\":\"BlogPosting\",\"@id\":\"https:\\\/\\\/observatorioleopoldina.com.br\\\/home\\\/sorocabana-renasce-e-agora-e-5-0\\\/#blogposting\",\"name\":\"Sorocabana renasce e ser\\u00e1 hospital 5.0 - Observat\\u00f3rio Leopoldina\",\"headline\":\"Sorocabana renasce  e ser\\u00e1 hospital 5.0\",\"author\":{\"@id\":\"https:\\\/\\\/observatorioleopoldina.com.br\\\/home\\\/author\\\/eduardo-fiora\\\/#author\"},\"publisher\":{\"@id\":\"https:\\\/\\\/observatorioleopoldina.com.br\\\/home\\\/#organization\"},\"image\":{\"@type\":\"ImageObject\",\"url\":\"https:\\\/\\\/observatorioleopoldina.com.br\\\/home\\\/wp-content\\\/uploads\\\/2024\\\/09\\\/Screenshot_20240903-220903.png\",\"width\":1080,\"height\":694},\"datePublished\":\"2024-09-03T22:11:48-03:00\",\"dateModified\":\"2024-09-03T22:25:26-03:00\",\"inLanguage\":\"pt-BR\",\"mainEntityOfPage\":{\"@id\":\"https:\\\/\\\/observatorioleopoldina.com.br\\\/home\\\/sorocabana-renasce-e-agora-e-5-0\\\/#webpage\"},\"isPartOf\":{\"@id\":\"https:\\\/\\\/observatorioleopoldina.com.br\\\/home\\\/sorocabana-renasce-e-agora-e-5-0\\\/#webpage\"},\"articleSection\":\"No Bairro, Sa\\u00fade, #Hospital Sorocabana, Sorocabana\"},{\"@type\":\"BreadcrumbList\",\"@id\":\"https:\\\/\\\/observatorioleopoldina.com.br\\\/home\\\/sorocabana-renasce-e-agora-e-5-0\\\/#breadcrumblist\",\"itemListElement\":[{\"@type\":\"ListItem\",\"@id\":\"https:\\\/\\\/observatorioleopoldina.com.br\\\/home#listItem\",\"position\":1,\"name\":\"In\\u00edcio\",\"item\":\"https:\\\/\\\/observatorioleopoldina.com.br\\\/home\",\"nextItem\":{\"@type\":\"ListItem\",\"@id\":\"https:\\\/\\\/observatorioleopoldina.com.br\\\/home\\\/category\\\/no-bairro\\\/#listItem\",\"name\":\"No Bairro\"}},{\"@type\":\"ListItem\",\"@id\":\"https:\\\/\\\/observatorioleopoldina.com.br\\\/home\\\/category\\\/no-bairro\\\/#listItem\",\"position\":2,\"name\":\"No Bairro\",\"item\":\"https:\\\/\\\/observatorioleopoldina.com.br\\\/home\\\/category\\\/no-bairro\\\/\",\"nextItem\":{\"@type\":\"ListItem\",\"@id\":\"https:\\\/\\\/observatorioleopoldina.com.br\\\/home\\\/category\\\/no-bairro\\\/saude\\\/#listItem\",\"name\":\"Sa\\u00fade\"},\"previousItem\":{\"@type\":\"ListItem\",\"@id\":\"https:\\\/\\\/observatorioleopoldina.com.br\\\/home#listItem\",\"name\":\"In\\u00edcio\"}},{\"@type\":\"ListItem\",\"@id\":\"https:\\\/\\\/observatorioleopoldina.com.br\\\/home\\\/category\\\/no-bairro\\\/saude\\\/#listItem\",\"position\":3,\"name\":\"Sa\\u00fade\",\"item\":\"https:\\\/\\\/observatorioleopoldina.com.br\\\/home\\\/category\\\/no-bairro\\\/saude\\\/\",\"nextItem\":{\"@type\":\"ListItem\",\"@id\":\"https:\\\/\\\/observatorioleopoldina.com.br\\\/home\\\/sorocabana-renasce-e-agora-e-5-0\\\/#listItem\",\"name\":\"Sorocabana renasce  e ser\\u00e1 hospital 5.0\"},\"previousItem\":{\"@type\":\"ListItem\",\"@id\":\"https:\\\/\\\/observatorioleopoldina.com.br\\\/home\\\/category\\\/no-bairro\\\/#listItem\",\"name\":\"No Bairro\"}},{\"@type\":\"ListItem\",\"@id\":\"https:\\\/\\\/observatorioleopoldina.com.br\\\/home\\\/sorocabana-renasce-e-agora-e-5-0\\\/#listItem\",\"position\":4,\"name\":\"Sorocabana renasce  e ser\\u00e1 hospital 5.0\",\"previousItem\":{\"@type\":\"ListItem\",\"@id\":\"https:\\\/\\\/observatorioleopoldina.com.br\\\/home\\\/category\\\/no-bairro\\\/saude\\\/#listItem\",\"name\":\"Sa\\u00fade\"}}]},{\"@type\":\"Organization\",\"@id\":\"https:\\\/\\\/observatorioleopoldina.com.br\\\/home\\\/#organization\",\"name\":\"Observat\\u00f3rio Leopoldina\",\"description\":\"Espa\\u00e7o virtual colaborativo focado no desenvolvimento socioecon\\u00f4mico sustent\\u00e1vel de um Distrito em plena transforma\\u00e7\\u00e3o: a Vila Leopoldina.\",\"url\":\"https:\\\/\\\/observatorioleopoldina.com.br\\\/home\\\/\",\"logo\":{\"@type\":\"ImageObject\",\"url\":\"https:\\\/\\\/observatorioleopoldina.com.br\\\/home\\\/wp-content\\\/uploads\\\/2024\\\/02\\\/2022-06-08-removebg-preview.png\",\"@id\":\"https:\\\/\\\/observatorioleopoldina.com.br\\\/home\\\/sorocabana-renasce-e-agora-e-5-0\\\/#organizationLogo\",\"width\":680,\"height\":247},\"image\":{\"@id\":\"https:\\\/\\\/observatorioleopoldina.com.br\\\/home\\\/sorocabana-renasce-e-agora-e-5-0\\\/#organizationLogo\"}},{\"@type\":\"Person\",\"@id\":\"https:\\\/\\\/observatorioleopoldina.com.br\\\/home\\\/author\\\/eduardo-fiora\\\/#author\",\"url\":\"https:\\\/\\\/observatorioleopoldina.com.br\\\/home\\\/author\\\/eduardo-fiora\\\/\",\"name\":\"Eduardo Fiora\"},{\"@type\":\"WebPage\",\"@id\":\"https:\\\/\\\/observatorioleopoldina.com.br\\\/home\\\/sorocabana-renasce-e-agora-e-5-0\\\/#webpage\",\"url\":\"https:\\\/\\\/observatorioleopoldina.com.br\\\/home\\\/sorocabana-renasce-e-agora-e-5-0\\\/\",\"name\":\"Sorocabana renasce e ser\\u00e1 hospital 5.0 - Observat\\u00f3rio Leopoldina\",\"description\":\"O ativismo comunit\\u00e1rio, que em 2008 abra\\u00e7ava o ent\\u00e3o agonizante Hospital Sorocabana, tem raz\\u00e3o de sobra para dizer: valeu a luta. Nesta ter\\u00e7a-feira, 3 de setembro, o secret\\u00e1rio municipal da Sa\\u00fade, Luiz Carlos Zamarco, assinou o termo de in\\u00edcio das obras de reconstru\\u00e7\\u00e3o do hist\\u00f3rico hospital da Rua Faustolo, que durante d\\u00e9cadas foi refer\\u00eancia da\",\"inLanguage\":\"pt-BR\",\"isPartOf\":{\"@id\":\"https:\\\/\\\/observatorioleopoldina.com.br\\\/home\\\/#website\"},\"breadcrumb\":{\"@id\":\"https:\\\/\\\/observatorioleopoldina.com.br\\\/home\\\/sorocabana-renasce-e-agora-e-5-0\\\/#breadcrumblist\"},\"author\":{\"@id\":\"https:\\\/\\\/observatorioleopoldina.com.br\\\/home\\\/author\\\/eduardo-fiora\\\/#author\"},\"creator\":{\"@id\":\"https:\\\/\\\/observatorioleopoldina.com.br\\\/home\\\/author\\\/eduardo-fiora\\\/#author\"},\"image\":{\"@type\":\"ImageObject\",\"url\":\"https:\\\/\\\/observatorioleopoldina.com.br\\\/home\\\/wp-content\\\/uploads\\\/2024\\\/09\\\/Screenshot_20240903-220903.png\",\"@id\":\"https:\\\/\\\/observatorioleopoldina.com.br\\\/home\\\/sorocabana-renasce-e-agora-e-5-0\\\/#mainImage\",\"width\":1080,\"height\":694},\"primaryImageOfPage\":{\"@id\":\"https:\\\/\\\/observatorioleopoldina.com.br\\\/home\\\/sorocabana-renasce-e-agora-e-5-0\\\/#mainImage\"},\"datePublished\":\"2024-09-03T22:11:48-03:00\",\"dateModified\":\"2024-09-03T22:25:26-03:00\"},{\"@type\":\"WebSite\",\"@id\":\"https:\\\/\\\/observatorioleopoldina.com.br\\\/home\\\/#website\",\"url\":\"https:\\\/\\\/observatorioleopoldina.com.br\\\/home\\\/\",\"name\":\"Observat\\u00f3rio Leopoldina\",\"description\":\"Espa\\u00e7o virtual colaborativo focado no desenvolvimento socioecon\\u00f4mico sustent\\u00e1vel de um Distrito em plena transforma\\u00e7\\u00e3o: a Vila Leopoldina.\",\"inLanguage\":\"pt-BR\",\"publisher\":{\"@id\":\"https:\\\/\\\/observatorioleopoldina.com.br\\\/home\\\/#organization\"}}]}\n\t\t<\/script>\n\t\t<!-- All in One SEO -->\n\n","aioseo_head_json":{"title":"Sorocabana renasce e ser\u00e1 hospital 5.0 - Observat\u00f3rio Leopoldina","description":"O ativismo comunit\u00e1rio, que em 2008 abra\u00e7ava o ent\u00e3o agonizante Hospital Sorocabana, tem raz\u00e3o de sobra para dizer: valeu a luta. Nesta ter\u00e7a-feira, 3 de setembro, o secret\u00e1rio municipal da Sa\u00fade, Luiz Carlos Zamarco, assinou o termo de in\u00edcio das obras de reconstru\u00e7\u00e3o do hist\u00f3rico hospital da Rua Faustolo, que durante d\u00e9cadas foi refer\u00eancia da","canonical_url":"https:\/\/observatorioleopoldina.com.br\/home\/sorocabana-renasce-e-agora-e-5-0\/","robots":"max-image-preview:large","keywords":"","webmasterTools":{"miscellaneous":""},"schema":{"@context":"https:\/\/schema.org","@graph":[{"@type":"BlogPosting","@id":"https:\/\/observatorioleopoldina.com.br\/home\/sorocabana-renasce-e-agora-e-5-0\/#blogposting","name":"Sorocabana renasce e ser\u00e1 hospital 5.0 - Observat\u00f3rio Leopoldina","headline":"Sorocabana renasce  e ser\u00e1 hospital 5.0","author":{"@id":"https:\/\/observatorioleopoldina.com.br\/home\/author\/eduardo-fiora\/#author"},"publisher":{"@id":"https:\/\/observatorioleopoldina.com.br\/home\/#organization"},"image":{"@type":"ImageObject","url":"https:\/\/observatorioleopoldina.com.br\/home\/wp-content\/uploads\/2024\/09\/Screenshot_20240903-220903.png","width":1080,"height":694},"datePublished":"2024-09-03T22:11:48-03:00","dateModified":"2024-09-03T22:25:26-03:00","inLanguage":"pt-BR","mainEntityOfPage":{"@id":"https:\/\/observatorioleopoldina.com.br\/home\/sorocabana-renasce-e-agora-e-5-0\/#webpage"},"isPartOf":{"@id":"https:\/\/observatorioleopoldina.com.br\/home\/sorocabana-renasce-e-agora-e-5-0\/#webpage"},"articleSection":"No Bairro, Sa\u00fade, #Hospital Sorocabana, Sorocabana"},{"@type":"BreadcrumbList","@id":"https:\/\/observatorioleopoldina.com.br\/home\/sorocabana-renasce-e-agora-e-5-0\/#breadcrumblist","itemListElement":[{"@type":"ListItem","@id":"https:\/\/observatorioleopoldina.com.br\/home#listItem","position":1,"name":"In\u00edcio","item":"https:\/\/observatorioleopoldina.com.br\/home","nextItem":{"@type":"ListItem","@id":"https:\/\/observatorioleopoldina.com.br\/home\/category\/no-bairro\/#listItem","name":"No Bairro"}},{"@type":"ListItem","@id":"https:\/\/observatorioleopoldina.com.br\/home\/category\/no-bairro\/#listItem","position":2,"name":"No Bairro","item":"https:\/\/observatorioleopoldina.com.br\/home\/category\/no-bairro\/","nextItem":{"@type":"ListItem","@id":"https:\/\/observatorioleopoldina.com.br\/home\/category\/no-bairro\/saude\/#listItem","name":"Sa\u00fade"},"previousItem":{"@type":"ListItem","@id":"https:\/\/observatorioleopoldina.com.br\/home#listItem","name":"In\u00edcio"}},{"@type":"ListItem","@id":"https:\/\/observatorioleopoldina.com.br\/home\/category\/no-bairro\/saude\/#listItem","position":3,"name":"Sa\u00fade","item":"https:\/\/observatorioleopoldina.com.br\/home\/category\/no-bairro\/saude\/","nextItem":{"@type":"ListItem","@id":"https:\/\/observatorioleopoldina.com.br\/home\/sorocabana-renasce-e-agora-e-5-0\/#listItem","name":"Sorocabana renasce  e ser\u00e1 hospital 5.0"},"previousItem":{"@type":"ListItem","@id":"https:\/\/observatorioleopoldina.com.br\/home\/category\/no-bairro\/#listItem","name":"No Bairro"}},{"@type":"ListItem","@id":"https:\/\/observatorioleopoldina.com.br\/home\/sorocabana-renasce-e-agora-e-5-0\/#listItem","position":4,"name":"Sorocabana renasce  e ser\u00e1 hospital 5.0","previousItem":{"@type":"ListItem","@id":"https:\/\/observatorioleopoldina.com.br\/home\/category\/no-bairro\/saude\/#listItem","name":"Sa\u00fade"}}]},{"@type":"Organization","@id":"https:\/\/observatorioleopoldina.com.br\/home\/#organization","name":"Observat\u00f3rio Leopoldina","description":"Espa\u00e7o virtual colaborativo focado no desenvolvimento socioecon\u00f4mico sustent\u00e1vel de um Distrito em plena transforma\u00e7\u00e3o: a Vila Leopoldina.","url":"https:\/\/observatorioleopoldina.com.br\/home\/","logo":{"@type":"ImageObject","url":"https:\/\/observatorioleopoldina.com.br\/home\/wp-content\/uploads\/2024\/02\/2022-06-08-removebg-preview.png","@id":"https:\/\/observatorioleopoldina.com.br\/home\/sorocabana-renasce-e-agora-e-5-0\/#organizationLogo","width":680,"height":247},"image":{"@id":"https:\/\/observatorioleopoldina.com.br\/home\/sorocabana-renasce-e-agora-e-5-0\/#organizationLogo"}},{"@type":"Person","@id":"https:\/\/observatorioleopoldina.com.br\/home\/author\/eduardo-fiora\/#author","url":"https:\/\/observatorioleopoldina.com.br\/home\/author\/eduardo-fiora\/","name":"Eduardo Fiora"},{"@type":"WebPage","@id":"https:\/\/observatorioleopoldina.com.br\/home\/sorocabana-renasce-e-agora-e-5-0\/#webpage","url":"https:\/\/observatorioleopoldina.com.br\/home\/sorocabana-renasce-e-agora-e-5-0\/","name":"Sorocabana renasce e ser\u00e1 hospital 5.0 - Observat\u00f3rio Leopoldina","description":"O ativismo comunit\u00e1rio, que em 2008 abra\u00e7ava o ent\u00e3o agonizante Hospital Sorocabana, tem raz\u00e3o de sobra para dizer: valeu a luta. Nesta ter\u00e7a-feira, 3 de setembro, o secret\u00e1rio municipal da Sa\u00fade, Luiz Carlos Zamarco, assinou o termo de in\u00edcio das obras de reconstru\u00e7\u00e3o do hist\u00f3rico hospital da Rua Faustolo, que durante d\u00e9cadas foi refer\u00eancia da","inLanguage":"pt-BR","isPartOf":{"@id":"https:\/\/observatorioleopoldina.com.br\/home\/#website"},"breadcrumb":{"@id":"https:\/\/observatorioleopoldina.com.br\/home\/sorocabana-renasce-e-agora-e-5-0\/#breadcrumblist"},"author":{"@id":"https:\/\/observatorioleopoldina.com.br\/home\/author\/eduardo-fiora\/#author"},"creator":{"@id":"https:\/\/observatorioleopoldina.com.br\/home\/author\/eduardo-fiora\/#author"},"image":{"@type":"ImageObject","url":"https:\/\/observatorioleopoldina.com.br\/home\/wp-content\/uploads\/2024\/09\/Screenshot_20240903-220903.png","@id":"https:\/\/observatorioleopoldina.com.br\/home\/sorocabana-renasce-e-agora-e-5-0\/#mainImage","width":1080,"height":694},"primaryImageOfPage":{"@id":"https:\/\/observatorioleopoldina.com.br\/home\/sorocabana-renasce-e-agora-e-5-0\/#mainImage"},"datePublished":"2024-09-03T22:11:48-03:00","dateModified":"2024-09-03T22:25:26-03:00"},{"@type":"WebSite","@id":"https:\/\/observatorioleopoldina.com.br\/home\/#website","url":"https:\/\/observatorioleopoldina.com.br\/home\/","name":"Observat\u00f3rio Leopoldina","description":"Espa\u00e7o virtual colaborativo focado no desenvolvimento socioecon\u00f4mico sustent\u00e1vel de um Distrito em plena transforma\u00e7\u00e3o: a Vila Leopoldina.","inLanguage":"pt-BR","publisher":{"@id":"https:\/\/observatorioleopoldina.com.br\/home\/#organization"}}]},"og:locale":"pt_BR","og:site_name":"Observat\u00f3rio Leopoldina - Espa\u00e7o virtual colaborativo focado no desenvolvimento socioecon\u00f4mico sustent\u00e1vel de um Distrito em plena transforma\u00e7\u00e3o: a Vila Leopoldina.","og:type":"article","og:title":"Sorocabana renasce e ser\u00e1 hospital 5.0 - Observat\u00f3rio Leopoldina","og:description":"O ativismo comunit\u00e1rio, que em 2008 abra\u00e7ava o ent\u00e3o agonizante Hospital Sorocabana, tem raz\u00e3o de sobra para dizer: valeu a luta. Nesta ter\u00e7a-feira, 3 de setembro, o secret\u00e1rio municipal da Sa\u00fade, Luiz Carlos Zamarco, assinou o termo de in\u00edcio das obras de reconstru\u00e7\u00e3o do hist\u00f3rico hospital da Rua Faustolo, que durante d\u00e9cadas foi refer\u00eancia da","og:url":"https:\/\/observatorioleopoldina.com.br\/home\/sorocabana-renasce-e-agora-e-5-0\/","og:image":"https:\/\/observatorioleopoldina.com.br\/home\/wp-content\/uploads\/2024\/09\/Screenshot_20240903-220903.png","og:image:secure_url":"https:\/\/observatorioleopoldina.com.br\/home\/wp-content\/uploads\/2024\/09\/Screenshot_20240903-220903.png","og:image:width":1080,"og:image:height":694,"article:published_time":"2024-09-04T01:11:48+00:00","article:modified_time":"2024-09-04T01:25:26+00:00","twitter:card":"summary_large_image","twitter:title":"Sorocabana renasce e ser\u00e1 hospital 5.0 - Observat\u00f3rio Leopoldina","twitter:description":"O ativismo comunit\u00e1rio, que em 2008 abra\u00e7ava o ent\u00e3o agonizante Hospital Sorocabana, tem raz\u00e3o de sobra para dizer: valeu a luta. Nesta ter\u00e7a-feira, 3 de setembro, o secret\u00e1rio municipal da Sa\u00fade, Luiz Carlos Zamarco, assinou o termo de in\u00edcio das obras de reconstru\u00e7\u00e3o do hist\u00f3rico hospital da Rua Faustolo, que durante d\u00e9cadas foi refer\u00eancia da","twitter:image":"https:\/\/observatorioleopoldina.com.br\/home\/wp-content\/uploads\/2024\/09\/Screenshot_20240903-220903.png"},"aioseo_meta_data":{"post_id":"2736","title":null,"description":null,"keywords":null,"keyphrases":{"focus":{"keyphrase":"","score":0,"analysis":{"keyphraseInTitle":{"score":0,"maxScore":9,"error":1}}},"additional":[]},"primary_term":null,"canonical_url":null,"og_title":null,"og_description":null,"og_object_type":"default","og_image_type":"default","og_image_url":null,"og_image_width":null,"og_image_height":null,"og_image_custom_url":null,"og_image_custom_fields":null,"og_video":"","og_custom_url":null,"og_article_section":null,"og_article_tags":null,"twitter_use_og":false,"twitter_card":"default","twitter_image_type":"default","twitter_image_url":null,"twitter_image_custom_url":null,"twitter_image_custom_fields":null,"twitter_title":null,"twitter_description":null,"schema":{"blockGraphs":[],"customGraphs":[],"default":{"data":{"Article":[],"Course":[],"Dataset":[],"FAQPage":[],"Movie":[],"Person":[],"Product":[],"ProductReview":[],"Car":[],"Recipe":[],"Service":[],"SoftwareApplication":[],"WebPage":[]},"graphName":"BlogPosting","isEnabled":true},"graphs":[]},"schema_type":"default","schema_type_options":null,"pillar_content":false,"robots_default":true,"robots_noindex":false,"robots_noarchive":false,"robots_nosnippet":false,"robots_nofollow":false,"robots_noimageindex":false,"robots_noodp":false,"robots_notranslate":false,"robots_max_snippet":"-1","robots_max_videopreview":"-1","robots_max_imagepreview":"large","priority":null,"frequency":"default","local_seo":null,"breadcrumb_settings":null,"limit_modified_date":false,"ai":null,"created":"2024-09-04 01:11:48","updated":"2025-06-04 12:22:53","seo_analyzer_scan_date":null,"focus_keyword":null,"additional_keywords":null,"truseo_locale":null},"aioseo_breadcrumb":"<div class=\"aioseo-breadcrumbs\"><span class=\"aioseo-breadcrumb\">\n\t\t\t<a href=\"https:\/\/observatorioleopoldina.com.br\/home\" title=\"In\u00edcio\">In\u00edcio<\/a>\n\t\t<\/span><span class=\"aioseo-breadcrumb-separator\">\u00bb<\/span><span class=\"aioseo-breadcrumb\">\n\t\t\t<a href=\"https:\/\/observatorioleopoldina.com.br\/home\/category\/no-bairro\/\" title=\"No Bairro\">No Bairro<\/a>\n\t\t<\/span><span class=\"aioseo-breadcrumb-separator\">\u00bb<\/span><span class=\"aioseo-breadcrumb\">\n\t\t\t<a href=\"https:\/\/observatorioleopoldina.com.br\/home\/category\/no-bairro\/saude\/\" title=\"Sa\u00fade\">Sa\u00fade<\/a>\n\t\t<\/span><span class=\"aioseo-breadcrumb-separator\">\u00bb<\/span><span class=\"aioseo-breadcrumb\">\n\t\t\tSorocabana renasce  e ser\u00e1 hospital 5.0\n\t\t<\/span><\/div>","aioseo_breadcrumb_json":[{"label":"In\u00edcio","link":"https:\/\/observatorioleopoldina.com.br\/home"},{"label":"No Bairro","link":"https:\/\/observatorioleopoldina.com.br\/home\/category\/no-bairro\/"},{"label":"Sa\u00fade","link":"https:\/\/observatorioleopoldina.com.br\/home\/category\/no-bairro\/saude\/"},{"label":"Sorocabana renasce  e ser\u00e1 hospital 5.0","link":"https:\/\/observatorioleopoldina.com.br\/home\/sorocabana-renasce-e-agora-e-5-0\/"}],"_links":{"self":[{"href":"https:\/\/observatorioleopoldina.com.br\/home\/wp-json\/wp\/v2\/posts\/2736","targetHints":{"allow":["GET"]}}],"collection":[{"href":"https:\/\/observatorioleopoldina.com.br\/home\/wp-json\/wp\/v2\/posts"}],"about":[{"href":"https:\/\/observatorioleopoldina.com.br\/home\/wp-json\/wp\/v2\/types\/post"}],"author":[{"embeddable":true,"href":"https:\/\/observatorioleopoldina.com.br\/home\/wp-json\/wp\/v2\/users\/3"}],"replies":[{"embeddable":true,"href":"https:\/\/observatorioleopoldina.com.br\/home\/wp-json\/wp\/v2\/comments?post=2736"}],"version-history":[{"count":6,"href":"https:\/\/observatorioleopoldina.com.br\/home\/wp-json\/wp\/v2\/posts\/2736\/revisions"}],"predecessor-version":[{"id":2747,"href":"https:\/\/observatorioleopoldina.com.br\/home\/wp-json\/wp\/v2\/posts\/2736\/revisions\/2747"}],"wp:featuredmedia":[{"embeddable":true,"href":"https:\/\/observatorioleopoldina.com.br\/home\/wp-json\/wp\/v2\/media\/2737"}],"wp:attachment":[{"href":"https:\/\/observatorioleopoldina.com.br\/home\/wp-json\/wp\/v2\/media?parent=2736"}],"wp:term":[{"taxonomy":"category","embeddable":true,"href":"https:\/\/observatorioleopoldina.com.br\/home\/wp-json\/wp\/v2\/categories?post=2736"},{"taxonomy":"post_tag","embeddable":true,"href":"https:\/\/observatorioleopoldina.com.br\/home\/wp-json\/wp\/v2\/tags?post=2736"}],"curies":[{"name":"wp","href":"https:\/\/api.w.org\/{rel}","templated":true}]}}