{"id":2597,"date":"2024-07-16T22:09:30","date_gmt":"2024-07-17T01:09:30","guid":{"rendered":"https:\/\/observatorioleopoldina.com.br\/home\/?p=2597"},"modified":"2024-07-17T10:11:51","modified_gmt":"2024-07-17T13:11:51","slug":"calcadas-podem-ser-mais-verdes-e-acessiveis","status":"publish","type":"post","link":"https:\/\/observatorioleopoldina.com.br\/home\/calcadas-podem-ser-mais-verdes-e-acessiveis\/","title":{"rendered":"Cal\u00e7adas podem ser mais verdes e acess\u00edveis"},"content":{"rendered":"\n<p class=\"wp-block-paragraph\">Caminhando pelo bairro vemos que a cidade perde a oportunidade de ser melhor. Uma cal\u00e7ada larga com nove \u00e1rvores plantadas. Canteiros sofridos, o lixo rodeando e visiveis sinais de maus tratos. S\u00e3o tr\u00eas ficus, cinco ip\u00eas amarelos, uma palmeirinha. <\/p>\n\n\n\n<p class=\"wp-block-paragraph\">A cal\u00e7ada poderia ter os canteiros verdes, sem as muretinhas que impedem a \u00e1gua chegar no colo da \u00e1rvore e ser alinhada sem rampas. <\/p>\n\n\n\n<p class=\"wp-block-paragraph\">Poderia ser melhor, n\u00e3o acham? Para ajudar a escolher a melhor \u00e1rvore para cal\u00e7adas  voc\u00ea pode acessar o <a href=\"https:\/\/www.prefeitura.sp.gov.br\/cidade\/secretarias\/meio_ambiente\/publicacoes_svma\/index.php?p=188452\" title=\"Manual de Arboriza\u00e7\u00e3o Urbana\">Manual de Arboriza\u00e7\u00e3o Urbana<\/a> e ver\u00e1 que Ficus n\u00e3o consta na lista das \u00e1rvores recomendadas para cal\u00e7adas. <\/p>\n\n\n\n<p class=\"wp-block-paragraph\">Aqui outros links com guias para uma cal\u00e7ada de qualidade, <a href=\"https:\/\/www.prefeitura.sp.gov.br\/cidade\/secretarias\/upload\/pessoa_com_deficiencia\/Cartilha%202023_compressed(1).pdf\" title=\"acessivel\">acessivel<\/a>, <a href=\"http:\/\/arquivos.ambiente.sp.gov.br\/municipioverdeazul\/2013\/05\/Cal%C3%A7adas-Verdes-e-Acess%C3%ADveis.pdf\" title=\"verde\">verde<\/a> (com canteiros perme\u00e1veis) e boa para o bairro!<\/p>\n\n\n\n<figure class=\"wp-block-gallery has-nested-images columns-default is-cropped wp-block-gallery-1 is-layout-flex wp-block-gallery-is-layout-flex\">\n<figure class=\"wp-block-image size-large\"><img decoding=\"async\" width=\"461\" height=\"1024\" data-id=\"2603\" data-src=\"https:\/\/observatorioleopoldina.com.br\/home\/wp-content\/uploads\/2024\/07\/IMG_20240716_133127-461x1024.jpg\" alt=\"\" class=\"wp-image-2603 lazyload\" data-srcset=\"https:\/\/observatorioleopoldina.com.br\/home\/wp-content\/uploads\/2024\/07\/IMG_20240716_133127-461x1024.jpg 461w, https:\/\/observatorioleopoldina.com.br\/home\/wp-content\/uploads\/2024\/07\/IMG_20240716_133127-135x300.jpg 135w, https:\/\/observatorioleopoldina.com.br\/home\/wp-content\/uploads\/2024\/07\/IMG_20240716_133127-768x1707.jpg 768w, https:\/\/observatorioleopoldina.com.br\/home\/wp-content\/uploads\/2024\/07\/IMG_20240716_133127-691x1536.jpg 691w, https:\/\/observatorioleopoldina.com.br\/home\/wp-content\/uploads\/2024\/07\/IMG_20240716_133127-922x2048.jpg 922w, https:\/\/observatorioleopoldina.com.br\/home\/wp-content\/uploads\/2024\/07\/IMG_20240716_133127-scaled.jpg 1152w\" data-sizes=\"(max-width: 461px) 100vw, 461px\" src=\"data:image\/gif;base64,R0lGODlhAQABAAAAACH5BAEKAAEALAAAAAABAAEAAAICTAEAOw==\" style=\"--smush-placeholder-width: 461px; --smush-placeholder-aspect-ratio: 461\/1024;\" \/><figcaption class=\"wp-element-caption\">\u00c1rvore em cal\u00e7ada na R. Hayden &#8211; Ficus<\/figcaption><\/figure>\n\n\n\n<figure class=\"wp-block-image size-large\"><img decoding=\"async\" width=\"461\" height=\"1024\" data-id=\"2598\" data-src=\"https:\/\/observatorioleopoldina.com.br\/home\/wp-content\/uploads\/2024\/07\/IMG_20240716_133133-461x1024.jpg\" alt=\"\" class=\"wp-image-2598 lazyload\" data-srcset=\"https:\/\/observatorioleopoldina.com.br\/home\/wp-content\/uploads\/2024\/07\/IMG_20240716_133133-461x1024.jpg 461w, https:\/\/observatorioleopoldina.com.br\/home\/wp-content\/uploads\/2024\/07\/IMG_20240716_133133-135x300.jpg 135w, https:\/\/observatorioleopoldina.com.br\/home\/wp-content\/uploads\/2024\/07\/IMG_20240716_133133-768x1707.jpg 768w, https:\/\/observatorioleopoldina.com.br\/home\/wp-content\/uploads\/2024\/07\/IMG_20240716_133133-691x1536.jpg 691w, https:\/\/observatorioleopoldina.com.br\/home\/wp-content\/uploads\/2024\/07\/IMG_20240716_133133-922x2048.jpg 922w, https:\/\/observatorioleopoldina.com.br\/home\/wp-content\/uploads\/2024\/07\/IMG_20240716_133133-scaled.jpg 1152w\" data-sizes=\"(max-width: 461px) 100vw, 461px\" src=\"data:image\/gif;base64,R0lGODlhAQABAAAAACH5BAEKAAEALAAAAAABAAEAAAICTAEAOw==\" style=\"--smush-placeholder-width: 461px; --smush-placeholder-aspect-ratio: 461\/1024;\" \/><figcaption class=\"wp-element-caption\">\u00c1rvore em cal\u00e7ada na R. Hayden &#8211; Palmeira<\/figcaption><\/figure>\n\n\n\n<figure class=\"wp-block-image size-large\"><img decoding=\"async\" width=\"461\" height=\"1024\" data-id=\"2602\" data-src=\"https:\/\/observatorioleopoldina.com.br\/home\/wp-content\/uploads\/2024\/07\/IMG_20240716_133136-461x1024.jpg\" alt=\"\" class=\"wp-image-2602 lazyload\" data-srcset=\"https:\/\/observatorioleopoldina.com.br\/home\/wp-content\/uploads\/2024\/07\/IMG_20240716_133136-461x1024.jpg 461w, https:\/\/observatorioleopoldina.com.br\/home\/wp-content\/uploads\/2024\/07\/IMG_20240716_133136-135x300.jpg 135w, https:\/\/observatorioleopoldina.com.br\/home\/wp-content\/uploads\/2024\/07\/IMG_20240716_133136-768x1707.jpg 768w, https:\/\/observatorioleopoldina.com.br\/home\/wp-content\/uploads\/2024\/07\/IMG_20240716_133136-691x1536.jpg 691w, https:\/\/observatorioleopoldina.com.br\/home\/wp-content\/uploads\/2024\/07\/IMG_20240716_133136-922x2048.jpg 922w, https:\/\/observatorioleopoldina.com.br\/home\/wp-content\/uploads\/2024\/07\/IMG_20240716_133136-scaled.jpg 1152w\" data-sizes=\"(max-width: 461px) 100vw, 461px\" src=\"data:image\/gif;base64,R0lGODlhAQABAAAAACH5BAEKAAEALAAAAAABAAEAAAICTAEAOw==\" style=\"--smush-placeholder-width: 461px; --smush-placeholder-aspect-ratio: 461\/1024;\" \/><figcaption class=\"wp-element-caption\">\u00c1rvore em cal\u00e7ada na R. Hayden &#8211; Ficus<\/figcaption><\/figure>\n\n\n\n<figure class=\"wp-block-image size-large\"><img decoding=\"async\" width=\"461\" height=\"1024\" data-id=\"2600\" data-src=\"https:\/\/observatorioleopoldina.com.br\/home\/wp-content\/uploads\/2024\/07\/IMG_20240716_133142-461x1024.jpg\" alt=\"\" class=\"wp-image-2600 lazyload\" data-srcset=\"https:\/\/observatorioleopoldina.com.br\/home\/wp-content\/uploads\/2024\/07\/IMG_20240716_133142-461x1024.jpg 461w, https:\/\/observatorioleopoldina.com.br\/home\/wp-content\/uploads\/2024\/07\/IMG_20240716_133142-135x300.jpg 135w, https:\/\/observatorioleopoldina.com.br\/home\/wp-content\/uploads\/2024\/07\/IMG_20240716_133142-768x1707.jpg 768w, https:\/\/observatorioleopoldina.com.br\/home\/wp-content\/uploads\/2024\/07\/IMG_20240716_133142-691x1536.jpg 691w, https:\/\/observatorioleopoldina.com.br\/home\/wp-content\/uploads\/2024\/07\/IMG_20240716_133142-922x2048.jpg 922w, https:\/\/observatorioleopoldina.com.br\/home\/wp-content\/uploads\/2024\/07\/IMG_20240716_133142-scaled.jpg 1152w\" data-sizes=\"(max-width: 461px) 100vw, 461px\" src=\"data:image\/gif;base64,R0lGODlhAQABAAAAACH5BAEKAAEALAAAAAABAAEAAAICTAEAOw==\" style=\"--smush-placeholder-width: 461px; --smush-placeholder-aspect-ratio: 461\/1024;\" \/><figcaption class=\"wp-element-caption\">\u00c1rvore em cal\u00e7ada na R. Hayden &#8211; Ip\u00ea Amarelo <\/figcaption><\/figure>\n\n\n\n<figure class=\"wp-block-image size-large\"><img decoding=\"async\" width=\"461\" height=\"1024\" data-id=\"2609\" data-src=\"https:\/\/observatorioleopoldina.com.br\/home\/wp-content\/uploads\/2024\/07\/IMG_20240716_133148-1-461x1024.jpg\" alt=\"\" class=\"wp-image-2609 lazyload\" data-srcset=\"https:\/\/observatorioleopoldina.com.br\/home\/wp-content\/uploads\/2024\/07\/IMG_20240716_133148-1-461x1024.jpg 461w, https:\/\/observatorioleopoldina.com.br\/home\/wp-content\/uploads\/2024\/07\/IMG_20240716_133148-1-135x300.jpg 135w, https:\/\/observatorioleopoldina.com.br\/home\/wp-content\/uploads\/2024\/07\/IMG_20240716_133148-1-768x1707.jpg 768w, https:\/\/observatorioleopoldina.com.br\/home\/wp-content\/uploads\/2024\/07\/IMG_20240716_133148-1-691x1536.jpg 691w, https:\/\/observatorioleopoldina.com.br\/home\/wp-content\/uploads\/2024\/07\/IMG_20240716_133148-1-922x2048.jpg 922w, https:\/\/observatorioleopoldina.com.br\/home\/wp-content\/uploads\/2024\/07\/IMG_20240716_133148-1-scaled.jpg 1152w\" data-sizes=\"(max-width: 461px) 100vw, 461px\" src=\"data:image\/gif;base64,R0lGODlhAQABAAAAACH5BAEKAAEALAAAAAABAAEAAAICTAEAOw==\" style=\"--smush-placeholder-width: 461px; --smush-placeholder-aspect-ratio: 461\/1024;\" \/><figcaption class=\"wp-element-caption\">\u00c1rvore em cal\u00e7ada na R. Hayden &#8211; Ip\u00ea Amarelo<\/figcaption><\/figure>\n\n\n\n<figure class=\"wp-block-image size-large\"><img decoding=\"async\" width=\"461\" height=\"1024\" data-id=\"2608\" data-src=\"https:\/\/observatorioleopoldina.com.br\/home\/wp-content\/uploads\/2024\/07\/IMG_20240716_133155-1-461x1024.jpg\" alt=\"\" class=\"wp-image-2608 lazyload\" data-srcset=\"https:\/\/observatorioleopoldina.com.br\/home\/wp-content\/uploads\/2024\/07\/IMG_20240716_133155-1-461x1024.jpg 461w, https:\/\/observatorioleopoldina.com.br\/home\/wp-content\/uploads\/2024\/07\/IMG_20240716_133155-1-135x300.jpg 135w, https:\/\/observatorioleopoldina.com.br\/home\/wp-content\/uploads\/2024\/07\/IMG_20240716_133155-1-768x1707.jpg 768w, https:\/\/observatorioleopoldina.com.br\/home\/wp-content\/uploads\/2024\/07\/IMG_20240716_133155-1-691x1536.jpg 691w, https:\/\/observatorioleopoldina.com.br\/home\/wp-content\/uploads\/2024\/07\/IMG_20240716_133155-1-922x2048.jpg 922w, https:\/\/observatorioleopoldina.com.br\/home\/wp-content\/uploads\/2024\/07\/IMG_20240716_133155-1-scaled.jpg 1152w\" data-sizes=\"(max-width: 461px) 100vw, 461px\" src=\"data:image\/gif;base64,R0lGODlhAQABAAAAACH5BAEKAAEALAAAAAABAAEAAAICTAEAOw==\" style=\"--smush-placeholder-width: 461px; --smush-placeholder-aspect-ratio: 461\/1024;\" \/><figcaption class=\"wp-element-caption\">\u00c1rvore em cal\u00e7ada na R. Hayden &#8211; Ip\u00ea Amarelo <\/figcaption><\/figure>\n\n\n\n<figure class=\"wp-block-image size-large\"><img decoding=\"async\" width=\"461\" height=\"1024\" data-id=\"2599\" data-src=\"https:\/\/observatorioleopoldina.com.br\/home\/wp-content\/uploads\/2024\/07\/IMG_20240716_133201-461x1024.jpg\" alt=\"\" class=\"wp-image-2599 lazyload\" data-srcset=\"https:\/\/observatorioleopoldina.com.br\/home\/wp-content\/uploads\/2024\/07\/IMG_20240716_133201-461x1024.jpg 461w, https:\/\/observatorioleopoldina.com.br\/home\/wp-content\/uploads\/2024\/07\/IMG_20240716_133201-135x300.jpg 135w, https:\/\/observatorioleopoldina.com.br\/home\/wp-content\/uploads\/2024\/07\/IMG_20240716_133201-768x1707.jpg 768w, https:\/\/observatorioleopoldina.com.br\/home\/wp-content\/uploads\/2024\/07\/IMG_20240716_133201-691x1536.jpg 691w, https:\/\/observatorioleopoldina.com.br\/home\/wp-content\/uploads\/2024\/07\/IMG_20240716_133201-922x2048.jpg 922w, https:\/\/observatorioleopoldina.com.br\/home\/wp-content\/uploads\/2024\/07\/IMG_20240716_133201-scaled.jpg 1152w\" data-sizes=\"(max-width: 461px) 100vw, 461px\" src=\"data:image\/gif;base64,R0lGODlhAQABAAAAACH5BAEKAAEALAAAAAABAAEAAAICTAEAOw==\" style=\"--smush-placeholder-width: 461px; --smush-placeholder-aspect-ratio: 461\/1024;\" \/><figcaption class=\"wp-element-caption\">\u00c1rvore em cal\u00e7ada na R. Hayden<\/figcaption><\/figure>\n\n\n\n<figure class=\"wp-block-image size-large\"><img decoding=\"async\" width=\"461\" height=\"1024\" data-id=\"2601\" data-src=\"https:\/\/observatorioleopoldina.com.br\/home\/wp-content\/uploads\/2024\/07\/IMG_20240716_133206-461x1024.jpg\" alt=\"\" class=\"wp-image-2601 lazyload\" data-srcset=\"https:\/\/observatorioleopoldina.com.br\/home\/wp-content\/uploads\/2024\/07\/IMG_20240716_133206-461x1024.jpg 461w, https:\/\/observatorioleopoldina.com.br\/home\/wp-content\/uploads\/2024\/07\/IMG_20240716_133206-135x300.jpg 135w, https:\/\/observatorioleopoldina.com.br\/home\/wp-content\/uploads\/2024\/07\/IMG_20240716_133206-768x1707.jpg 768w, https:\/\/observatorioleopoldina.com.br\/home\/wp-content\/uploads\/2024\/07\/IMG_20240716_133206-691x1536.jpg 691w, https:\/\/observatorioleopoldina.com.br\/home\/wp-content\/uploads\/2024\/07\/IMG_20240716_133206-922x2048.jpg 922w, https:\/\/observatorioleopoldina.com.br\/home\/wp-content\/uploads\/2024\/07\/IMG_20240716_133206-scaled.jpg 1152w\" data-sizes=\"(max-width: 461px) 100vw, 461px\" src=\"data:image\/gif;base64,R0lGODlhAQABAAAAACH5BAEKAAEALAAAAAABAAEAAAICTAEAOw==\" style=\"--smush-placeholder-width: 461px; --smush-placeholder-aspect-ratio: 461\/1024;\" \/><figcaption class=\"wp-element-caption\">\u00c1rvore em cal\u00e7ada na R. Hayden &#8211; Ficus<\/figcaption><\/figure>\n\n\n\n<figure class=\"wp-block-image size-large\"><img decoding=\"async\" width=\"461\" height=\"1024\" data-id=\"2607\" data-src=\"https:\/\/observatorioleopoldina.com.br\/home\/wp-content\/uploads\/2024\/07\/IMG_20240716_133211-1-461x1024.jpg\" alt=\"\" class=\"wp-image-2607 lazyload\" data-srcset=\"https:\/\/observatorioleopoldina.com.br\/home\/wp-content\/uploads\/2024\/07\/IMG_20240716_133211-1-461x1024.jpg 461w, https:\/\/observatorioleopoldina.com.br\/home\/wp-content\/uploads\/2024\/07\/IMG_20240716_133211-1-135x300.jpg 135w, https:\/\/observatorioleopoldina.com.br\/home\/wp-content\/uploads\/2024\/07\/IMG_20240716_133211-1-768x1707.jpg 768w, https:\/\/observatorioleopoldina.com.br\/home\/wp-content\/uploads\/2024\/07\/IMG_20240716_133211-1-691x1536.jpg 691w, https:\/\/observatorioleopoldina.com.br\/home\/wp-content\/uploads\/2024\/07\/IMG_20240716_133211-1-922x2048.jpg 922w, https:\/\/observatorioleopoldina.com.br\/home\/wp-content\/uploads\/2024\/07\/IMG_20240716_133211-1-scaled.jpg 1152w\" data-sizes=\"(max-width: 461px) 100vw, 461px\" src=\"data:image\/gif;base64,R0lGODlhAQABAAAAACH5BAEKAAEALAAAAAABAAEAAAICTAEAOw==\" style=\"--smush-placeholder-width: 461px; --smush-placeholder-aspect-ratio: 461\/1024;\" \/><figcaption class=\"wp-element-caption\">\u00c1rvore em cal\u00e7ada na R. Hayden &#8211; Ip\u00ea Amarelo<\/figcaption><\/figure>\n<\/figure>\n","protected":false},"excerpt":{"rendered":"<p>Caminhando pelo bairro vemos que a cidade perde a oportunidade de ser melhor. Uma cal\u00e7ada<\/p>\n","protected":false},"author":4,"featured_media":2601,"comment_status":"closed","ping_status":"closed","sticky":false,"template":"","format":"standard","meta":{"footnotes":""},"categories":[223],"tags":[],"class_list":["post-2597","post","type-post","status-publish","format-standard","has-post-thumbnail","hentry","category-pode-melhorar"],"aioseo_notices":[],"aioseo_head":"\n\t\t<!-- All in One SEO 5.0.1.1 - aioseo.com -->\n\t<meta name=\"description\" content=\"Caminhando pelo bairro vemos que a cidade perde a oportunidade de ser melhor. Uma cal\u00e7ada larga com nove \u00e1rvores plantadas. Canteiros sofridos, o lixo rodeando e visiveis sinais de maus tratos. S\u00e3o tr\u00eas ficus, cinco ip\u00eas amarelos, uma palmeirinha. A cal\u00e7ada poderia ter os canteiros verdes, sem as muretinhas que impedem a \u00e1gua chegar no\" \/>\n\t<meta name=\"robots\" content=\"max-image-preview:large\" \/>\n\t<meta name=\"author\" content=\"Alexandra Swerts\"\/>\n\t<link rel=\"canonical\" href=\"https:\/\/observatorioleopoldina.com.br\/home\/calcadas-podem-ser-mais-verdes-e-acessiveis\/\" \/>\n\t<meta name=\"generator\" content=\"All in One SEO (AIOSEO) 5.0.1.1\" \/>\n\t\t<meta property=\"og:locale\" content=\"pt_BR\" \/>\n\t\t<meta property=\"og:site_name\" content=\"Observat\u00f3rio Leopoldina - Espa\u00e7o virtual colaborativo focado no desenvolvimento socioecon\u00f4mico sustent\u00e1vel de um Distrito em plena transforma\u00e7\u00e3o: a Vila Leopoldina.\" \/>\n\t\t<meta property=\"og:type\" content=\"article\" \/>\n\t\t<meta property=\"og:title\" content=\"Cal\u00e7adas podem ser mais verdes e acess\u00edveis - Observat\u00f3rio Leopoldina\" \/>\n\t\t<meta property=\"og:description\" content=\"Caminhando pelo bairro vemos que a cidade perde a oportunidade de ser melhor. Uma cal\u00e7ada larga com nove \u00e1rvores plantadas. Canteiros sofridos, o lixo rodeando e visiveis sinais de maus tratos. S\u00e3o tr\u00eas ficus, cinco ip\u00eas amarelos, uma palmeirinha. A cal\u00e7ada poderia ter os canteiros verdes, sem as muretinhas que impedem a \u00e1gua chegar no\" \/>\n\t\t<meta property=\"og:url\" content=\"https:\/\/observatorioleopoldina.com.br\/home\/calcadas-podem-ser-mais-verdes-e-acessiveis\/\" \/>\n\t\t<meta property=\"og:image\" content=\"https:\/\/observatorioleopoldina.com.br\/home\/wp-content\/uploads\/2024\/07\/IMG_20240716_133206-scaled.jpg\" \/>\n\t\t<meta property=\"og:image:secure_url\" content=\"https:\/\/observatorioleopoldina.com.br\/home\/wp-content\/uploads\/2024\/07\/IMG_20240716_133206-scaled.jpg\" \/>\n\t\t<meta property=\"og:image:width\" content=\"1152\" \/>\n\t\t<meta property=\"og:image:height\" content=\"2560\" \/>\n\t\t<meta property=\"article:published_time\" content=\"2024-07-17T01:09:30+00:00\" \/>\n\t\t<meta property=\"article:modified_time\" content=\"2024-07-17T13:11:51+00:00\" \/>\n\t\t<meta name=\"twitter:card\" content=\"summary_large_image\" \/>\n\t\t<meta name=\"twitter:title\" content=\"Cal\u00e7adas podem ser mais verdes e acess\u00edveis - Observat\u00f3rio Leopoldina\" \/>\n\t\t<meta name=\"twitter:description\" content=\"Caminhando pelo bairro vemos que a cidade perde a oportunidade de ser melhor. Uma cal\u00e7ada larga com nove \u00e1rvores plantadas. Canteiros sofridos, o lixo rodeando e visiveis sinais de maus tratos. S\u00e3o tr\u00eas ficus, cinco ip\u00eas amarelos, uma palmeirinha. A cal\u00e7ada poderia ter os canteiros verdes, sem as muretinhas que impedem a \u00e1gua chegar no\" \/>\n\t\t<meta name=\"twitter:image\" content=\"https:\/\/observatorioleopoldina.com.br\/home\/wp-content\/uploads\/2024\/07\/IMG_20240716_133206-scaled.jpg\" \/>\n\t\t<script type=\"application\/ld+json\" class=\"aioseo-schema\">\n\t\t\t{\"@context\":\"https:\\\/\\\/schema.org\",\"@graph\":[{\"@type\":\"BlogPosting\",\"@id\":\"https:\\\/\\\/observatorioleopoldina.com.br\\\/home\\\/calcadas-podem-ser-mais-verdes-e-acessiveis\\\/#blogposting\",\"name\":\"Cal\\u00e7adas podem ser mais verdes e acess\\u00edveis - Observat\\u00f3rio Leopoldina\",\"headline\":\"Cal\\u00e7adas podem ser mais verdes e acess\\u00edveis\",\"author\":{\"@id\":\"https:\\\/\\\/observatorioleopoldina.com.br\\\/home\\\/author\\\/ale\\\/#author\"},\"publisher\":{\"@id\":\"https:\\\/\\\/observatorioleopoldina.com.br\\\/home\\\/#organization\"},\"image\":{\"@type\":\"ImageObject\",\"url\":\"https:\\\/\\\/observatorioleopoldina.com.br\\\/home\\\/wp-content\\\/uploads\\\/2024\\\/07\\\/IMG_20240716_133206-scaled.jpg\",\"width\":1152,\"height\":2560},\"datePublished\":\"2024-07-16T22:09:30-03:00\",\"dateModified\":\"2024-07-17T10:11:51-03:00\",\"inLanguage\":\"pt-BR\",\"mainEntityOfPage\":{\"@id\":\"https:\\\/\\\/observatorioleopoldina.com.br\\\/home\\\/calcadas-podem-ser-mais-verdes-e-acessiveis\\\/#webpage\"},\"isPartOf\":{\"@id\":\"https:\\\/\\\/observatorioleopoldina.com.br\\\/home\\\/calcadas-podem-ser-mais-verdes-e-acessiveis\\\/#webpage\"},\"articleSection\":\"Pode Melhorar\"},{\"@type\":\"BreadcrumbList\",\"@id\":\"https:\\\/\\\/observatorioleopoldina.com.br\\\/home\\\/calcadas-podem-ser-mais-verdes-e-acessiveis\\\/#breadcrumblist\",\"itemListElement\":[{\"@type\":\"ListItem\",\"@id\":\"https:\\\/\\\/observatorioleopoldina.com.br\\\/home#listItem\",\"position\":1,\"name\":\"In\\u00edcio\",\"item\":\"https:\\\/\\\/observatorioleopoldina.com.br\\\/home\",\"nextItem\":{\"@type\":\"ListItem\",\"@id\":\"https:\\\/\\\/observatorioleopoldina.com.br\\\/home\\\/category\\\/pode-melhorar\\\/#listItem\",\"name\":\"Pode Melhorar\"}},{\"@type\":\"ListItem\",\"@id\":\"https:\\\/\\\/observatorioleopoldina.com.br\\\/home\\\/category\\\/pode-melhorar\\\/#listItem\",\"position\":2,\"name\":\"Pode Melhorar\",\"item\":\"https:\\\/\\\/observatorioleopoldina.com.br\\\/home\\\/category\\\/pode-melhorar\\\/\",\"nextItem\":{\"@type\":\"ListItem\",\"@id\":\"https:\\\/\\\/observatorioleopoldina.com.br\\\/home\\\/calcadas-podem-ser-mais-verdes-e-acessiveis\\\/#listItem\",\"name\":\"Cal\\u00e7adas podem ser mais verdes e acess\\u00edveis\"},\"previousItem\":{\"@type\":\"ListItem\",\"@id\":\"https:\\\/\\\/observatorioleopoldina.com.br\\\/home#listItem\",\"name\":\"In\\u00edcio\"}},{\"@type\":\"ListItem\",\"@id\":\"https:\\\/\\\/observatorioleopoldina.com.br\\\/home\\\/calcadas-podem-ser-mais-verdes-e-acessiveis\\\/#listItem\",\"position\":3,\"name\":\"Cal\\u00e7adas podem ser mais verdes e acess\\u00edveis\",\"previousItem\":{\"@type\":\"ListItem\",\"@id\":\"https:\\\/\\\/observatorioleopoldina.com.br\\\/home\\\/category\\\/pode-melhorar\\\/#listItem\",\"name\":\"Pode Melhorar\"}}]},{\"@type\":\"Organization\",\"@id\":\"https:\\\/\\\/observatorioleopoldina.com.br\\\/home\\\/#organization\",\"name\":\"Observat\\u00f3rio Leopoldina\",\"description\":\"Espa\\u00e7o virtual colaborativo focado no desenvolvimento socioecon\\u00f4mico sustent\\u00e1vel de um Distrito em plena transforma\\u00e7\\u00e3o: a Vila Leopoldina.\",\"url\":\"https:\\\/\\\/observatorioleopoldina.com.br\\\/home\\\/\",\"logo\":{\"@type\":\"ImageObject\",\"url\":\"https:\\\/\\\/observatorioleopoldina.com.br\\\/home\\\/wp-content\\\/uploads\\\/2024\\\/02\\\/2022-06-08-removebg-preview.png\",\"@id\":\"https:\\\/\\\/observatorioleopoldina.com.br\\\/home\\\/calcadas-podem-ser-mais-verdes-e-acessiveis\\\/#organizationLogo\",\"width\":680,\"height\":247},\"image\":{\"@id\":\"https:\\\/\\\/observatorioleopoldina.com.br\\\/home\\\/calcadas-podem-ser-mais-verdes-e-acessiveis\\\/#organizationLogo\"}},{\"@type\":\"Person\",\"@id\":\"https:\\\/\\\/observatorioleopoldina.com.br\\\/home\\\/author\\\/ale\\\/#author\",\"url\":\"https:\\\/\\\/observatorioleopoldina.com.br\\\/home\\\/author\\\/ale\\\/\",\"name\":\"Alexandra Swerts\"},{\"@type\":\"WebPage\",\"@id\":\"https:\\\/\\\/observatorioleopoldina.com.br\\\/home\\\/calcadas-podem-ser-mais-verdes-e-acessiveis\\\/#webpage\",\"url\":\"https:\\\/\\\/observatorioleopoldina.com.br\\\/home\\\/calcadas-podem-ser-mais-verdes-e-acessiveis\\\/\",\"name\":\"Cal\\u00e7adas podem ser mais verdes e acess\\u00edveis - Observat\\u00f3rio Leopoldina\",\"description\":\"Caminhando pelo bairro vemos que a cidade perde a oportunidade de ser melhor. Uma cal\\u00e7ada larga com nove \\u00e1rvores plantadas. Canteiros sofridos, o lixo rodeando e visiveis sinais de maus tratos. S\\u00e3o tr\\u00eas ficus, cinco ip\\u00eas amarelos, uma palmeirinha. A cal\\u00e7ada poderia ter os canteiros verdes, sem as muretinhas que impedem a \\u00e1gua chegar no\",\"inLanguage\":\"pt-BR\",\"isPartOf\":{\"@id\":\"https:\\\/\\\/observatorioleopoldina.com.br\\\/home\\\/#website\"},\"breadcrumb\":{\"@id\":\"https:\\\/\\\/observatorioleopoldina.com.br\\\/home\\\/calcadas-podem-ser-mais-verdes-e-acessiveis\\\/#breadcrumblist\"},\"author\":{\"@id\":\"https:\\\/\\\/observatorioleopoldina.com.br\\\/home\\\/author\\\/ale\\\/#author\"},\"creator\":{\"@id\":\"https:\\\/\\\/observatorioleopoldina.com.br\\\/home\\\/author\\\/ale\\\/#author\"},\"image\":{\"@type\":\"ImageObject\",\"url\":\"https:\\\/\\\/observatorioleopoldina.com.br\\\/home\\\/wp-content\\\/uploads\\\/2024\\\/07\\\/IMG_20240716_133206-scaled.jpg\",\"@id\":\"https:\\\/\\\/observatorioleopoldina.com.br\\\/home\\\/calcadas-podem-ser-mais-verdes-e-acessiveis\\\/#mainImage\",\"width\":1152,\"height\":2560},\"primaryImageOfPage\":{\"@id\":\"https:\\\/\\\/observatorioleopoldina.com.br\\\/home\\\/calcadas-podem-ser-mais-verdes-e-acessiveis\\\/#mainImage\"},\"datePublished\":\"2024-07-16T22:09:30-03:00\",\"dateModified\":\"2024-07-17T10:11:51-03:00\"},{\"@type\":\"WebSite\",\"@id\":\"https:\\\/\\\/observatorioleopoldina.com.br\\\/home\\\/#website\",\"url\":\"https:\\\/\\\/observatorioleopoldina.com.br\\\/home\\\/\",\"name\":\"Observat\\u00f3rio Leopoldina\",\"description\":\"Espa\\u00e7o virtual colaborativo focado no desenvolvimento socioecon\\u00f4mico sustent\\u00e1vel de um Distrito em plena transforma\\u00e7\\u00e3o: a Vila Leopoldina.\",\"inLanguage\":\"pt-BR\",\"publisher\":{\"@id\":\"https:\\\/\\\/observatorioleopoldina.com.br\\\/home\\\/#organization\"}}]}\n\t\t<\/script>\n\t\t<!-- All in One SEO -->\n\n","aioseo_head_json":{"title":"Cal\u00e7adas podem ser mais verdes e acess\u00edveis - Observat\u00f3rio Leopoldina","description":"Caminhando pelo bairro vemos que a cidade perde a oportunidade de ser melhor. Uma cal\u00e7ada larga com nove \u00e1rvores plantadas. Canteiros sofridos, o lixo rodeando e visiveis sinais de maus tratos. S\u00e3o tr\u00eas ficus, cinco ip\u00eas amarelos, uma palmeirinha. A cal\u00e7ada poderia ter os canteiros verdes, sem as muretinhas que impedem a \u00e1gua chegar no","canonical_url":"https:\/\/observatorioleopoldina.com.br\/home\/calcadas-podem-ser-mais-verdes-e-acessiveis\/","robots":"max-image-preview:large","keywords":"","webmasterTools":{"miscellaneous":""},"schema":{"@context":"https:\/\/schema.org","@graph":[{"@type":"BlogPosting","@id":"https:\/\/observatorioleopoldina.com.br\/home\/calcadas-podem-ser-mais-verdes-e-acessiveis\/#blogposting","name":"Cal\u00e7adas podem ser mais verdes e acess\u00edveis - Observat\u00f3rio Leopoldina","headline":"Cal\u00e7adas podem ser mais verdes e acess\u00edveis","author":{"@id":"https:\/\/observatorioleopoldina.com.br\/home\/author\/ale\/#author"},"publisher":{"@id":"https:\/\/observatorioleopoldina.com.br\/home\/#organization"},"image":{"@type":"ImageObject","url":"https:\/\/observatorioleopoldina.com.br\/home\/wp-content\/uploads\/2024\/07\/IMG_20240716_133206-scaled.jpg","width":1152,"height":2560},"datePublished":"2024-07-16T22:09:30-03:00","dateModified":"2024-07-17T10:11:51-03:00","inLanguage":"pt-BR","mainEntityOfPage":{"@id":"https:\/\/observatorioleopoldina.com.br\/home\/calcadas-podem-ser-mais-verdes-e-acessiveis\/#webpage"},"isPartOf":{"@id":"https:\/\/observatorioleopoldina.com.br\/home\/calcadas-podem-ser-mais-verdes-e-acessiveis\/#webpage"},"articleSection":"Pode Melhorar"},{"@type":"BreadcrumbList","@id":"https:\/\/observatorioleopoldina.com.br\/home\/calcadas-podem-ser-mais-verdes-e-acessiveis\/#breadcrumblist","itemListElement":[{"@type":"ListItem","@id":"https:\/\/observatorioleopoldina.com.br\/home#listItem","position":1,"name":"In\u00edcio","item":"https:\/\/observatorioleopoldina.com.br\/home","nextItem":{"@type":"ListItem","@id":"https:\/\/observatorioleopoldina.com.br\/home\/category\/pode-melhorar\/#listItem","name":"Pode Melhorar"}},{"@type":"ListItem","@id":"https:\/\/observatorioleopoldina.com.br\/home\/category\/pode-melhorar\/#listItem","position":2,"name":"Pode Melhorar","item":"https:\/\/observatorioleopoldina.com.br\/home\/category\/pode-melhorar\/","nextItem":{"@type":"ListItem","@id":"https:\/\/observatorioleopoldina.com.br\/home\/calcadas-podem-ser-mais-verdes-e-acessiveis\/#listItem","name":"Cal\u00e7adas podem ser mais verdes e acess\u00edveis"},"previousItem":{"@type":"ListItem","@id":"https:\/\/observatorioleopoldina.com.br\/home#listItem","name":"In\u00edcio"}},{"@type":"ListItem","@id":"https:\/\/observatorioleopoldina.com.br\/home\/calcadas-podem-ser-mais-verdes-e-acessiveis\/#listItem","position":3,"name":"Cal\u00e7adas podem ser mais verdes e acess\u00edveis","previousItem":{"@type":"ListItem","@id":"https:\/\/observatorioleopoldina.com.br\/home\/category\/pode-melhorar\/#listItem","name":"Pode Melhorar"}}]},{"@type":"Organization","@id":"https:\/\/observatorioleopoldina.com.br\/home\/#organization","name":"Observat\u00f3rio Leopoldina","description":"Espa\u00e7o virtual colaborativo focado no desenvolvimento socioecon\u00f4mico sustent\u00e1vel de um Distrito em plena transforma\u00e7\u00e3o: a Vila Leopoldina.","url":"https:\/\/observatorioleopoldina.com.br\/home\/","logo":{"@type":"ImageObject","url":"https:\/\/observatorioleopoldina.com.br\/home\/wp-content\/uploads\/2024\/02\/2022-06-08-removebg-preview.png","@id":"https:\/\/observatorioleopoldina.com.br\/home\/calcadas-podem-ser-mais-verdes-e-acessiveis\/#organizationLogo","width":680,"height":247},"image":{"@id":"https:\/\/observatorioleopoldina.com.br\/home\/calcadas-podem-ser-mais-verdes-e-acessiveis\/#organizationLogo"}},{"@type":"Person","@id":"https:\/\/observatorioleopoldina.com.br\/home\/author\/ale\/#author","url":"https:\/\/observatorioleopoldina.com.br\/home\/author\/ale\/","name":"Alexandra Swerts"},{"@type":"WebPage","@id":"https:\/\/observatorioleopoldina.com.br\/home\/calcadas-podem-ser-mais-verdes-e-acessiveis\/#webpage","url":"https:\/\/observatorioleopoldina.com.br\/home\/calcadas-podem-ser-mais-verdes-e-acessiveis\/","name":"Cal\u00e7adas podem ser mais verdes e acess\u00edveis - Observat\u00f3rio Leopoldina","description":"Caminhando pelo bairro vemos que a cidade perde a oportunidade de ser melhor. Uma cal\u00e7ada larga com nove \u00e1rvores plantadas. Canteiros sofridos, o lixo rodeando e visiveis sinais de maus tratos. S\u00e3o tr\u00eas ficus, cinco ip\u00eas amarelos, uma palmeirinha. A cal\u00e7ada poderia ter os canteiros verdes, sem as muretinhas que impedem a \u00e1gua chegar no","inLanguage":"pt-BR","isPartOf":{"@id":"https:\/\/observatorioleopoldina.com.br\/home\/#website"},"breadcrumb":{"@id":"https:\/\/observatorioleopoldina.com.br\/home\/calcadas-podem-ser-mais-verdes-e-acessiveis\/#breadcrumblist"},"author":{"@id":"https:\/\/observatorioleopoldina.com.br\/home\/author\/ale\/#author"},"creator":{"@id":"https:\/\/observatorioleopoldina.com.br\/home\/author\/ale\/#author"},"image":{"@type":"ImageObject","url":"https:\/\/observatorioleopoldina.com.br\/home\/wp-content\/uploads\/2024\/07\/IMG_20240716_133206-scaled.jpg","@id":"https:\/\/observatorioleopoldina.com.br\/home\/calcadas-podem-ser-mais-verdes-e-acessiveis\/#mainImage","width":1152,"height":2560},"primaryImageOfPage":{"@id":"https:\/\/observatorioleopoldina.com.br\/home\/calcadas-podem-ser-mais-verdes-e-acessiveis\/#mainImage"},"datePublished":"2024-07-16T22:09:30-03:00","dateModified":"2024-07-17T10:11:51-03:00"},{"@type":"WebSite","@id":"https:\/\/observatorioleopoldina.com.br\/home\/#website","url":"https:\/\/observatorioleopoldina.com.br\/home\/","name":"Observat\u00f3rio Leopoldina","description":"Espa\u00e7o virtual colaborativo focado no desenvolvimento socioecon\u00f4mico sustent\u00e1vel de um Distrito em plena transforma\u00e7\u00e3o: a Vila Leopoldina.","inLanguage":"pt-BR","publisher":{"@id":"https:\/\/observatorioleopoldina.com.br\/home\/#organization"}}]},"og:locale":"pt_BR","og:site_name":"Observat\u00f3rio Leopoldina - Espa\u00e7o virtual colaborativo focado no desenvolvimento socioecon\u00f4mico sustent\u00e1vel de um Distrito em plena transforma\u00e7\u00e3o: a Vila Leopoldina.","og:type":"article","og:title":"Cal\u00e7adas podem ser mais verdes e acess\u00edveis - Observat\u00f3rio Leopoldina","og:description":"Caminhando pelo bairro vemos que a cidade perde a oportunidade de ser melhor. Uma cal\u00e7ada larga com nove \u00e1rvores plantadas. Canteiros sofridos, o lixo rodeando e visiveis sinais de maus tratos. S\u00e3o tr\u00eas ficus, cinco ip\u00eas amarelos, uma palmeirinha. A cal\u00e7ada poderia ter os canteiros verdes, sem as muretinhas que impedem a \u00e1gua chegar no","og:url":"https:\/\/observatorioleopoldina.com.br\/home\/calcadas-podem-ser-mais-verdes-e-acessiveis\/","og:image":"https:\/\/observatorioleopoldina.com.br\/home\/wp-content\/uploads\/2024\/07\/IMG_20240716_133206-scaled.jpg","og:image:secure_url":"https:\/\/observatorioleopoldina.com.br\/home\/wp-content\/uploads\/2024\/07\/IMG_20240716_133206-scaled.jpg","og:image:width":1152,"og:image:height":2560,"article:published_time":"2024-07-17T01:09:30+00:00","article:modified_time":"2024-07-17T13:11:51+00:00","twitter:card":"summary_large_image","twitter:title":"Cal\u00e7adas podem ser mais verdes e acess\u00edveis - Observat\u00f3rio Leopoldina","twitter:description":"Caminhando pelo bairro vemos que a cidade perde a oportunidade de ser melhor. Uma cal\u00e7ada larga com nove \u00e1rvores plantadas. Canteiros sofridos, o lixo rodeando e visiveis sinais de maus tratos. S\u00e3o tr\u00eas ficus, cinco ip\u00eas amarelos, uma palmeirinha. A cal\u00e7ada poderia ter os canteiros verdes, sem as muretinhas que impedem a \u00e1gua chegar no","twitter:image":"https:\/\/observatorioleopoldina.com.br\/home\/wp-content\/uploads\/2024\/07\/IMG_20240716_133206-scaled.jpg"},"aioseo_meta_data":{"post_id":"2597","title":null,"description":null,"keywords":null,"keyphrases":{"focus":{"keyphrase":"","score":0,"analysis":{"keyphraseInTitle":{"score":0,"maxScore":9,"error":1}}},"additional":[]},"primary_term":null,"canonical_url":null,"og_title":null,"og_description":null,"og_object_type":"default","og_image_type":"default","og_image_url":null,"og_image_width":null,"og_image_height":null,"og_image_custom_url":null,"og_image_custom_fields":null,"og_video":"","og_custom_url":null,"og_article_section":null,"og_article_tags":null,"twitter_use_og":false,"twitter_card":"default","twitter_image_type":"default","twitter_image_url":null,"twitter_image_custom_url":null,"twitter_image_custom_fields":null,"twitter_title":null,"twitter_description":null,"schema":{"blockGraphs":[],"customGraphs":[],"default":{"data":{"Article":[],"Course":[],"Dataset":[],"FAQPage":[],"Movie":[],"Person":[],"Product":[],"ProductReview":[],"Car":[],"Recipe":[],"Service":[],"SoftwareApplication":[],"WebPage":[]},"graphName":"BlogPosting","isEnabled":true},"graphs":[]},"schema_type":"default","schema_type_options":null,"pillar_content":false,"robots_default":true,"robots_noindex":false,"robots_noarchive":false,"robots_nosnippet":false,"robots_nofollow":false,"robots_noimageindex":false,"robots_noodp":false,"robots_notranslate":false,"robots_max_snippet":"-1","robots_max_videopreview":"-1","robots_max_imagepreview":"large","priority":null,"frequency":"default","local_seo":null,"breadcrumb_settings":null,"limit_modified_date":false,"ai":null,"created":"2024-07-17 01:09:31","updated":"2025-06-04 11:48:48","seo_analyzer_scan_date":null,"focus_keyword":null,"additional_keywords":null,"truseo_locale":null},"aioseo_breadcrumb":"<div class=\"aioseo-breadcrumbs\"><span class=\"aioseo-breadcrumb\">\n\t\t\t<a href=\"https:\/\/observatorioleopoldina.com.br\/home\" title=\"In\u00edcio\">In\u00edcio<\/a>\n\t\t<\/span><span class=\"aioseo-breadcrumb-separator\">\u00bb<\/span><span class=\"aioseo-breadcrumb\">\n\t\t\t<a href=\"https:\/\/observatorioleopoldina.com.br\/home\/category\/pode-melhorar\/\" title=\"Pode Melhorar\">Pode Melhorar<\/a>\n\t\t<\/span><span class=\"aioseo-breadcrumb-separator\">\u00bb<\/span><span class=\"aioseo-breadcrumb\">\n\t\t\tCal\u00e7adas podem ser mais verdes e acess\u00edveis\n\t\t<\/span><\/div>","aioseo_breadcrumb_json":[{"label":"In\u00edcio","link":"https:\/\/observatorioleopoldina.com.br\/home"},{"label":"Pode Melhorar","link":"https:\/\/observatorioleopoldina.com.br\/home\/category\/pode-melhorar\/"},{"label":"Cal\u00e7adas podem ser mais verdes e acess\u00edveis","link":"https:\/\/observatorioleopoldina.com.br\/home\/calcadas-podem-ser-mais-verdes-e-acessiveis\/"}],"_links":{"self":[{"href":"https:\/\/observatorioleopoldina.com.br\/home\/wp-json\/wp\/v2\/posts\/2597","targetHints":{"allow":["GET"]}}],"collection":[{"href":"https:\/\/observatorioleopoldina.com.br\/home\/wp-json\/wp\/v2\/posts"}],"about":[{"href":"https:\/\/observatorioleopoldina.com.br\/home\/wp-json\/wp\/v2\/types\/post"}],"author":[{"embeddable":true,"href":"https:\/\/observatorioleopoldina.com.br\/home\/wp-json\/wp\/v2\/users\/4"}],"replies":[{"embeddable":true,"href":"https:\/\/observatorioleopoldina.com.br\/home\/wp-json\/wp\/v2\/comments?post=2597"}],"version-history":[{"count":4,"href":"https:\/\/observatorioleopoldina.com.br\/home\/wp-json\/wp\/v2\/posts\/2597\/revisions"}],"predecessor-version":[{"id":2616,"href":"https:\/\/observatorioleopoldina.com.br\/home\/wp-json\/wp\/v2\/posts\/2597\/revisions\/2616"}],"wp:featuredmedia":[{"embeddable":true,"href":"https:\/\/observatorioleopoldina.com.br\/home\/wp-json\/wp\/v2\/media\/2601"}],"wp:attachment":[{"href":"https:\/\/observatorioleopoldina.com.br\/home\/wp-json\/wp\/v2\/media?parent=2597"}],"wp:term":[{"taxonomy":"category","embeddable":true,"href":"https:\/\/observatorioleopoldina.com.br\/home\/wp-json\/wp\/v2\/categories?post=2597"},{"taxonomy":"post_tag","embeddable":true,"href":"https:\/\/observatorioleopoldina.com.br\/home\/wp-json\/wp\/v2\/tags?post=2597"}],"curies":[{"name":"wp","href":"https:\/\/api.w.org\/{rel}","templated":true}]}}