{"id":2390,"date":"2024-06-09T21:31:58","date_gmt":"2024-06-10T00:31:58","guid":{"rendered":"https:\/\/observatorioleopoldina.com.br\/home\/?p=2390"},"modified":"2024-06-10T17:30:30","modified_gmt":"2024-06-10T20:30:30","slug":"proximo-passo-compostar","status":"publish","type":"post","link":"https:\/\/observatorioleopoldina.com.br\/home\/proximo-passo-compostar\/","title":{"rendered":"Pr\u00f3ximo passo: compostar!"},"content":{"rendered":"\n<p class=\"wp-block-paragraph\">Moradores e vizinhos fazem segundo encontro e definem o local da futura composteira comunit\u00e1ria e a organiza\u00e7\u00e3o do grupo.<\/p>\n\n\n\n<p class=\"wp-block-paragraph\">Esta etapa aconteceu \u00e0s 11h deste domingo na <a href=\"https:\/\/www.instagram.com\/pracanovalapa\/\" title=\"Pra\u00e7a Nova Lapa\">Pra\u00e7a Nova Lapa<\/a>. O clima era de reconhecimento do grupo, cada um que se apresentou trouxe um universo de conhecimento e a clara motiva\u00e7\u00e3o do fazer comunit\u00e1rio para transformar a cidade.<\/p>\n\n\n\n<p class=\"wp-block-paragraph\">A conversa regada a ch\u00e1  girou em torno da experi\u00eancia da composteira do <a href=\"https:\/\/www.coletivodasvilas.com.br\/\" title=\"coletivo das Vilas\">coletivo das Vilas<\/a>, do <a href=\"https:\/\/www.instagram.com\/ecobairro.vilamariana\/?hl=en\" title=\"Ecobairro em Vila Mariana\">Ecobairro em Vila Mariana<\/a> e da vizinha bi\u00f3loga <a href=\"https:\/\/www.pedefeijao.com.br\/\" title=\"Marina\">Marina<\/a>, trouxeram pontos e dicas para iniciar a implanta\u00e7\u00e3o da composteira. Os vizinhos j\u00e1 est\u00e3o cheios de vontade colocar a m\u00e3o na massa.<\/p>\n\n\n\n<p class=\"wp-block-paragraph\">Todos j\u00e1 est\u00e3o pronto para pr\u00f3ximo passo, que  ser\u00e1 montar a primeira composteira comunit\u00e1ria do bairro. Para participar, \u00e9 s\u00f3 chegar. <\/p>\n\n\n\n<figure class=\"wp-block-gallery has-nested-images columns-default is-cropped wp-block-gallery-1 is-layout-flex wp-block-gallery-is-layout-flex\">\n<figure class=\"wp-block-image size-large\"><img decoding=\"async\" data-id=\"2400\" data-src=\"https:\/\/observatorioleopoldina.com.br\/home\/wp-content\/uploads\/2024\/06\/IMG_20240609_125418.jpg\" alt=\"\" class=\"wp-image-2400 lazyload\" src=\"data:image\/gif;base64,R0lGODlhAQABAAAAACH5BAEKAAEALAAAAAABAAEAAAICTAEAOw==\" \/><figcaption class=\"wp-element-caption\">Marina j\u00e1 desenhando a leira<\/figcaption><\/figure>\n\n\n\n<figure class=\"wp-block-image size-large\"><img decoding=\"async\" width=\"461\" height=\"1024\" data-id=\"2395\" data-src=\"https:\/\/observatorioleopoldina.com.br\/home\/wp-content\/uploads\/2024\/06\/IMG_20240609_125425-461x1024.jpg\" alt=\"\" class=\"wp-image-2395 lazyload\" data-srcset=\"https:\/\/observatorioleopoldina.com.br\/home\/wp-content\/uploads\/2024\/06\/IMG_20240609_125425-461x1024.jpg 461w, https:\/\/observatorioleopoldina.com.br\/home\/wp-content\/uploads\/2024\/06\/IMG_20240609_125425-135x300.jpg 135w, https:\/\/observatorioleopoldina.com.br\/home\/wp-content\/uploads\/2024\/06\/IMG_20240609_125425-768x1707.jpg 768w, https:\/\/observatorioleopoldina.com.br\/home\/wp-content\/uploads\/2024\/06\/IMG_20240609_125425-691x1536.jpg 691w, https:\/\/observatorioleopoldina.com.br\/home\/wp-content\/uploads\/2024\/06\/IMG_20240609_125425-922x2048.jpg 922w, https:\/\/observatorioleopoldina.com.br\/home\/wp-content\/uploads\/2024\/06\/IMG_20240609_125425-scaled.jpg 1152w\" data-sizes=\"(max-width: 461px) 100vw, 461px\" src=\"data:image\/gif;base64,R0lGODlhAQABAAAAACH5BAEKAAEALAAAAAABAAEAAAICTAEAOw==\" style=\"--smush-placeholder-width: 461px; --smush-placeholder-aspect-ratio: 461\/1024;\" \/><figcaption class=\"wp-element-caption\">Onde ser\u00e1 o melhor lugar? Gilberto, do coletivo das vilas e Lara do Ecobairro <\/figcaption><\/figure>\n\n\n\n<figure class=\"wp-block-image size-large\"><img decoding=\"async\" data-id=\"2396\" data-src=\"https:\/\/observatorioleopoldina.com.br\/home\/wp-content\/uploads\/2024\/06\/IMG_20240609_132258.jpg\" alt=\"\" class=\"wp-image-2396 lazyload\" src=\"data:image\/gif;base64,R0lGODlhAQABAAAAACH5BAEKAAEALAAAAAABAAEAAAICTAEAOw==\" \/><figcaption class=\"wp-element-caption\">Lara, Marina, Erika e Alexandra<\/figcaption><\/figure>\n\n\n\n<figure class=\"wp-block-image size-large\"><img decoding=\"async\" data-id=\"2397\" data-src=\"https:\/\/observatorioleopoldina.com.br\/home\/wp-content\/uploads\/2024\/06\/IMG_20240609_115921.jpg\" alt=\"\" class=\"wp-image-2397 lazyload\" src=\"data:image\/gif;base64,R0lGODlhAQABAAAAACH5BAEKAAEALAAAAAABAAEAAAICTAEAOw==\" \/><figcaption class=\"wp-element-caption\">Encontro na Pra\u00e7a Nova Lapa #nem1diasemcompostagem<\/figcaption><\/figure>\n\n\n\n<figure class=\"wp-block-image size-large\"><img decoding=\"async\" data-id=\"2411\" data-src=\"https:\/\/observatorioleopoldina.com.br\/home\/wp-content\/uploads\/2024\/06\/IMG_20240609_125942-1.jpg\" alt=\"\" class=\"wp-image-2411 lazyload\" src=\"data:image\/gif;base64,R0lGODlhAQABAAAAACH5BAEKAAEALAAAAAABAAEAAAICTAEAOw==\" \/><figcaption class=\"wp-element-caption\">A for\u00e7a da composteira comunit\u00e1ria \u00e9 reunir pessoas<\/figcaption><\/figure>\n\n\n\n<figure class=\"wp-block-image size-large\"><img decoding=\"async\" data-id=\"2392\" data-src=\"https:\/\/observatorioleopoldina.com.br\/home\/wp-content\/uploads\/2024\/06\/IMG_20240609_120824-1024x461.jpg\" alt=\"\" class=\"wp-image-2392 lazyload\" src=\"data:image\/gif;base64,R0lGODlhAQABAAAAACH5BAEKAAEALAAAAAABAAEAAAICTAEAOw==\" style=\"--smush-placeholder-width: 1024px; --smush-placeholder-aspect-ratio: 1024\/461;\" \/><figcaption class=\"wp-element-caption\">Organizando a primeira composteira comunit\u00e1ria da Vila Leopoldina. <\/figcaption><\/figure>\n<\/figure>\n","protected":false},"excerpt":{"rendered":"<p>Moradores e vizinhos fazem segundo encontro e definem o local da futura composteira comunit\u00e1ria e<\/p>\n","protected":false},"author":4,"featured_media":2392,"comment_status":"closed","ping_status":"closed","sticky":false,"template":"","format":"standard","meta":{"footnotes":""},"categories":[221],"tags":[366,384,410],"class_list":["post-2390","post","type-post","status-publish","format-standard","has-post-thumbnail","hentry","category-leopoldina-sustentavel","tag-compostagem","tag-nem1diasemcompostagem","tag-praca"],"aioseo_notices":[],"aioseo_head":"\n\t\t<!-- All in One SEO 5.0.1.1 - aioseo.com -->\n\t<meta name=\"description\" content=\"Moradores e vizinhos fazem segundo encontro e definem o local da futura composteira comunit\u00e1ria e a organiza\u00e7\u00e3o do grupo. Esta etapa aconteceu \u00e0s 11h deste domingo na Pra\u00e7a Nova Lapa. O clima era de reconhecimento do grupo, cada um que se apresentou trouxe um universo de conhecimento e a clara motiva\u00e7\u00e3o do fazer comunit\u00e1rio para\" \/>\n\t<meta name=\"robots\" content=\"max-image-preview:large\" \/>\n\t<meta name=\"author\" content=\"Alexandra Swerts\"\/>\n\t<link rel=\"canonical\" href=\"https:\/\/observatorioleopoldina.com.br\/home\/proximo-passo-compostar\/\" \/>\n\t<meta name=\"generator\" content=\"All in One SEO (AIOSEO) 5.0.1.1\" \/>\n\t\t<meta property=\"og:locale\" content=\"pt_BR\" \/>\n\t\t<meta property=\"og:site_name\" content=\"Observat\u00f3rio Leopoldina - Espa\u00e7o virtual colaborativo focado no desenvolvimento socioecon\u00f4mico sustent\u00e1vel de um Distrito em plena transforma\u00e7\u00e3o: a Vila Leopoldina.\" \/>\n\t\t<meta property=\"og:type\" content=\"article\" \/>\n\t\t<meta property=\"og:title\" content=\"Pr\u00f3ximo passo: compostar! - Observat\u00f3rio Leopoldina\" \/>\n\t\t<meta property=\"og:description\" content=\"Moradores e vizinhos fazem segundo encontro e definem o local da futura composteira comunit\u00e1ria e a organiza\u00e7\u00e3o do grupo. Esta etapa aconteceu \u00e0s 11h deste domingo na Pra\u00e7a Nova Lapa. O clima era de reconhecimento do grupo, cada um que se apresentou trouxe um universo de conhecimento e a clara motiva\u00e7\u00e3o do fazer comunit\u00e1rio para\" \/>\n\t\t<meta property=\"og:url\" content=\"https:\/\/observatorioleopoldina.com.br\/home\/proximo-passo-compostar\/\" \/>\n\t\t<meta property=\"og:image\" content=\"https:\/\/observatorioleopoldina.com.br\/home\/wp-content\/uploads\/2024\/06\/IMG_20240609_120824-scaled-e1718051412576.jpg\" \/>\n\t\t<meta property=\"og:image:secure_url\" content=\"https:\/\/observatorioleopoldina.com.br\/home\/wp-content\/uploads\/2024\/06\/IMG_20240609_120824-scaled-e1718051412576.jpg\" \/>\n\t\t<meta property=\"og:image:width\" content=\"1956\" \/>\n\t\t<meta property=\"og:image:height\" content=\"1150\" \/>\n\t\t<meta property=\"article:published_time\" content=\"2024-06-10T00:31:58+00:00\" \/>\n\t\t<meta property=\"article:modified_time\" content=\"2024-06-10T20:30:30+00:00\" \/>\n\t\t<meta name=\"twitter:card\" content=\"summary_large_image\" \/>\n\t\t<meta name=\"twitter:title\" content=\"Pr\u00f3ximo passo: compostar! - Observat\u00f3rio Leopoldina\" \/>\n\t\t<meta name=\"twitter:description\" content=\"Moradores e vizinhos fazem segundo encontro e definem o local da futura composteira comunit\u00e1ria e a organiza\u00e7\u00e3o do grupo. Esta etapa aconteceu \u00e0s 11h deste domingo na Pra\u00e7a Nova Lapa. O clima era de reconhecimento do grupo, cada um que se apresentou trouxe um universo de conhecimento e a clara motiva\u00e7\u00e3o do fazer comunit\u00e1rio para\" \/>\n\t\t<meta name=\"twitter:image\" content=\"https:\/\/observatorioleopoldina.com.br\/home\/wp-content\/uploads\/2024\/06\/IMG_20240609_120824-scaled-e1718051412576.jpg\" \/>\n\t\t<script type=\"application\/ld+json\" class=\"aioseo-schema\">\n\t\t\t{\"@context\":\"https:\\\/\\\/schema.org\",\"@graph\":[{\"@type\":\"BlogPosting\",\"@id\":\"https:\\\/\\\/observatorioleopoldina.com.br\\\/home\\\/proximo-passo-compostar\\\/#blogposting\",\"name\":\"Pr\\u00f3ximo passo: compostar! - Observat\\u00f3rio Leopoldina\",\"headline\":\"Pr\\u00f3ximo passo: compostar!\",\"author\":{\"@id\":\"https:\\\/\\\/observatorioleopoldina.com.br\\\/home\\\/author\\\/ale\\\/#author\"},\"publisher\":{\"@id\":\"https:\\\/\\\/observatorioleopoldina.com.br\\\/home\\\/#organization\"},\"image\":{\"@type\":\"ImageObject\",\"url\":\"https:\\\/\\\/observatorioleopoldina.com.br\\\/home\\\/wp-content\\\/uploads\\\/2024\\\/06\\\/IMG_20240609_120824-scaled-e1718051412576.jpg\",\"width\":1956,\"height\":1150,\"caption\":\"Organizando a primeira composteira comunit\\u00e1ria da Vila Leopoldina.\"},\"datePublished\":\"2024-06-09T21:31:58-03:00\",\"dateModified\":\"2024-06-10T17:30:30-03:00\",\"inLanguage\":\"pt-BR\",\"mainEntityOfPage\":{\"@id\":\"https:\\\/\\\/observatorioleopoldina.com.br\\\/home\\\/proximo-passo-compostar\\\/#webpage\"},\"isPartOf\":{\"@id\":\"https:\\\/\\\/observatorioleopoldina.com.br\\\/home\\\/proximo-passo-compostar\\\/#webpage\"},\"articleSection\":\"Leopoldina Sustent\\u00e1vel, compostagem, nem1diasemcompostagem, pra\\u00e7a\"},{\"@type\":\"BreadcrumbList\",\"@id\":\"https:\\\/\\\/observatorioleopoldina.com.br\\\/home\\\/proximo-passo-compostar\\\/#breadcrumblist\",\"itemListElement\":[{\"@type\":\"ListItem\",\"@id\":\"https:\\\/\\\/observatorioleopoldina.com.br\\\/home#listItem\",\"position\":1,\"name\":\"In\\u00edcio\",\"item\":\"https:\\\/\\\/observatorioleopoldina.com.br\\\/home\",\"nextItem\":{\"@type\":\"ListItem\",\"@id\":\"https:\\\/\\\/observatorioleopoldina.com.br\\\/home\\\/category\\\/leopoldina-sustentavel\\\/#listItem\",\"name\":\"Leopoldina Sustent\\u00e1vel\"}},{\"@type\":\"ListItem\",\"@id\":\"https:\\\/\\\/observatorioleopoldina.com.br\\\/home\\\/category\\\/leopoldina-sustentavel\\\/#listItem\",\"position\":2,\"name\":\"Leopoldina Sustent\\u00e1vel\",\"item\":\"https:\\\/\\\/observatorioleopoldina.com.br\\\/home\\\/category\\\/leopoldina-sustentavel\\\/\",\"nextItem\":{\"@type\":\"ListItem\",\"@id\":\"https:\\\/\\\/observatorioleopoldina.com.br\\\/home\\\/proximo-passo-compostar\\\/#listItem\",\"name\":\"Pr\\u00f3ximo passo: compostar!\"},\"previousItem\":{\"@type\":\"ListItem\",\"@id\":\"https:\\\/\\\/observatorioleopoldina.com.br\\\/home#listItem\",\"name\":\"In\\u00edcio\"}},{\"@type\":\"ListItem\",\"@id\":\"https:\\\/\\\/observatorioleopoldina.com.br\\\/home\\\/proximo-passo-compostar\\\/#listItem\",\"position\":3,\"name\":\"Pr\\u00f3ximo passo: compostar!\",\"previousItem\":{\"@type\":\"ListItem\",\"@id\":\"https:\\\/\\\/observatorioleopoldina.com.br\\\/home\\\/category\\\/leopoldina-sustentavel\\\/#listItem\",\"name\":\"Leopoldina Sustent\\u00e1vel\"}}]},{\"@type\":\"Organization\",\"@id\":\"https:\\\/\\\/observatorioleopoldina.com.br\\\/home\\\/#organization\",\"name\":\"Observat\\u00f3rio Leopoldina\",\"description\":\"Espa\\u00e7o virtual colaborativo focado no desenvolvimento socioecon\\u00f4mico sustent\\u00e1vel de um Distrito em plena transforma\\u00e7\\u00e3o: a Vila Leopoldina.\",\"url\":\"https:\\\/\\\/observatorioleopoldina.com.br\\\/home\\\/\",\"logo\":{\"@type\":\"ImageObject\",\"url\":\"https:\\\/\\\/observatorioleopoldina.com.br\\\/home\\\/wp-content\\\/uploads\\\/2024\\\/02\\\/2022-06-08-removebg-preview.png\",\"@id\":\"https:\\\/\\\/observatorioleopoldina.com.br\\\/home\\\/proximo-passo-compostar\\\/#organizationLogo\",\"width\":680,\"height\":247},\"image\":{\"@id\":\"https:\\\/\\\/observatorioleopoldina.com.br\\\/home\\\/proximo-passo-compostar\\\/#organizationLogo\"}},{\"@type\":\"Person\",\"@id\":\"https:\\\/\\\/observatorioleopoldina.com.br\\\/home\\\/author\\\/ale\\\/#author\",\"url\":\"https:\\\/\\\/observatorioleopoldina.com.br\\\/home\\\/author\\\/ale\\\/\",\"name\":\"Alexandra Swerts\"},{\"@type\":\"WebPage\",\"@id\":\"https:\\\/\\\/observatorioleopoldina.com.br\\\/home\\\/proximo-passo-compostar\\\/#webpage\",\"url\":\"https:\\\/\\\/observatorioleopoldina.com.br\\\/home\\\/proximo-passo-compostar\\\/\",\"name\":\"Pr\\u00f3ximo passo: compostar! - Observat\\u00f3rio Leopoldina\",\"description\":\"Moradores e vizinhos fazem segundo encontro e definem o local da futura composteira comunit\\u00e1ria e a organiza\\u00e7\\u00e3o do grupo. Esta etapa aconteceu \\u00e0s 11h deste domingo na Pra\\u00e7a Nova Lapa. O clima era de reconhecimento do grupo, cada um que se apresentou trouxe um universo de conhecimento e a clara motiva\\u00e7\\u00e3o do fazer comunit\\u00e1rio para\",\"inLanguage\":\"pt-BR\",\"isPartOf\":{\"@id\":\"https:\\\/\\\/observatorioleopoldina.com.br\\\/home\\\/#website\"},\"breadcrumb\":{\"@id\":\"https:\\\/\\\/observatorioleopoldina.com.br\\\/home\\\/proximo-passo-compostar\\\/#breadcrumblist\"},\"author\":{\"@id\":\"https:\\\/\\\/observatorioleopoldina.com.br\\\/home\\\/author\\\/ale\\\/#author\"},\"creator\":{\"@id\":\"https:\\\/\\\/observatorioleopoldina.com.br\\\/home\\\/author\\\/ale\\\/#author\"},\"image\":{\"@type\":\"ImageObject\",\"url\":\"https:\\\/\\\/observatorioleopoldina.com.br\\\/home\\\/wp-content\\\/uploads\\\/2024\\\/06\\\/IMG_20240609_120824-scaled-e1718051412576.jpg\",\"@id\":\"https:\\\/\\\/observatorioleopoldina.com.br\\\/home\\\/proximo-passo-compostar\\\/#mainImage\",\"width\":1956,\"height\":1150,\"caption\":\"Organizando a primeira composteira comunit\\u00e1ria da Vila Leopoldina.\"},\"primaryImageOfPage\":{\"@id\":\"https:\\\/\\\/observatorioleopoldina.com.br\\\/home\\\/proximo-passo-compostar\\\/#mainImage\"},\"datePublished\":\"2024-06-09T21:31:58-03:00\",\"dateModified\":\"2024-06-10T17:30:30-03:00\"},{\"@type\":\"WebSite\",\"@id\":\"https:\\\/\\\/observatorioleopoldina.com.br\\\/home\\\/#website\",\"url\":\"https:\\\/\\\/observatorioleopoldina.com.br\\\/home\\\/\",\"name\":\"Observat\\u00f3rio Leopoldina\",\"description\":\"Espa\\u00e7o virtual colaborativo focado no desenvolvimento socioecon\\u00f4mico sustent\\u00e1vel de um Distrito em plena transforma\\u00e7\\u00e3o: a Vila Leopoldina.\",\"inLanguage\":\"pt-BR\",\"publisher\":{\"@id\":\"https:\\\/\\\/observatorioleopoldina.com.br\\\/home\\\/#organization\"}}]}\n\t\t<\/script>\n\t\t<!-- All in One SEO -->\n\n","aioseo_head_json":{"title":"Pr\u00f3ximo passo: compostar! - Observat\u00f3rio Leopoldina","description":"Moradores e vizinhos fazem segundo encontro e definem o local da futura composteira comunit\u00e1ria e a organiza\u00e7\u00e3o do grupo. Esta etapa aconteceu \u00e0s 11h deste domingo na Pra\u00e7a Nova Lapa. O clima era de reconhecimento do grupo, cada um que se apresentou trouxe um universo de conhecimento e a clara motiva\u00e7\u00e3o do fazer comunit\u00e1rio para","canonical_url":"https:\/\/observatorioleopoldina.com.br\/home\/proximo-passo-compostar\/","robots":"max-image-preview:large","keywords":"","webmasterTools":{"miscellaneous":""},"schema":{"@context":"https:\/\/schema.org","@graph":[{"@type":"BlogPosting","@id":"https:\/\/observatorioleopoldina.com.br\/home\/proximo-passo-compostar\/#blogposting","name":"Pr\u00f3ximo passo: compostar! - Observat\u00f3rio Leopoldina","headline":"Pr\u00f3ximo passo: compostar!","author":{"@id":"https:\/\/observatorioleopoldina.com.br\/home\/author\/ale\/#author"},"publisher":{"@id":"https:\/\/observatorioleopoldina.com.br\/home\/#organization"},"image":{"@type":"ImageObject","url":"https:\/\/observatorioleopoldina.com.br\/home\/wp-content\/uploads\/2024\/06\/IMG_20240609_120824-scaled-e1718051412576.jpg","width":1956,"height":1150,"caption":"Organizando a primeira composteira comunit\u00e1ria da Vila Leopoldina."},"datePublished":"2024-06-09T21:31:58-03:00","dateModified":"2024-06-10T17:30:30-03:00","inLanguage":"pt-BR","mainEntityOfPage":{"@id":"https:\/\/observatorioleopoldina.com.br\/home\/proximo-passo-compostar\/#webpage"},"isPartOf":{"@id":"https:\/\/observatorioleopoldina.com.br\/home\/proximo-passo-compostar\/#webpage"},"articleSection":"Leopoldina Sustent\u00e1vel, compostagem, nem1diasemcompostagem, pra\u00e7a"},{"@type":"BreadcrumbList","@id":"https:\/\/observatorioleopoldina.com.br\/home\/proximo-passo-compostar\/#breadcrumblist","itemListElement":[{"@type":"ListItem","@id":"https:\/\/observatorioleopoldina.com.br\/home#listItem","position":1,"name":"In\u00edcio","item":"https:\/\/observatorioleopoldina.com.br\/home","nextItem":{"@type":"ListItem","@id":"https:\/\/observatorioleopoldina.com.br\/home\/category\/leopoldina-sustentavel\/#listItem","name":"Leopoldina Sustent\u00e1vel"}},{"@type":"ListItem","@id":"https:\/\/observatorioleopoldina.com.br\/home\/category\/leopoldina-sustentavel\/#listItem","position":2,"name":"Leopoldina Sustent\u00e1vel","item":"https:\/\/observatorioleopoldina.com.br\/home\/category\/leopoldina-sustentavel\/","nextItem":{"@type":"ListItem","@id":"https:\/\/observatorioleopoldina.com.br\/home\/proximo-passo-compostar\/#listItem","name":"Pr\u00f3ximo passo: compostar!"},"previousItem":{"@type":"ListItem","@id":"https:\/\/observatorioleopoldina.com.br\/home#listItem","name":"In\u00edcio"}},{"@type":"ListItem","@id":"https:\/\/observatorioleopoldina.com.br\/home\/proximo-passo-compostar\/#listItem","position":3,"name":"Pr\u00f3ximo passo: compostar!","previousItem":{"@type":"ListItem","@id":"https:\/\/observatorioleopoldina.com.br\/home\/category\/leopoldina-sustentavel\/#listItem","name":"Leopoldina Sustent\u00e1vel"}}]},{"@type":"Organization","@id":"https:\/\/observatorioleopoldina.com.br\/home\/#organization","name":"Observat\u00f3rio Leopoldina","description":"Espa\u00e7o virtual colaborativo focado no desenvolvimento socioecon\u00f4mico sustent\u00e1vel de um Distrito em plena transforma\u00e7\u00e3o: a Vila Leopoldina.","url":"https:\/\/observatorioleopoldina.com.br\/home\/","logo":{"@type":"ImageObject","url":"https:\/\/observatorioleopoldina.com.br\/home\/wp-content\/uploads\/2024\/02\/2022-06-08-removebg-preview.png","@id":"https:\/\/observatorioleopoldina.com.br\/home\/proximo-passo-compostar\/#organizationLogo","width":680,"height":247},"image":{"@id":"https:\/\/observatorioleopoldina.com.br\/home\/proximo-passo-compostar\/#organizationLogo"}},{"@type":"Person","@id":"https:\/\/observatorioleopoldina.com.br\/home\/author\/ale\/#author","url":"https:\/\/observatorioleopoldina.com.br\/home\/author\/ale\/","name":"Alexandra Swerts"},{"@type":"WebPage","@id":"https:\/\/observatorioleopoldina.com.br\/home\/proximo-passo-compostar\/#webpage","url":"https:\/\/observatorioleopoldina.com.br\/home\/proximo-passo-compostar\/","name":"Pr\u00f3ximo passo: compostar! - Observat\u00f3rio Leopoldina","description":"Moradores e vizinhos fazem segundo encontro e definem o local da futura composteira comunit\u00e1ria e a organiza\u00e7\u00e3o do grupo. Esta etapa aconteceu \u00e0s 11h deste domingo na Pra\u00e7a Nova Lapa. O clima era de reconhecimento do grupo, cada um que se apresentou trouxe um universo de conhecimento e a clara motiva\u00e7\u00e3o do fazer comunit\u00e1rio para","inLanguage":"pt-BR","isPartOf":{"@id":"https:\/\/observatorioleopoldina.com.br\/home\/#website"},"breadcrumb":{"@id":"https:\/\/observatorioleopoldina.com.br\/home\/proximo-passo-compostar\/#breadcrumblist"},"author":{"@id":"https:\/\/observatorioleopoldina.com.br\/home\/author\/ale\/#author"},"creator":{"@id":"https:\/\/observatorioleopoldina.com.br\/home\/author\/ale\/#author"},"image":{"@type":"ImageObject","url":"https:\/\/observatorioleopoldina.com.br\/home\/wp-content\/uploads\/2024\/06\/IMG_20240609_120824-scaled-e1718051412576.jpg","@id":"https:\/\/observatorioleopoldina.com.br\/home\/proximo-passo-compostar\/#mainImage","width":1956,"height":1150,"caption":"Organizando a primeira composteira comunit\u00e1ria da Vila Leopoldina."},"primaryImageOfPage":{"@id":"https:\/\/observatorioleopoldina.com.br\/home\/proximo-passo-compostar\/#mainImage"},"datePublished":"2024-06-09T21:31:58-03:00","dateModified":"2024-06-10T17:30:30-03:00"},{"@type":"WebSite","@id":"https:\/\/observatorioleopoldina.com.br\/home\/#website","url":"https:\/\/observatorioleopoldina.com.br\/home\/","name":"Observat\u00f3rio Leopoldina","description":"Espa\u00e7o virtual colaborativo focado no desenvolvimento socioecon\u00f4mico sustent\u00e1vel de um Distrito em plena transforma\u00e7\u00e3o: a Vila Leopoldina.","inLanguage":"pt-BR","publisher":{"@id":"https:\/\/observatorioleopoldina.com.br\/home\/#organization"}}]},"og:locale":"pt_BR","og:site_name":"Observat\u00f3rio Leopoldina - Espa\u00e7o virtual colaborativo focado no desenvolvimento socioecon\u00f4mico sustent\u00e1vel de um Distrito em plena transforma\u00e7\u00e3o: a Vila Leopoldina.","og:type":"article","og:title":"Pr\u00f3ximo passo: compostar! - Observat\u00f3rio Leopoldina","og:description":"Moradores e vizinhos fazem segundo encontro e definem o local da futura composteira comunit\u00e1ria e a organiza\u00e7\u00e3o do grupo. Esta etapa aconteceu \u00e0s 11h deste domingo na Pra\u00e7a Nova Lapa. O clima era de reconhecimento do grupo, cada um que se apresentou trouxe um universo de conhecimento e a clara motiva\u00e7\u00e3o do fazer comunit\u00e1rio para","og:url":"https:\/\/observatorioleopoldina.com.br\/home\/proximo-passo-compostar\/","og:image":"https:\/\/observatorioleopoldina.com.br\/home\/wp-content\/uploads\/2024\/06\/IMG_20240609_120824-scaled-e1718051412576.jpg","og:image:secure_url":"https:\/\/observatorioleopoldina.com.br\/home\/wp-content\/uploads\/2024\/06\/IMG_20240609_120824-scaled-e1718051412576.jpg","og:image:width":1956,"og:image:height":1150,"article:published_time":"2024-06-10T00:31:58+00:00","article:modified_time":"2024-06-10T20:30:30+00:00","twitter:card":"summary_large_image","twitter:title":"Pr\u00f3ximo passo: compostar! - Observat\u00f3rio Leopoldina","twitter:description":"Moradores e vizinhos fazem segundo encontro e definem o local da futura composteira comunit\u00e1ria e a organiza\u00e7\u00e3o do grupo. Esta etapa aconteceu \u00e0s 11h deste domingo na Pra\u00e7a Nova Lapa. O clima era de reconhecimento do grupo, cada um que se apresentou trouxe um universo de conhecimento e a clara motiva\u00e7\u00e3o do fazer comunit\u00e1rio para","twitter:image":"https:\/\/observatorioleopoldina.com.br\/home\/wp-content\/uploads\/2024\/06\/IMG_20240609_120824-scaled-e1718051412576.jpg"},"aioseo_meta_data":{"post_id":"2390","title":null,"description":null,"keywords":null,"keyphrases":{"focus":{"keyphrase":"","score":0,"analysis":{"keyphraseInTitle":{"score":0,"maxScore":9,"error":1}}},"additional":[]},"primary_term":null,"canonical_url":null,"og_title":null,"og_description":null,"og_object_type":"default","og_image_type":"default","og_image_url":null,"og_image_width":null,"og_image_height":null,"og_image_custom_url":null,"og_image_custom_fields":null,"og_video":"","og_custom_url":null,"og_article_section":null,"og_article_tags":null,"twitter_use_og":false,"twitter_card":"default","twitter_image_type":"default","twitter_image_url":null,"twitter_image_custom_url":null,"twitter_image_custom_fields":null,"twitter_title":null,"twitter_description":null,"schema":{"blockGraphs":[],"customGraphs":[],"default":{"data":{"Article":[],"Course":[],"Dataset":[],"FAQPage":[],"Movie":[],"Person":[],"Product":[],"ProductReview":[],"Car":[],"Recipe":[],"Service":[],"SoftwareApplication":[],"WebPage":[]},"graphName":"BlogPosting","isEnabled":true},"graphs":[]},"schema_type":"default","schema_type_options":null,"pillar_content":false,"robots_default":true,"robots_noindex":false,"robots_noarchive":false,"robots_nosnippet":false,"robots_nofollow":false,"robots_noimageindex":false,"robots_noodp":false,"robots_notranslate":false,"robots_max_snippet":"-1","robots_max_videopreview":"-1","robots_max_imagepreview":"large","priority":null,"frequency":"default","local_seo":null,"breadcrumb_settings":null,"limit_modified_date":false,"ai":null,"created":"2024-06-10 00:31:59","updated":"2025-06-04 10:14:41","seo_analyzer_scan_date":null,"focus_keyword":null,"additional_keywords":null,"truseo_locale":null},"aioseo_breadcrumb":"<div class=\"aioseo-breadcrumbs\"><span class=\"aioseo-breadcrumb\">\n\t\t\t<a href=\"https:\/\/observatorioleopoldina.com.br\/home\" title=\"In\u00edcio\">In\u00edcio<\/a>\n\t\t<\/span><span class=\"aioseo-breadcrumb-separator\">\u00bb<\/span><span class=\"aioseo-breadcrumb\">\n\t\t\t<a href=\"https:\/\/observatorioleopoldina.com.br\/home\/category\/leopoldina-sustentavel\/\" title=\"Leopoldina Sustent\u00e1vel\">Leopoldina Sustent\u00e1vel<\/a>\n\t\t<\/span><span class=\"aioseo-breadcrumb-separator\">\u00bb<\/span><span class=\"aioseo-breadcrumb\">\n\t\t\tPr\u00f3ximo passo: compostar!\n\t\t<\/span><\/div>","aioseo_breadcrumb_json":[{"label":"In\u00edcio","link":"https:\/\/observatorioleopoldina.com.br\/home"},{"label":"Leopoldina Sustent\u00e1vel","link":"https:\/\/observatorioleopoldina.com.br\/home\/category\/leopoldina-sustentavel\/"},{"label":"Pr\u00f3ximo passo: compostar!","link":"https:\/\/observatorioleopoldina.com.br\/home\/proximo-passo-compostar\/"}],"_links":{"self":[{"href":"https:\/\/observatorioleopoldina.com.br\/home\/wp-json\/wp\/v2\/posts\/2390","targetHints":{"allow":["GET"]}}],"collection":[{"href":"https:\/\/observatorioleopoldina.com.br\/home\/wp-json\/wp\/v2\/posts"}],"about":[{"href":"https:\/\/observatorioleopoldina.com.br\/home\/wp-json\/wp\/v2\/types\/post"}],"author":[{"embeddable":true,"href":"https:\/\/observatorioleopoldina.com.br\/home\/wp-json\/wp\/v2\/users\/4"}],"replies":[{"embeddable":true,"href":"https:\/\/observatorioleopoldina.com.br\/home\/wp-json\/wp\/v2\/comments?post=2390"}],"version-history":[{"count":3,"href":"https:\/\/observatorioleopoldina.com.br\/home\/wp-json\/wp\/v2\/posts\/2390\/revisions"}],"predecessor-version":[{"id":2416,"href":"https:\/\/observatorioleopoldina.com.br\/home\/wp-json\/wp\/v2\/posts\/2390\/revisions\/2416"}],"wp:featuredmedia":[{"embeddable":true,"href":"https:\/\/observatorioleopoldina.com.br\/home\/wp-json\/wp\/v2\/media\/2392"}],"wp:attachment":[{"href":"https:\/\/observatorioleopoldina.com.br\/home\/wp-json\/wp\/v2\/media?parent=2390"}],"wp:term":[{"taxonomy":"category","embeddable":true,"href":"https:\/\/observatorioleopoldina.com.br\/home\/wp-json\/wp\/v2\/categories?post=2390"},{"taxonomy":"post_tag","embeddable":true,"href":"https:\/\/observatorioleopoldina.com.br\/home\/wp-json\/wp\/v2\/tags?post=2390"}],"curies":[{"name":"wp","href":"https:\/\/api.w.org\/{rel}","templated":true}]}}