{"id":2141,"date":"2024-05-30T11:01:30","date_gmt":"2024-05-30T14:01:30","guid":{"rendered":"https:\/\/observatorioleopoldina.com.br\/home\/?p=2141"},"modified":"2024-05-31T17:52:31","modified_gmt":"2024-05-31T20:52:31","slug":"pelezao-em-acao","status":"publish","type":"post","link":"https:\/\/observatorioleopoldina.com.br\/home\/pelezao-em-acao\/","title":{"rendered":"Feriado prolongado &#8211; Pelez\u00e3o em a\u00e7\u00e3o"},"content":{"rendered":"\n<p class=\"wp-block-paragraph\">O projeto <a href=\"https:\/\/asaesportes.com.br\/esportes-na-rua\/\" title=\"ASA\">ASA<\/a> volta a agitar o clube no feriado prolongado. A divers\u00e3o para toda familia est\u00e1 garantida com esporte e cultura de rua no Centro Esportivo Edson Arantes do Nascimento, o <a href=\"https:\/\/www.instagram.com\/centroesportivo_lapa\/\" title=\"Pelez\u00e3o\">Pelez\u00e3o<\/a>. <\/p>\n\n\n\n<p class=\"wp-block-paragraph\">S\u00e1bado e domingo, das 10h00 \u00e0s 17h00 com dura\u00e7\u00e3o com 7 horas de atividades! Tem Skate, Escalada, Patina\u00e7\u00e3o Slalom, Slackline, Breakdance, Parkour, Ofina de Grafite e Batalha de MC&#8217;s. <\/p>\n\n\n\n<p class=\"wp-block-paragraph\">Quem conhece o clube, j\u00e1 sabe&#8230; \u00e9 s\u00f3 chegar e participar das atividades. \u00c9 muita a\u00e7\u00e3o! <\/p>\n","protected":false},"excerpt":{"rendered":"<p>O projeto ASA volta a agitar o clube no feriado prolongado. A divers\u00e3o para toda<\/p>\n","protected":false},"author":4,"featured_media":2142,"comment_status":"closed","ping_status":"closed","sticky":false,"template":"","format":"standard","meta":{"footnotes":""},"categories":[284,394],"tags":[389,285],"class_list":["post-2141","post","type-post","status-publish","format-standard","has-post-thumbnail","hentry","category-agenda-do-bairro","category-junho-de-2024","tag-cultura-de-rua","tag-esporte"],"aioseo_notices":[],"aioseo_head":"\n\t\t<!-- All in One SEO 5.0.1.1 - aioseo.com -->\n\t<meta name=\"description\" content=\"O projeto ASA volta a agitar o clube no feriado prolongado. A divers\u00e3o para toda familia est\u00e1 garantida com esporte e cultura de rua no Centro Esportivo Edson Arantes do Nascimento, o Pelez\u00e3o. S\u00e1bado e domingo, das 10h00 \u00e0s 17h00 com dura\u00e7\u00e3o com 7 horas de atividades! Tem Skate, Escalada, Patina\u00e7\u00e3o Slalom, Slackline, Breakdance, Parkour,\" \/>\n\t<meta name=\"robots\" content=\"max-image-preview:large\" \/>\n\t<meta name=\"author\" content=\"Alexandra Swerts\"\/>\n\t<link rel=\"canonical\" href=\"https:\/\/observatorioleopoldina.com.br\/home\/pelezao-em-acao\/\" \/>\n\t<meta name=\"generator\" content=\"All in One SEO (AIOSEO) 5.0.1.1\" \/>\n\t\t<meta property=\"og:locale\" content=\"pt_BR\" \/>\n\t\t<meta property=\"og:site_name\" content=\"Observat\u00f3rio Leopoldina - Espa\u00e7o virtual colaborativo focado no desenvolvimento socioecon\u00f4mico sustent\u00e1vel de um Distrito em plena transforma\u00e7\u00e3o: a Vila Leopoldina.\" \/>\n\t\t<meta property=\"og:type\" content=\"article\" \/>\n\t\t<meta property=\"og:title\" content=\"Feriado prolongado \u2013 Pelez\u00e3o em a\u00e7\u00e3o - Observat\u00f3rio Leopoldina\" \/>\n\t\t<meta property=\"og:description\" content=\"O projeto ASA volta a agitar o clube no feriado prolongado. A divers\u00e3o para toda familia est\u00e1 garantida com esporte e cultura de rua no Centro Esportivo Edson Arantes do Nascimento, o Pelez\u00e3o. S\u00e1bado e domingo, das 10h00 \u00e0s 17h00 com dura\u00e7\u00e3o com 7 horas de atividades! Tem Skate, Escalada, Patina\u00e7\u00e3o Slalom, Slackline, Breakdance, Parkour,\" \/>\n\t\t<meta property=\"og:url\" content=\"https:\/\/observatorioleopoldina.com.br\/home\/pelezao-em-acao\/\" \/>\n\t\t<meta property=\"og:image\" content=\"https:\/\/observatorioleopoldina.com.br\/home\/wp-content\/uploads\/2024\/05\/Captura-de-Tela-2024-05-30-as-11.00.19.png\" \/>\n\t\t<meta property=\"og:image:secure_url\" content=\"https:\/\/observatorioleopoldina.com.br\/home\/wp-content\/uploads\/2024\/05\/Captura-de-Tela-2024-05-30-as-11.00.19.png\" \/>\n\t\t<meta property=\"og:image:width\" content=\"601\" \/>\n\t\t<meta property=\"og:image:height\" content=\"600\" \/>\n\t\t<meta property=\"article:published_time\" content=\"2024-05-30T14:01:30+00:00\" \/>\n\t\t<meta property=\"article:modified_time\" content=\"2024-05-31T20:52:31+00:00\" \/>\n\t\t<meta name=\"twitter:card\" content=\"summary_large_image\" \/>\n\t\t<meta name=\"twitter:title\" content=\"Feriado prolongado \u2013 Pelez\u00e3o em a\u00e7\u00e3o - Observat\u00f3rio Leopoldina\" \/>\n\t\t<meta name=\"twitter:description\" content=\"O projeto ASA volta a agitar o clube no feriado prolongado. A divers\u00e3o para toda familia est\u00e1 garantida com esporte e cultura de rua no Centro Esportivo Edson Arantes do Nascimento, o Pelez\u00e3o. S\u00e1bado e domingo, das 10h00 \u00e0s 17h00 com dura\u00e7\u00e3o com 7 horas de atividades! Tem Skate, Escalada, Patina\u00e7\u00e3o Slalom, Slackline, Breakdance, Parkour,\" \/>\n\t\t<meta name=\"twitter:image\" content=\"https:\/\/observatorioleopoldina.com.br\/home\/wp-content\/uploads\/2024\/05\/Captura-de-Tela-2024-05-30-as-11.00.19.png\" \/>\n\t\t<script type=\"application\/ld+json\" class=\"aioseo-schema\">\n\t\t\t{\"@context\":\"https:\\\/\\\/schema.org\",\"@graph\":[{\"@type\":\"BlogPosting\",\"@id\":\"https:\\\/\\\/observatorioleopoldina.com.br\\\/home\\\/pelezao-em-acao\\\/#blogposting\",\"name\":\"Feriado prolongado \\u2013 Pelez\\u00e3o em a\\u00e7\\u00e3o - Observat\\u00f3rio Leopoldina\",\"headline\":\"Feriado prolongado &#8211; Pelez\\u00e3o em a\\u00e7\\u00e3o\",\"author\":{\"@id\":\"https:\\\/\\\/observatorioleopoldina.com.br\\\/home\\\/author\\\/ale\\\/#author\"},\"publisher\":{\"@id\":\"https:\\\/\\\/observatorioleopoldina.com.br\\\/home\\\/#organization\"},\"image\":{\"@type\":\"ImageObject\",\"url\":\"https:\\\/\\\/observatorioleopoldina.com.br\\\/home\\\/wp-content\\\/uploads\\\/2024\\\/05\\\/Captura-de-Tela-2024-05-30-as-11.00.19.png\",\"width\":601,\"height\":600},\"datePublished\":\"2024-05-30T11:01:30-03:00\",\"dateModified\":\"2024-05-31T17:52:31-03:00\",\"inLanguage\":\"pt-BR\",\"mainEntityOfPage\":{\"@id\":\"https:\\\/\\\/observatorioleopoldina.com.br\\\/home\\\/pelezao-em-acao\\\/#webpage\"},\"isPartOf\":{\"@id\":\"https:\\\/\\\/observatorioleopoldina.com.br\\\/home\\\/pelezao-em-acao\\\/#webpage\"},\"articleSection\":\"Agenda do Bairro, Junho de 2024, cultura de rua, esporte\"},{\"@type\":\"BreadcrumbList\",\"@id\":\"https:\\\/\\\/observatorioleopoldina.com.br\\\/home\\\/pelezao-em-acao\\\/#breadcrumblist\",\"itemListElement\":[{\"@type\":\"ListItem\",\"@id\":\"https:\\\/\\\/observatorioleopoldina.com.br\\\/home#listItem\",\"position\":1,\"name\":\"In\\u00edcio\",\"item\":\"https:\\\/\\\/observatorioleopoldina.com.br\\\/home\",\"nextItem\":{\"@type\":\"ListItem\",\"@id\":\"https:\\\/\\\/observatorioleopoldina.com.br\\\/home\\\/category\\\/agenda-do-bairro\\\/#listItem\",\"name\":\"Agenda do Bairro\"}},{\"@type\":\"ListItem\",\"@id\":\"https:\\\/\\\/observatorioleopoldina.com.br\\\/home\\\/category\\\/agenda-do-bairro\\\/#listItem\",\"position\":2,\"name\":\"Agenda do Bairro\",\"item\":\"https:\\\/\\\/observatorioleopoldina.com.br\\\/home\\\/category\\\/agenda-do-bairro\\\/\",\"nextItem\":{\"@type\":\"ListItem\",\"@id\":\"https:\\\/\\\/observatorioleopoldina.com.br\\\/home\\\/category\\\/agenda-do-bairro\\\/junho-de-2024\\\/#listItem\",\"name\":\"Junho de 2024\"},\"previousItem\":{\"@type\":\"ListItem\",\"@id\":\"https:\\\/\\\/observatorioleopoldina.com.br\\\/home#listItem\",\"name\":\"In\\u00edcio\"}},{\"@type\":\"ListItem\",\"@id\":\"https:\\\/\\\/observatorioleopoldina.com.br\\\/home\\\/category\\\/agenda-do-bairro\\\/junho-de-2024\\\/#listItem\",\"position\":3,\"name\":\"Junho de 2024\",\"item\":\"https:\\\/\\\/observatorioleopoldina.com.br\\\/home\\\/category\\\/agenda-do-bairro\\\/junho-de-2024\\\/\",\"nextItem\":{\"@type\":\"ListItem\",\"@id\":\"https:\\\/\\\/observatorioleopoldina.com.br\\\/home\\\/pelezao-em-acao\\\/#listItem\",\"name\":\"Feriado prolongado &#8211; Pelez\\u00e3o em a\\u00e7\\u00e3o\"},\"previousItem\":{\"@type\":\"ListItem\",\"@id\":\"https:\\\/\\\/observatorioleopoldina.com.br\\\/home\\\/category\\\/agenda-do-bairro\\\/#listItem\",\"name\":\"Agenda do Bairro\"}},{\"@type\":\"ListItem\",\"@id\":\"https:\\\/\\\/observatorioleopoldina.com.br\\\/home\\\/pelezao-em-acao\\\/#listItem\",\"position\":4,\"name\":\"Feriado prolongado &#8211; Pelez\\u00e3o em a\\u00e7\\u00e3o\",\"previousItem\":{\"@type\":\"ListItem\",\"@id\":\"https:\\\/\\\/observatorioleopoldina.com.br\\\/home\\\/category\\\/agenda-do-bairro\\\/junho-de-2024\\\/#listItem\",\"name\":\"Junho de 2024\"}}]},{\"@type\":\"Organization\",\"@id\":\"https:\\\/\\\/observatorioleopoldina.com.br\\\/home\\\/#organization\",\"name\":\"Observat\\u00f3rio Leopoldina\",\"description\":\"Espa\\u00e7o virtual colaborativo focado no desenvolvimento socioecon\\u00f4mico sustent\\u00e1vel de um Distrito em plena transforma\\u00e7\\u00e3o: a Vila Leopoldina.\",\"url\":\"https:\\\/\\\/observatorioleopoldina.com.br\\\/home\\\/\",\"logo\":{\"@type\":\"ImageObject\",\"url\":\"https:\\\/\\\/observatorioleopoldina.com.br\\\/home\\\/wp-content\\\/uploads\\\/2024\\\/02\\\/2022-06-08-removebg-preview.png\",\"@id\":\"https:\\\/\\\/observatorioleopoldina.com.br\\\/home\\\/pelezao-em-acao\\\/#organizationLogo\",\"width\":680,\"height\":247},\"image\":{\"@id\":\"https:\\\/\\\/observatorioleopoldina.com.br\\\/home\\\/pelezao-em-acao\\\/#organizationLogo\"}},{\"@type\":\"Person\",\"@id\":\"https:\\\/\\\/observatorioleopoldina.com.br\\\/home\\\/author\\\/ale\\\/#author\",\"url\":\"https:\\\/\\\/observatorioleopoldina.com.br\\\/home\\\/author\\\/ale\\\/\",\"name\":\"Alexandra Swerts\"},{\"@type\":\"WebPage\",\"@id\":\"https:\\\/\\\/observatorioleopoldina.com.br\\\/home\\\/pelezao-em-acao\\\/#webpage\",\"url\":\"https:\\\/\\\/observatorioleopoldina.com.br\\\/home\\\/pelezao-em-acao\\\/\",\"name\":\"Feriado prolongado \\u2013 Pelez\\u00e3o em a\\u00e7\\u00e3o - Observat\\u00f3rio Leopoldina\",\"description\":\"O projeto ASA volta a agitar o clube no feriado prolongado. A divers\\u00e3o para toda familia est\\u00e1 garantida com esporte e cultura de rua no Centro Esportivo Edson Arantes do Nascimento, o Pelez\\u00e3o. S\\u00e1bado e domingo, das 10h00 \\u00e0s 17h00 com dura\\u00e7\\u00e3o com 7 horas de atividades! Tem Skate, Escalada, Patina\\u00e7\\u00e3o Slalom, Slackline, Breakdance, Parkour,\",\"inLanguage\":\"pt-BR\",\"isPartOf\":{\"@id\":\"https:\\\/\\\/observatorioleopoldina.com.br\\\/home\\\/#website\"},\"breadcrumb\":{\"@id\":\"https:\\\/\\\/observatorioleopoldina.com.br\\\/home\\\/pelezao-em-acao\\\/#breadcrumblist\"},\"author\":{\"@id\":\"https:\\\/\\\/observatorioleopoldina.com.br\\\/home\\\/author\\\/ale\\\/#author\"},\"creator\":{\"@id\":\"https:\\\/\\\/observatorioleopoldina.com.br\\\/home\\\/author\\\/ale\\\/#author\"},\"image\":{\"@type\":\"ImageObject\",\"url\":\"https:\\\/\\\/observatorioleopoldina.com.br\\\/home\\\/wp-content\\\/uploads\\\/2024\\\/05\\\/Captura-de-Tela-2024-05-30-as-11.00.19.png\",\"@id\":\"https:\\\/\\\/observatorioleopoldina.com.br\\\/home\\\/pelezao-em-acao\\\/#mainImage\",\"width\":601,\"height\":600},\"primaryImageOfPage\":{\"@id\":\"https:\\\/\\\/observatorioleopoldina.com.br\\\/home\\\/pelezao-em-acao\\\/#mainImage\"},\"datePublished\":\"2024-05-30T11:01:30-03:00\",\"dateModified\":\"2024-05-31T17:52:31-03:00\"},{\"@type\":\"WebSite\",\"@id\":\"https:\\\/\\\/observatorioleopoldina.com.br\\\/home\\\/#website\",\"url\":\"https:\\\/\\\/observatorioleopoldina.com.br\\\/home\\\/\",\"name\":\"Observat\\u00f3rio Leopoldina\",\"description\":\"Espa\\u00e7o virtual colaborativo focado no desenvolvimento socioecon\\u00f4mico sustent\\u00e1vel de um Distrito em plena transforma\\u00e7\\u00e3o: a Vila Leopoldina.\",\"inLanguage\":\"pt-BR\",\"publisher\":{\"@id\":\"https:\\\/\\\/observatorioleopoldina.com.br\\\/home\\\/#organization\"}}]}\n\t\t<\/script>\n\t\t<!-- All in One SEO -->\n\n","aioseo_head_json":{"title":"Feriado prolongado \u2013 Pelez\u00e3o em a\u00e7\u00e3o - Observat\u00f3rio Leopoldina","description":"O projeto ASA volta a agitar o clube no feriado prolongado. A divers\u00e3o para toda familia est\u00e1 garantida com esporte e cultura de rua no Centro Esportivo Edson Arantes do Nascimento, o Pelez\u00e3o. S\u00e1bado e domingo, das 10h00 \u00e0s 17h00 com dura\u00e7\u00e3o com 7 horas de atividades! Tem Skate, Escalada, Patina\u00e7\u00e3o Slalom, Slackline, Breakdance, Parkour,","canonical_url":"https:\/\/observatorioleopoldina.com.br\/home\/pelezao-em-acao\/","robots":"max-image-preview:large","keywords":"","webmasterTools":{"miscellaneous":""},"schema":{"@context":"https:\/\/schema.org","@graph":[{"@type":"BlogPosting","@id":"https:\/\/observatorioleopoldina.com.br\/home\/pelezao-em-acao\/#blogposting","name":"Feriado prolongado \u2013 Pelez\u00e3o em a\u00e7\u00e3o - Observat\u00f3rio Leopoldina","headline":"Feriado prolongado &#8211; Pelez\u00e3o em a\u00e7\u00e3o","author":{"@id":"https:\/\/observatorioleopoldina.com.br\/home\/author\/ale\/#author"},"publisher":{"@id":"https:\/\/observatorioleopoldina.com.br\/home\/#organization"},"image":{"@type":"ImageObject","url":"https:\/\/observatorioleopoldina.com.br\/home\/wp-content\/uploads\/2024\/05\/Captura-de-Tela-2024-05-30-as-11.00.19.png","width":601,"height":600},"datePublished":"2024-05-30T11:01:30-03:00","dateModified":"2024-05-31T17:52:31-03:00","inLanguage":"pt-BR","mainEntityOfPage":{"@id":"https:\/\/observatorioleopoldina.com.br\/home\/pelezao-em-acao\/#webpage"},"isPartOf":{"@id":"https:\/\/observatorioleopoldina.com.br\/home\/pelezao-em-acao\/#webpage"},"articleSection":"Agenda do Bairro, Junho de 2024, cultura de rua, esporte"},{"@type":"BreadcrumbList","@id":"https:\/\/observatorioleopoldina.com.br\/home\/pelezao-em-acao\/#breadcrumblist","itemListElement":[{"@type":"ListItem","@id":"https:\/\/observatorioleopoldina.com.br\/home#listItem","position":1,"name":"In\u00edcio","item":"https:\/\/observatorioleopoldina.com.br\/home","nextItem":{"@type":"ListItem","@id":"https:\/\/observatorioleopoldina.com.br\/home\/category\/agenda-do-bairro\/#listItem","name":"Agenda do Bairro"}},{"@type":"ListItem","@id":"https:\/\/observatorioleopoldina.com.br\/home\/category\/agenda-do-bairro\/#listItem","position":2,"name":"Agenda do Bairro","item":"https:\/\/observatorioleopoldina.com.br\/home\/category\/agenda-do-bairro\/","nextItem":{"@type":"ListItem","@id":"https:\/\/observatorioleopoldina.com.br\/home\/category\/agenda-do-bairro\/junho-de-2024\/#listItem","name":"Junho de 2024"},"previousItem":{"@type":"ListItem","@id":"https:\/\/observatorioleopoldina.com.br\/home#listItem","name":"In\u00edcio"}},{"@type":"ListItem","@id":"https:\/\/observatorioleopoldina.com.br\/home\/category\/agenda-do-bairro\/junho-de-2024\/#listItem","position":3,"name":"Junho de 2024","item":"https:\/\/observatorioleopoldina.com.br\/home\/category\/agenda-do-bairro\/junho-de-2024\/","nextItem":{"@type":"ListItem","@id":"https:\/\/observatorioleopoldina.com.br\/home\/pelezao-em-acao\/#listItem","name":"Feriado prolongado &#8211; Pelez\u00e3o em a\u00e7\u00e3o"},"previousItem":{"@type":"ListItem","@id":"https:\/\/observatorioleopoldina.com.br\/home\/category\/agenda-do-bairro\/#listItem","name":"Agenda do Bairro"}},{"@type":"ListItem","@id":"https:\/\/observatorioleopoldina.com.br\/home\/pelezao-em-acao\/#listItem","position":4,"name":"Feriado prolongado &#8211; Pelez\u00e3o em a\u00e7\u00e3o","previousItem":{"@type":"ListItem","@id":"https:\/\/observatorioleopoldina.com.br\/home\/category\/agenda-do-bairro\/junho-de-2024\/#listItem","name":"Junho de 2024"}}]},{"@type":"Organization","@id":"https:\/\/observatorioleopoldina.com.br\/home\/#organization","name":"Observat\u00f3rio Leopoldina","description":"Espa\u00e7o virtual colaborativo focado no desenvolvimento socioecon\u00f4mico sustent\u00e1vel de um Distrito em plena transforma\u00e7\u00e3o: a Vila Leopoldina.","url":"https:\/\/observatorioleopoldina.com.br\/home\/","logo":{"@type":"ImageObject","url":"https:\/\/observatorioleopoldina.com.br\/home\/wp-content\/uploads\/2024\/02\/2022-06-08-removebg-preview.png","@id":"https:\/\/observatorioleopoldina.com.br\/home\/pelezao-em-acao\/#organizationLogo","width":680,"height":247},"image":{"@id":"https:\/\/observatorioleopoldina.com.br\/home\/pelezao-em-acao\/#organizationLogo"}},{"@type":"Person","@id":"https:\/\/observatorioleopoldina.com.br\/home\/author\/ale\/#author","url":"https:\/\/observatorioleopoldina.com.br\/home\/author\/ale\/","name":"Alexandra Swerts"},{"@type":"WebPage","@id":"https:\/\/observatorioleopoldina.com.br\/home\/pelezao-em-acao\/#webpage","url":"https:\/\/observatorioleopoldina.com.br\/home\/pelezao-em-acao\/","name":"Feriado prolongado \u2013 Pelez\u00e3o em a\u00e7\u00e3o - Observat\u00f3rio Leopoldina","description":"O projeto ASA volta a agitar o clube no feriado prolongado. A divers\u00e3o para toda familia est\u00e1 garantida com esporte e cultura de rua no Centro Esportivo Edson Arantes do Nascimento, o Pelez\u00e3o. S\u00e1bado e domingo, das 10h00 \u00e0s 17h00 com dura\u00e7\u00e3o com 7 horas de atividades! Tem Skate, Escalada, Patina\u00e7\u00e3o Slalom, Slackline, Breakdance, Parkour,","inLanguage":"pt-BR","isPartOf":{"@id":"https:\/\/observatorioleopoldina.com.br\/home\/#website"},"breadcrumb":{"@id":"https:\/\/observatorioleopoldina.com.br\/home\/pelezao-em-acao\/#breadcrumblist"},"author":{"@id":"https:\/\/observatorioleopoldina.com.br\/home\/author\/ale\/#author"},"creator":{"@id":"https:\/\/observatorioleopoldina.com.br\/home\/author\/ale\/#author"},"image":{"@type":"ImageObject","url":"https:\/\/observatorioleopoldina.com.br\/home\/wp-content\/uploads\/2024\/05\/Captura-de-Tela-2024-05-30-as-11.00.19.png","@id":"https:\/\/observatorioleopoldina.com.br\/home\/pelezao-em-acao\/#mainImage","width":601,"height":600},"primaryImageOfPage":{"@id":"https:\/\/observatorioleopoldina.com.br\/home\/pelezao-em-acao\/#mainImage"},"datePublished":"2024-05-30T11:01:30-03:00","dateModified":"2024-05-31T17:52:31-03:00"},{"@type":"WebSite","@id":"https:\/\/observatorioleopoldina.com.br\/home\/#website","url":"https:\/\/observatorioleopoldina.com.br\/home\/","name":"Observat\u00f3rio Leopoldina","description":"Espa\u00e7o virtual colaborativo focado no desenvolvimento socioecon\u00f4mico sustent\u00e1vel de um Distrito em plena transforma\u00e7\u00e3o: a Vila Leopoldina.","inLanguage":"pt-BR","publisher":{"@id":"https:\/\/observatorioleopoldina.com.br\/home\/#organization"}}]},"og:locale":"pt_BR","og:site_name":"Observat\u00f3rio Leopoldina - Espa\u00e7o virtual colaborativo focado no desenvolvimento socioecon\u00f4mico sustent\u00e1vel de um Distrito em plena transforma\u00e7\u00e3o: a Vila Leopoldina.","og:type":"article","og:title":"Feriado prolongado \u2013 Pelez\u00e3o em a\u00e7\u00e3o - Observat\u00f3rio Leopoldina","og:description":"O projeto ASA volta a agitar o clube no feriado prolongado. A divers\u00e3o para toda familia est\u00e1 garantida com esporte e cultura de rua no Centro Esportivo Edson Arantes do Nascimento, o Pelez\u00e3o. S\u00e1bado e domingo, das 10h00 \u00e0s 17h00 com dura\u00e7\u00e3o com 7 horas de atividades! Tem Skate, Escalada, Patina\u00e7\u00e3o Slalom, Slackline, Breakdance, Parkour,","og:url":"https:\/\/observatorioleopoldina.com.br\/home\/pelezao-em-acao\/","og:image":"https:\/\/observatorioleopoldina.com.br\/home\/wp-content\/uploads\/2024\/05\/Captura-de-Tela-2024-05-30-as-11.00.19.png","og:image:secure_url":"https:\/\/observatorioleopoldina.com.br\/home\/wp-content\/uploads\/2024\/05\/Captura-de-Tela-2024-05-30-as-11.00.19.png","og:image:width":601,"og:image:height":600,"article:published_time":"2024-05-30T14:01:30+00:00","article:modified_time":"2024-05-31T20:52:31+00:00","twitter:card":"summary_large_image","twitter:title":"Feriado prolongado \u2013 Pelez\u00e3o em a\u00e7\u00e3o - Observat\u00f3rio Leopoldina","twitter:description":"O projeto ASA volta a agitar o clube no feriado prolongado. A divers\u00e3o para toda familia est\u00e1 garantida com esporte e cultura de rua no Centro Esportivo Edson Arantes do Nascimento, o Pelez\u00e3o. S\u00e1bado e domingo, das 10h00 \u00e0s 17h00 com dura\u00e7\u00e3o com 7 horas de atividades! Tem Skate, Escalada, Patina\u00e7\u00e3o Slalom, Slackline, Breakdance, Parkour,","twitter:image":"https:\/\/observatorioleopoldina.com.br\/home\/wp-content\/uploads\/2024\/05\/Captura-de-Tela-2024-05-30-as-11.00.19.png"},"aioseo_meta_data":{"post_id":"2141","title":null,"description":null,"keywords":null,"keyphrases":{"focus":{"keyphrase":"","score":0,"analysis":{"keyphraseInTitle":{"score":0,"maxScore":9,"error":1}}},"additional":[]},"primary_term":null,"canonical_url":null,"og_title":null,"og_description":null,"og_object_type":"default","og_image_type":"default","og_image_url":null,"og_image_width":null,"og_image_height":null,"og_image_custom_url":null,"og_image_custom_fields":null,"og_video":"","og_custom_url":null,"og_article_section":null,"og_article_tags":null,"twitter_use_og":false,"twitter_card":"default","twitter_image_type":"default","twitter_image_url":null,"twitter_image_custom_url":null,"twitter_image_custom_fields":null,"twitter_title":null,"twitter_description":null,"schema":{"blockGraphs":[],"customGraphs":[],"default":{"data":{"Article":[],"Course":[],"Dataset":[],"FAQPage":[],"Movie":[],"Person":[],"Product":[],"ProductReview":[],"Car":[],"Recipe":[],"Service":[],"SoftwareApplication":[],"WebPage":[]},"graphName":"BlogPosting","isEnabled":true},"graphs":[]},"schema_type":"default","schema_type_options":null,"pillar_content":false,"robots_default":true,"robots_noindex":false,"robots_noarchive":false,"robots_nosnippet":false,"robots_nofollow":false,"robots_noimageindex":false,"robots_noodp":false,"robots_notranslate":false,"robots_max_snippet":"-1","robots_max_videopreview":"-1","robots_max_imagepreview":"large","priority":null,"frequency":"default","local_seo":null,"breadcrumb_settings":null,"limit_modified_date":false,"ai":null,"created":"2024-05-30 14:01:31","updated":"2025-06-04 08:55:00","seo_analyzer_scan_date":null,"focus_keyword":null,"additional_keywords":null,"truseo_locale":null},"aioseo_breadcrumb":"<div class=\"aioseo-breadcrumbs\"><span class=\"aioseo-breadcrumb\">\n\t\t\t<a href=\"https:\/\/observatorioleopoldina.com.br\/home\" title=\"In\u00edcio\">In\u00edcio<\/a>\n\t\t<\/span><span class=\"aioseo-breadcrumb-separator\">\u00bb<\/span><span class=\"aioseo-breadcrumb\">\n\t\t\t<a href=\"https:\/\/observatorioleopoldina.com.br\/home\/category\/agenda-do-bairro\/\" title=\"Agenda do Bairro\">Agenda do Bairro<\/a>\n\t\t<\/span><span class=\"aioseo-breadcrumb-separator\">\u00bb<\/span><span class=\"aioseo-breadcrumb\">\n\t\t\t<a href=\"https:\/\/observatorioleopoldina.com.br\/home\/category\/agenda-do-bairro\/junho-de-2024\/\" title=\"Junho de 2024\">Junho de 2024<\/a>\n\t\t<\/span><span class=\"aioseo-breadcrumb-separator\">\u00bb<\/span><span class=\"aioseo-breadcrumb\">\n\t\t\tFeriado prolongado \u2013 Pelez\u00e3o em a\u00e7\u00e3o\n\t\t<\/span><\/div>","aioseo_breadcrumb_json":[{"label":"In\u00edcio","link":"https:\/\/observatorioleopoldina.com.br\/home"},{"label":"Agenda do Bairro","link":"https:\/\/observatorioleopoldina.com.br\/home\/category\/agenda-do-bairro\/"},{"label":"Junho de 2024","link":"https:\/\/observatorioleopoldina.com.br\/home\/category\/agenda-do-bairro\/junho-de-2024\/"},{"label":"Feriado prolongado &#8211; Pelez\u00e3o em a\u00e7\u00e3o","link":"https:\/\/observatorioleopoldina.com.br\/home\/pelezao-em-acao\/"}],"_links":{"self":[{"href":"https:\/\/observatorioleopoldina.com.br\/home\/wp-json\/wp\/v2\/posts\/2141","targetHints":{"allow":["GET"]}}],"collection":[{"href":"https:\/\/observatorioleopoldina.com.br\/home\/wp-json\/wp\/v2\/posts"}],"about":[{"href":"https:\/\/observatorioleopoldina.com.br\/home\/wp-json\/wp\/v2\/types\/post"}],"author":[{"embeddable":true,"href":"https:\/\/observatorioleopoldina.com.br\/home\/wp-json\/wp\/v2\/users\/4"}],"replies":[{"embeddable":true,"href":"https:\/\/observatorioleopoldina.com.br\/home\/wp-json\/wp\/v2\/comments?post=2141"}],"version-history":[{"count":4,"href":"https:\/\/observatorioleopoldina.com.br\/home\/wp-json\/wp\/v2\/posts\/2141\/revisions"}],"predecessor-version":[{"id":2162,"href":"https:\/\/observatorioleopoldina.com.br\/home\/wp-json\/wp\/v2\/posts\/2141\/revisions\/2162"}],"wp:featuredmedia":[{"embeddable":true,"href":"https:\/\/observatorioleopoldina.com.br\/home\/wp-json\/wp\/v2\/media\/2142"}],"wp:attachment":[{"href":"https:\/\/observatorioleopoldina.com.br\/home\/wp-json\/wp\/v2\/media?parent=2141"}],"wp:term":[{"taxonomy":"category","embeddable":true,"href":"https:\/\/observatorioleopoldina.com.br\/home\/wp-json\/wp\/v2\/categories?post=2141"},{"taxonomy":"post_tag","embeddable":true,"href":"https:\/\/observatorioleopoldina.com.br\/home\/wp-json\/wp\/v2\/tags?post=2141"}],"curies":[{"name":"wp","href":"https:\/\/api.w.org\/{rel}","templated":true}]}}