{"id":1940,"date":"2024-05-23T09:59:23","date_gmt":"2024-05-23T12:59:23","guid":{"rendered":"https:\/\/observatorioleopoldina.com.br\/home\/?p=1940"},"modified":"2024-05-23T10:05:59","modified_gmt":"2024-05-23T13:05:59","slug":"piu-leopoldina-avanca","status":"publish","type":"post","link":"https:\/\/observatorioleopoldina.com.br\/home\/piu-leopoldina-avanca\/","title":{"rendered":"PIU Leopoldina avan\u00e7a"},"content":{"rendered":"\n<p class=\"wp-block-paragraph\">Onze meses ap\u00f3s virar lei, sancionada pelo prefeito Ricardo Nunes, o PIU Leopoldina rompe sua in\u00e9rcia de espera e volta a se movimentar nas etapas burocr\u00e1ticas.<\/p>\n\n\n\n<p class=\"wp-block-paragraph\">Nas \u00faltimas semanas houve significativo avan\u00e7o na quest\u00e3o do usucapi\u00e3o envolvendo o terreno onde est\u00e1 localizada a favela da Linha.<\/p>\n\n\n\n<p class=\"wp-block-paragraph\">Essa \u00e9 uma \u00f3tima not\u00edcia, que abre perspectivas de um encaminhamento, no curto prazo, para a publica\u00e7\u00e3o,por parte da prefeitura, do edital do leil\u00e3o de outorga onerosa, processo que determinar\u00e1 a arrecada\u00e7\u00e3o de recursos (mais de R$ 200 milh\u00f5es) para a execu\u00e7\u00e3o do plano de obras do PIU, fundamentalmente a constru\u00e7\u00e3o de 853 moradias para as comunidades Ceasa.<\/p>\n\n\n\n<p class=\"wp-block-paragraph\">Na foto,um registro da hist\u00f3rica noite da san\u00e7\u00e3o da lei PIU Leopoldina, 20 de junho de 2023, mostra as moradoras Fl\u00e1via e Maiara, no terreno onde ser\u00e3o erguidas as moradias.<\/p>\n\n\n\n<p class=\"wp-block-paragraph\">Elas seguram pedregulhos que pavimentam o ch\u00e3o, simbolizando a pedra fundamental da constru\u00e7\u00e3o das t\u00e3o esperadas moradias sociais numa Leopoldina plural.<\/p>\n\n\n\n<p class=\"wp-block-paragraph\"><\/p>\n","protected":false},"excerpt":{"rendered":"<p>Onze meses ap\u00f3s virar lei, sancionada pelo prefeito Ricardo Nunes, o PIU Leopoldina rompe sua<\/p>\n","protected":false},"author":3,"featured_media":1949,"comment_status":"closed","ping_status":"closed","sticky":false,"template":"","format":"standard","meta":{"footnotes":""},"categories":[227,248],"tags":[],"class_list":["post-1940","post","type-post","status-publish","format-standard","has-post-thumbnail","hentry","category-no-bairro","category-urbanismo"],"aioseo_notices":[],"aioseo_head":"\n\t\t<!-- All in One SEO 5.0.1.1 - aioseo.com -->\n\t<meta name=\"description\" content=\"Onze meses ap\u00f3s virar lei, sancionada pelo prefeito Ricardo Nunes, o PIU Leopoldina rompe sua in\u00e9rcia de espera e volta a se movimentar nas etapas burocr\u00e1ticas. Nas \u00faltimas semanas houve significativo avan\u00e7o na quest\u00e3o do usucapi\u00e3o envolvendo o terreno onde est\u00e1 localizada a favela da Linha. Essa \u00e9 uma \u00f3tima not\u00edcia, que abre perspectivas de\" \/>\n\t<meta name=\"robots\" content=\"max-image-preview:large\" \/>\n\t<meta name=\"author\" content=\"Eduardo Fiora\"\/>\n\t<link rel=\"canonical\" href=\"https:\/\/observatorioleopoldina.com.br\/home\/piu-leopoldina-avanca\/\" \/>\n\t<meta name=\"generator\" content=\"All in One SEO (AIOSEO) 5.0.1.1\" \/>\n\t\t<meta property=\"og:locale\" content=\"pt_BR\" \/>\n\t\t<meta property=\"og:site_name\" content=\"Observat\u00f3rio Leopoldina - Espa\u00e7o virtual colaborativo focado no desenvolvimento socioecon\u00f4mico sustent\u00e1vel de um Distrito em plena transforma\u00e7\u00e3o: a Vila Leopoldina.\" \/>\n\t\t<meta property=\"og:type\" content=\"article\" \/>\n\t\t<meta property=\"og:title\" content=\"PIU Leopoldina avan\u00e7a - Observat\u00f3rio Leopoldina\" \/>\n\t\t<meta property=\"og:description\" content=\"Onze meses ap\u00f3s virar lei, sancionada pelo prefeito Ricardo Nunes, o PIU Leopoldina rompe sua in\u00e9rcia de espera e volta a se movimentar nas etapas burocr\u00e1ticas. Nas \u00faltimas semanas houve significativo avan\u00e7o na quest\u00e3o do usucapi\u00e3o envolvendo o terreno onde est\u00e1 localizada a favela da Linha. Essa \u00e9 uma \u00f3tima not\u00edcia, que abre perspectivas de\" \/>\n\t\t<meta property=\"og:url\" content=\"https:\/\/observatorioleopoldina.com.br\/home\/piu-leopoldina-avanca\/\" \/>\n\t\t<meta property=\"og:image\" content=\"https:\/\/observatorioleopoldina.com.br\/home\/wp-content\/uploads\/2024\/05\/Screenshot_20240523-100443.png\" \/>\n\t\t<meta property=\"og:image:secure_url\" content=\"https:\/\/observatorioleopoldina.com.br\/home\/wp-content\/uploads\/2024\/05\/Screenshot_20240523-100443.png\" \/>\n\t\t<meta property=\"og:image:width\" content=\"1080\" \/>\n\t\t<meta property=\"og:image:height\" content=\"674\" \/>\n\t\t<meta property=\"article:published_time\" content=\"2024-05-23T12:59:23+00:00\" \/>\n\t\t<meta property=\"article:modified_time\" content=\"2024-05-23T13:05:59+00:00\" \/>\n\t\t<meta name=\"twitter:card\" content=\"summary_large_image\" \/>\n\t\t<meta name=\"twitter:title\" content=\"PIU Leopoldina avan\u00e7a - Observat\u00f3rio Leopoldina\" \/>\n\t\t<meta name=\"twitter:description\" content=\"Onze meses ap\u00f3s virar lei, sancionada pelo prefeito Ricardo Nunes, o PIU Leopoldina rompe sua in\u00e9rcia de espera e volta a se movimentar nas etapas burocr\u00e1ticas. Nas \u00faltimas semanas houve significativo avan\u00e7o na quest\u00e3o do usucapi\u00e3o envolvendo o terreno onde est\u00e1 localizada a favela da Linha. Essa \u00e9 uma \u00f3tima not\u00edcia, que abre perspectivas de\" \/>\n\t\t<meta name=\"twitter:image\" content=\"https:\/\/observatorioleopoldina.com.br\/home\/wp-content\/uploads\/2024\/05\/Screenshot_20240523-100443.png\" \/>\n\t\t<script type=\"application\/ld+json\" class=\"aioseo-schema\">\n\t\t\t{\"@context\":\"https:\\\/\\\/schema.org\",\"@graph\":[{\"@type\":\"BlogPosting\",\"@id\":\"https:\\\/\\\/observatorioleopoldina.com.br\\\/home\\\/piu-leopoldina-avanca\\\/#blogposting\",\"name\":\"PIU Leopoldina avan\\u00e7a - Observat\\u00f3rio Leopoldina\",\"headline\":\"PIU Leopoldina avan\\u00e7a\",\"author\":{\"@id\":\"https:\\\/\\\/observatorioleopoldina.com.br\\\/home\\\/author\\\/eduardo-fiora\\\/#author\"},\"publisher\":{\"@id\":\"https:\\\/\\\/observatorioleopoldina.com.br\\\/home\\\/#organization\"},\"image\":{\"@type\":\"ImageObject\",\"url\":\"https:\\\/\\\/observatorioleopoldina.com.br\\\/home\\\/wp-content\\\/uploads\\\/2024\\\/05\\\/Screenshot_20240523-100443.png\",\"width\":1080,\"height\":674},\"datePublished\":\"2024-05-23T09:59:23-03:00\",\"dateModified\":\"2024-05-23T10:05:59-03:00\",\"inLanguage\":\"pt-BR\",\"mainEntityOfPage\":{\"@id\":\"https:\\\/\\\/observatorioleopoldina.com.br\\\/home\\\/piu-leopoldina-avanca\\\/#webpage\"},\"isPartOf\":{\"@id\":\"https:\\\/\\\/observatorioleopoldina.com.br\\\/home\\\/piu-leopoldina-avanca\\\/#webpage\"},\"articleSection\":\"No Bairro, Urbanismo\"},{\"@type\":\"BreadcrumbList\",\"@id\":\"https:\\\/\\\/observatorioleopoldina.com.br\\\/home\\\/piu-leopoldina-avanca\\\/#breadcrumblist\",\"itemListElement\":[{\"@type\":\"ListItem\",\"@id\":\"https:\\\/\\\/observatorioleopoldina.com.br\\\/home#listItem\",\"position\":1,\"name\":\"In\\u00edcio\",\"item\":\"https:\\\/\\\/observatorioleopoldina.com.br\\\/home\",\"nextItem\":{\"@type\":\"ListItem\",\"@id\":\"https:\\\/\\\/observatorioleopoldina.com.br\\\/home\\\/category\\\/no-bairro\\\/#listItem\",\"name\":\"No Bairro\"}},{\"@type\":\"ListItem\",\"@id\":\"https:\\\/\\\/observatorioleopoldina.com.br\\\/home\\\/category\\\/no-bairro\\\/#listItem\",\"position\":2,\"name\":\"No Bairro\",\"item\":\"https:\\\/\\\/observatorioleopoldina.com.br\\\/home\\\/category\\\/no-bairro\\\/\",\"nextItem\":{\"@type\":\"ListItem\",\"@id\":\"https:\\\/\\\/observatorioleopoldina.com.br\\\/home\\\/category\\\/no-bairro\\\/urbanismo\\\/#listItem\",\"name\":\"Urbanismo\"},\"previousItem\":{\"@type\":\"ListItem\",\"@id\":\"https:\\\/\\\/observatorioleopoldina.com.br\\\/home#listItem\",\"name\":\"In\\u00edcio\"}},{\"@type\":\"ListItem\",\"@id\":\"https:\\\/\\\/observatorioleopoldina.com.br\\\/home\\\/category\\\/no-bairro\\\/urbanismo\\\/#listItem\",\"position\":3,\"name\":\"Urbanismo\",\"item\":\"https:\\\/\\\/observatorioleopoldina.com.br\\\/home\\\/category\\\/no-bairro\\\/urbanismo\\\/\",\"nextItem\":{\"@type\":\"ListItem\",\"@id\":\"https:\\\/\\\/observatorioleopoldina.com.br\\\/home\\\/piu-leopoldina-avanca\\\/#listItem\",\"name\":\"PIU Leopoldina avan\\u00e7a\"},\"previousItem\":{\"@type\":\"ListItem\",\"@id\":\"https:\\\/\\\/observatorioleopoldina.com.br\\\/home\\\/category\\\/no-bairro\\\/#listItem\",\"name\":\"No Bairro\"}},{\"@type\":\"ListItem\",\"@id\":\"https:\\\/\\\/observatorioleopoldina.com.br\\\/home\\\/piu-leopoldina-avanca\\\/#listItem\",\"position\":4,\"name\":\"PIU Leopoldina avan\\u00e7a\",\"previousItem\":{\"@type\":\"ListItem\",\"@id\":\"https:\\\/\\\/observatorioleopoldina.com.br\\\/home\\\/category\\\/no-bairro\\\/urbanismo\\\/#listItem\",\"name\":\"Urbanismo\"}}]},{\"@type\":\"Organization\",\"@id\":\"https:\\\/\\\/observatorioleopoldina.com.br\\\/home\\\/#organization\",\"name\":\"Observat\\u00f3rio Leopoldina\",\"description\":\"Espa\\u00e7o virtual colaborativo focado no desenvolvimento socioecon\\u00f4mico sustent\\u00e1vel de um Distrito em plena transforma\\u00e7\\u00e3o: a Vila Leopoldina.\",\"url\":\"https:\\\/\\\/observatorioleopoldina.com.br\\\/home\\\/\",\"logo\":{\"@type\":\"ImageObject\",\"url\":\"https:\\\/\\\/observatorioleopoldina.com.br\\\/home\\\/wp-content\\\/uploads\\\/2024\\\/02\\\/2022-06-08-removebg-preview.png\",\"@id\":\"https:\\\/\\\/observatorioleopoldina.com.br\\\/home\\\/piu-leopoldina-avanca\\\/#organizationLogo\",\"width\":680,\"height\":247},\"image\":{\"@id\":\"https:\\\/\\\/observatorioleopoldina.com.br\\\/home\\\/piu-leopoldina-avanca\\\/#organizationLogo\"}},{\"@type\":\"Person\",\"@id\":\"https:\\\/\\\/observatorioleopoldina.com.br\\\/home\\\/author\\\/eduardo-fiora\\\/#author\",\"url\":\"https:\\\/\\\/observatorioleopoldina.com.br\\\/home\\\/author\\\/eduardo-fiora\\\/\",\"name\":\"Eduardo Fiora\"},{\"@type\":\"WebPage\",\"@id\":\"https:\\\/\\\/observatorioleopoldina.com.br\\\/home\\\/piu-leopoldina-avanca\\\/#webpage\",\"url\":\"https:\\\/\\\/observatorioleopoldina.com.br\\\/home\\\/piu-leopoldina-avanca\\\/\",\"name\":\"PIU Leopoldina avan\\u00e7a - Observat\\u00f3rio Leopoldina\",\"description\":\"Onze meses ap\\u00f3s virar lei, sancionada pelo prefeito Ricardo Nunes, o PIU Leopoldina rompe sua in\\u00e9rcia de espera e volta a se movimentar nas etapas burocr\\u00e1ticas. Nas \\u00faltimas semanas houve significativo avan\\u00e7o na quest\\u00e3o do usucapi\\u00e3o envolvendo o terreno onde est\\u00e1 localizada a favela da Linha. Essa \\u00e9 uma \\u00f3tima not\\u00edcia, que abre perspectivas de\",\"inLanguage\":\"pt-BR\",\"isPartOf\":{\"@id\":\"https:\\\/\\\/observatorioleopoldina.com.br\\\/home\\\/#website\"},\"breadcrumb\":{\"@id\":\"https:\\\/\\\/observatorioleopoldina.com.br\\\/home\\\/piu-leopoldina-avanca\\\/#breadcrumblist\"},\"author\":{\"@id\":\"https:\\\/\\\/observatorioleopoldina.com.br\\\/home\\\/author\\\/eduardo-fiora\\\/#author\"},\"creator\":{\"@id\":\"https:\\\/\\\/observatorioleopoldina.com.br\\\/home\\\/author\\\/eduardo-fiora\\\/#author\"},\"image\":{\"@type\":\"ImageObject\",\"url\":\"https:\\\/\\\/observatorioleopoldina.com.br\\\/home\\\/wp-content\\\/uploads\\\/2024\\\/05\\\/Screenshot_20240523-100443.png\",\"@id\":\"https:\\\/\\\/observatorioleopoldina.com.br\\\/home\\\/piu-leopoldina-avanca\\\/#mainImage\",\"width\":1080,\"height\":674},\"primaryImageOfPage\":{\"@id\":\"https:\\\/\\\/observatorioleopoldina.com.br\\\/home\\\/piu-leopoldina-avanca\\\/#mainImage\"},\"datePublished\":\"2024-05-23T09:59:23-03:00\",\"dateModified\":\"2024-05-23T10:05:59-03:00\"},{\"@type\":\"WebSite\",\"@id\":\"https:\\\/\\\/observatorioleopoldina.com.br\\\/home\\\/#website\",\"url\":\"https:\\\/\\\/observatorioleopoldina.com.br\\\/home\\\/\",\"name\":\"Observat\\u00f3rio Leopoldina\",\"description\":\"Espa\\u00e7o virtual colaborativo focado no desenvolvimento socioecon\\u00f4mico sustent\\u00e1vel de um Distrito em plena transforma\\u00e7\\u00e3o: a Vila Leopoldina.\",\"inLanguage\":\"pt-BR\",\"publisher\":{\"@id\":\"https:\\\/\\\/observatorioleopoldina.com.br\\\/home\\\/#organization\"}}]}\n\t\t<\/script>\n\t\t<!-- All in One SEO -->\n\n","aioseo_head_json":{"title":"PIU Leopoldina avan\u00e7a - Observat\u00f3rio Leopoldina","description":"Onze meses ap\u00f3s virar lei, sancionada pelo prefeito Ricardo Nunes, o PIU Leopoldina rompe sua in\u00e9rcia de espera e volta a se movimentar nas etapas burocr\u00e1ticas. Nas \u00faltimas semanas houve significativo avan\u00e7o na quest\u00e3o do usucapi\u00e3o envolvendo o terreno onde est\u00e1 localizada a favela da Linha. Essa \u00e9 uma \u00f3tima not\u00edcia, que abre perspectivas de","canonical_url":"https:\/\/observatorioleopoldina.com.br\/home\/piu-leopoldina-avanca\/","robots":"max-image-preview:large","keywords":"","webmasterTools":{"miscellaneous":""},"schema":{"@context":"https:\/\/schema.org","@graph":[{"@type":"BlogPosting","@id":"https:\/\/observatorioleopoldina.com.br\/home\/piu-leopoldina-avanca\/#blogposting","name":"PIU Leopoldina avan\u00e7a - Observat\u00f3rio Leopoldina","headline":"PIU Leopoldina avan\u00e7a","author":{"@id":"https:\/\/observatorioleopoldina.com.br\/home\/author\/eduardo-fiora\/#author"},"publisher":{"@id":"https:\/\/observatorioleopoldina.com.br\/home\/#organization"},"image":{"@type":"ImageObject","url":"https:\/\/observatorioleopoldina.com.br\/home\/wp-content\/uploads\/2024\/05\/Screenshot_20240523-100443.png","width":1080,"height":674},"datePublished":"2024-05-23T09:59:23-03:00","dateModified":"2024-05-23T10:05:59-03:00","inLanguage":"pt-BR","mainEntityOfPage":{"@id":"https:\/\/observatorioleopoldina.com.br\/home\/piu-leopoldina-avanca\/#webpage"},"isPartOf":{"@id":"https:\/\/observatorioleopoldina.com.br\/home\/piu-leopoldina-avanca\/#webpage"},"articleSection":"No Bairro, Urbanismo"},{"@type":"BreadcrumbList","@id":"https:\/\/observatorioleopoldina.com.br\/home\/piu-leopoldina-avanca\/#breadcrumblist","itemListElement":[{"@type":"ListItem","@id":"https:\/\/observatorioleopoldina.com.br\/home#listItem","position":1,"name":"In\u00edcio","item":"https:\/\/observatorioleopoldina.com.br\/home","nextItem":{"@type":"ListItem","@id":"https:\/\/observatorioleopoldina.com.br\/home\/category\/no-bairro\/#listItem","name":"No Bairro"}},{"@type":"ListItem","@id":"https:\/\/observatorioleopoldina.com.br\/home\/category\/no-bairro\/#listItem","position":2,"name":"No Bairro","item":"https:\/\/observatorioleopoldina.com.br\/home\/category\/no-bairro\/","nextItem":{"@type":"ListItem","@id":"https:\/\/observatorioleopoldina.com.br\/home\/category\/no-bairro\/urbanismo\/#listItem","name":"Urbanismo"},"previousItem":{"@type":"ListItem","@id":"https:\/\/observatorioleopoldina.com.br\/home#listItem","name":"In\u00edcio"}},{"@type":"ListItem","@id":"https:\/\/observatorioleopoldina.com.br\/home\/category\/no-bairro\/urbanismo\/#listItem","position":3,"name":"Urbanismo","item":"https:\/\/observatorioleopoldina.com.br\/home\/category\/no-bairro\/urbanismo\/","nextItem":{"@type":"ListItem","@id":"https:\/\/observatorioleopoldina.com.br\/home\/piu-leopoldina-avanca\/#listItem","name":"PIU Leopoldina avan\u00e7a"},"previousItem":{"@type":"ListItem","@id":"https:\/\/observatorioleopoldina.com.br\/home\/category\/no-bairro\/#listItem","name":"No Bairro"}},{"@type":"ListItem","@id":"https:\/\/observatorioleopoldina.com.br\/home\/piu-leopoldina-avanca\/#listItem","position":4,"name":"PIU Leopoldina avan\u00e7a","previousItem":{"@type":"ListItem","@id":"https:\/\/observatorioleopoldina.com.br\/home\/category\/no-bairro\/urbanismo\/#listItem","name":"Urbanismo"}}]},{"@type":"Organization","@id":"https:\/\/observatorioleopoldina.com.br\/home\/#organization","name":"Observat\u00f3rio Leopoldina","description":"Espa\u00e7o virtual colaborativo focado no desenvolvimento socioecon\u00f4mico sustent\u00e1vel de um Distrito em plena transforma\u00e7\u00e3o: a Vila Leopoldina.","url":"https:\/\/observatorioleopoldina.com.br\/home\/","logo":{"@type":"ImageObject","url":"https:\/\/observatorioleopoldina.com.br\/home\/wp-content\/uploads\/2024\/02\/2022-06-08-removebg-preview.png","@id":"https:\/\/observatorioleopoldina.com.br\/home\/piu-leopoldina-avanca\/#organizationLogo","width":680,"height":247},"image":{"@id":"https:\/\/observatorioleopoldina.com.br\/home\/piu-leopoldina-avanca\/#organizationLogo"}},{"@type":"Person","@id":"https:\/\/observatorioleopoldina.com.br\/home\/author\/eduardo-fiora\/#author","url":"https:\/\/observatorioleopoldina.com.br\/home\/author\/eduardo-fiora\/","name":"Eduardo Fiora"},{"@type":"WebPage","@id":"https:\/\/observatorioleopoldina.com.br\/home\/piu-leopoldina-avanca\/#webpage","url":"https:\/\/observatorioleopoldina.com.br\/home\/piu-leopoldina-avanca\/","name":"PIU Leopoldina avan\u00e7a - Observat\u00f3rio Leopoldina","description":"Onze meses ap\u00f3s virar lei, sancionada pelo prefeito Ricardo Nunes, o PIU Leopoldina rompe sua in\u00e9rcia de espera e volta a se movimentar nas etapas burocr\u00e1ticas. Nas \u00faltimas semanas houve significativo avan\u00e7o na quest\u00e3o do usucapi\u00e3o envolvendo o terreno onde est\u00e1 localizada a favela da Linha. Essa \u00e9 uma \u00f3tima not\u00edcia, que abre perspectivas de","inLanguage":"pt-BR","isPartOf":{"@id":"https:\/\/observatorioleopoldina.com.br\/home\/#website"},"breadcrumb":{"@id":"https:\/\/observatorioleopoldina.com.br\/home\/piu-leopoldina-avanca\/#breadcrumblist"},"author":{"@id":"https:\/\/observatorioleopoldina.com.br\/home\/author\/eduardo-fiora\/#author"},"creator":{"@id":"https:\/\/observatorioleopoldina.com.br\/home\/author\/eduardo-fiora\/#author"},"image":{"@type":"ImageObject","url":"https:\/\/observatorioleopoldina.com.br\/home\/wp-content\/uploads\/2024\/05\/Screenshot_20240523-100443.png","@id":"https:\/\/observatorioleopoldina.com.br\/home\/piu-leopoldina-avanca\/#mainImage","width":1080,"height":674},"primaryImageOfPage":{"@id":"https:\/\/observatorioleopoldina.com.br\/home\/piu-leopoldina-avanca\/#mainImage"},"datePublished":"2024-05-23T09:59:23-03:00","dateModified":"2024-05-23T10:05:59-03:00"},{"@type":"WebSite","@id":"https:\/\/observatorioleopoldina.com.br\/home\/#website","url":"https:\/\/observatorioleopoldina.com.br\/home\/","name":"Observat\u00f3rio Leopoldina","description":"Espa\u00e7o virtual colaborativo focado no desenvolvimento socioecon\u00f4mico sustent\u00e1vel de um Distrito em plena transforma\u00e7\u00e3o: a Vila Leopoldina.","inLanguage":"pt-BR","publisher":{"@id":"https:\/\/observatorioleopoldina.com.br\/home\/#organization"}}]},"og:locale":"pt_BR","og:site_name":"Observat\u00f3rio Leopoldina - Espa\u00e7o virtual colaborativo focado no desenvolvimento socioecon\u00f4mico sustent\u00e1vel de um Distrito em plena transforma\u00e7\u00e3o: a Vila Leopoldina.","og:type":"article","og:title":"PIU Leopoldina avan\u00e7a - Observat\u00f3rio Leopoldina","og:description":"Onze meses ap\u00f3s virar lei, sancionada pelo prefeito Ricardo Nunes, o PIU Leopoldina rompe sua in\u00e9rcia de espera e volta a se movimentar nas etapas burocr\u00e1ticas. Nas \u00faltimas semanas houve significativo avan\u00e7o na quest\u00e3o do usucapi\u00e3o envolvendo o terreno onde est\u00e1 localizada a favela da Linha. Essa \u00e9 uma \u00f3tima not\u00edcia, que abre perspectivas de","og:url":"https:\/\/observatorioleopoldina.com.br\/home\/piu-leopoldina-avanca\/","og:image":"https:\/\/observatorioleopoldina.com.br\/home\/wp-content\/uploads\/2024\/05\/Screenshot_20240523-100443.png","og:image:secure_url":"https:\/\/observatorioleopoldina.com.br\/home\/wp-content\/uploads\/2024\/05\/Screenshot_20240523-100443.png","og:image:width":1080,"og:image:height":674,"article:published_time":"2024-05-23T12:59:23+00:00","article:modified_time":"2024-05-23T13:05:59+00:00","twitter:card":"summary_large_image","twitter:title":"PIU Leopoldina avan\u00e7a - Observat\u00f3rio Leopoldina","twitter:description":"Onze meses ap\u00f3s virar lei, sancionada pelo prefeito Ricardo Nunes, o PIU Leopoldina rompe sua in\u00e9rcia de espera e volta a se movimentar nas etapas burocr\u00e1ticas. Nas \u00faltimas semanas houve significativo avan\u00e7o na quest\u00e3o do usucapi\u00e3o envolvendo o terreno onde est\u00e1 localizada a favela da Linha. Essa \u00e9 uma \u00f3tima not\u00edcia, que abre perspectivas de","twitter:image":"https:\/\/observatorioleopoldina.com.br\/home\/wp-content\/uploads\/2024\/05\/Screenshot_20240523-100443.png"},"aioseo_meta_data":{"post_id":"1940","title":null,"description":null,"keywords":null,"keyphrases":{"focus":{"keyphrase":"","score":0,"analysis":{"keyphraseInTitle":{"score":0,"maxScore":9,"error":1}}},"additional":[]},"primary_term":null,"canonical_url":null,"og_title":null,"og_description":null,"og_object_type":"default","og_image_type":"default","og_image_url":null,"og_image_width":null,"og_image_height":null,"og_image_custom_url":null,"og_image_custom_fields":null,"og_video":"","og_custom_url":null,"og_article_section":null,"og_article_tags":null,"twitter_use_og":false,"twitter_card":"default","twitter_image_type":"default","twitter_image_url":null,"twitter_image_custom_url":null,"twitter_image_custom_fields":null,"twitter_title":null,"twitter_description":null,"schema":{"blockGraphs":[],"customGraphs":[],"default":{"data":{"Article":[],"Course":[],"Dataset":[],"FAQPage":[],"Movie":[],"Person":[],"Product":[],"ProductReview":[],"Car":[],"Recipe":[],"Service":[],"SoftwareApplication":[],"WebPage":[]},"graphName":"BlogPosting","isEnabled":true},"graphs":[]},"schema_type":"default","schema_type_options":null,"pillar_content":false,"robots_default":true,"robots_noindex":false,"robots_noarchive":false,"robots_nosnippet":false,"robots_nofollow":false,"robots_noimageindex":false,"robots_noodp":false,"robots_notranslate":false,"robots_max_snippet":"-1","robots_max_videopreview":"-1","robots_max_imagepreview":"large","priority":null,"frequency":"default","local_seo":null,"breadcrumb_settings":null,"limit_modified_date":false,"ai":null,"created":"2024-05-23 12:59:24","updated":"2025-06-04 08:35:33","seo_analyzer_scan_date":null,"focus_keyword":null,"additional_keywords":null,"truseo_locale":null},"aioseo_breadcrumb":"<div class=\"aioseo-breadcrumbs\"><span class=\"aioseo-breadcrumb\">\n\t\t\t<a href=\"https:\/\/observatorioleopoldina.com.br\/home\" title=\"In\u00edcio\">In\u00edcio<\/a>\n\t\t<\/span><span class=\"aioseo-breadcrumb-separator\">\u00bb<\/span><span class=\"aioseo-breadcrumb\">\n\t\t\t<a href=\"https:\/\/observatorioleopoldina.com.br\/home\/category\/no-bairro\/\" title=\"No Bairro\">No Bairro<\/a>\n\t\t<\/span><span class=\"aioseo-breadcrumb-separator\">\u00bb<\/span><span class=\"aioseo-breadcrumb\">\n\t\t\t<a href=\"https:\/\/observatorioleopoldina.com.br\/home\/category\/no-bairro\/urbanismo\/\" title=\"Urbanismo\">Urbanismo<\/a>\n\t\t<\/span><span class=\"aioseo-breadcrumb-separator\">\u00bb<\/span><span class=\"aioseo-breadcrumb\">\n\t\t\tPIU Leopoldina avan\u00e7a\n\t\t<\/span><\/div>","aioseo_breadcrumb_json":[{"label":"In\u00edcio","link":"https:\/\/observatorioleopoldina.com.br\/home"},{"label":"No Bairro","link":"https:\/\/observatorioleopoldina.com.br\/home\/category\/no-bairro\/"},{"label":"Urbanismo","link":"https:\/\/observatorioleopoldina.com.br\/home\/category\/no-bairro\/urbanismo\/"},{"label":"PIU Leopoldina avan\u00e7a","link":"https:\/\/observatorioleopoldina.com.br\/home\/piu-leopoldina-avanca\/"}],"_links":{"self":[{"href":"https:\/\/observatorioleopoldina.com.br\/home\/wp-json\/wp\/v2\/posts\/1940","targetHints":{"allow":["GET"]}}],"collection":[{"href":"https:\/\/observatorioleopoldina.com.br\/home\/wp-json\/wp\/v2\/posts"}],"about":[{"href":"https:\/\/observatorioleopoldina.com.br\/home\/wp-json\/wp\/v2\/types\/post"}],"author":[{"embeddable":true,"href":"https:\/\/observatorioleopoldina.com.br\/home\/wp-json\/wp\/v2\/users\/3"}],"replies":[{"embeddable":true,"href":"https:\/\/observatorioleopoldina.com.br\/home\/wp-json\/wp\/v2\/comments?post=1940"}],"version-history":[{"count":1,"href":"https:\/\/observatorioleopoldina.com.br\/home\/wp-json\/wp\/v2\/posts\/1940\/revisions"}],"predecessor-version":[{"id":1942,"href":"https:\/\/observatorioleopoldina.com.br\/home\/wp-json\/wp\/v2\/posts\/1940\/revisions\/1942"}],"wp:featuredmedia":[{"embeddable":true,"href":"https:\/\/observatorioleopoldina.com.br\/home\/wp-json\/wp\/v2\/media\/1949"}],"wp:attachment":[{"href":"https:\/\/observatorioleopoldina.com.br\/home\/wp-json\/wp\/v2\/media?parent=1940"}],"wp:term":[{"taxonomy":"category","embeddable":true,"href":"https:\/\/observatorioleopoldina.com.br\/home\/wp-json\/wp\/v2\/categories?post=1940"},{"taxonomy":"post_tag","embeddable":true,"href":"https:\/\/observatorioleopoldina.com.br\/home\/wp-json\/wp\/v2\/tags?post=1940"}],"curies":[{"name":"wp","href":"https:\/\/api.w.org\/{rel}","templated":true}]}}