{"id":1552,"date":"2023-08-17T19:57:00","date_gmt":"2023-08-17T22:57:00","guid":{"rendered":"https:\/\/observatorioleopoldina.com.br\/home\/?p=1552"},"modified":"2024-05-09T20:03:45","modified_gmt":"2024-05-09T23:03:45","slug":"minas-gerais-a-paulista","status":"publish","type":"post","link":"https:\/\/observatorioleopoldina.com.br\/home\/minas-gerais-a-paulista\/","title":{"rendered":"Minas Gerais a paulista!"},"content":{"rendered":"\n<p class=\"wp-block-paragraph\"><\/p>\n\n\n\n<p class=\"wp-block-paragraph\">Dia do p\u00e3o de queijo e aqui ficamos pensando qual seria o melhor do bairro&#8230;<\/p>\n\n\n\n<p class=\"wp-block-paragraph\">Temos nossas prefer\u00eancias e vamos guardar segredo! Mas, podemos dizer que o ponto em comum entre eles \u00e9: ter muito queijo no recheio, casquinha crocante e claro, sempre quentinho!<\/p>\n\n\n\n<p class=\"wp-block-paragraph\">Essa iguaria acompanha bem o cafezinho! <\/p>\n\n\n\n<p class=\"wp-block-paragraph\">Hum&#8230; Conta aqui pra gente qual \u00e9 seu p\u00e3o de queijo favorito no bairro?<\/p>\n\n\n\n<p class=\"wp-block-paragraph\">Ah&#8230; voc\u00ea faz um bom p\u00e3o de queijo? Envia logo a receita uai!<\/p>\n\n\n\n<figure class=\"wp-block-image size-large\"><img decoding=\"async\" width=\"1024\" height=\"1024\" data-src=\"https:\/\/observatorioleopoldina.com.br\/home\/wp-content\/uploads\/2024\/05\/367998328_610027624615594_4977214206263460792_n-1024x1024.jpg\" alt=\"\" class=\"wp-image-1553 lazyload\" data-srcset=\"https:\/\/observatorioleopoldina.com.br\/home\/wp-content\/uploads\/2024\/05\/367998328_610027624615594_4977214206263460792_n-1024x1024.jpg 1024w, https:\/\/observatorioleopoldina.com.br\/home\/wp-content\/uploads\/2024\/05\/367998328_610027624615594_4977214206263460792_n-300x300.jpg 300w, https:\/\/observatorioleopoldina.com.br\/home\/wp-content\/uploads\/2024\/05\/367998328_610027624615594_4977214206263460792_n-150x150.jpg 150w, https:\/\/observatorioleopoldina.com.br\/home\/wp-content\/uploads\/2024\/05\/367998328_610027624615594_4977214206263460792_n-768x768.jpg 768w, https:\/\/observatorioleopoldina.com.br\/home\/wp-content\/uploads\/2024\/05\/367998328_610027624615594_4977214206263460792_n.jpg 1079w\" data-sizes=\"(max-width: 1024px) 100vw, 1024px\" src=\"data:image\/gif;base64,R0lGODlhAQABAAAAACH5BAEKAAEALAAAAAABAAEAAAICTAEAOw==\" style=\"--smush-placeholder-width: 1024px; --smush-placeholder-aspect-ratio: 1024\/1024;\" \/><\/figure>\n","protected":false},"excerpt":{"rendered":"<p>Dia do p\u00e3o de queijo e aqui ficamos pensando qual seria o melhor do bairro&#8230;<\/p>\n","protected":false},"author":4,"featured_media":1553,"comment_status":"closed","ping_status":"closed","sticky":false,"template":"","format":"standard","meta":{"footnotes":""},"categories":[228],"tags":[],"class_list":["post-1552","post","type-post","status-publish","format-standard","has-post-thumbnail","hentry","category-bazar-leopoldina"],"aioseo_notices":[],"aioseo_head":"\n\t\t<!-- All in One SEO 5.0.1.1 - aioseo.com -->\n\t<meta name=\"description\" content=\"Dia do p\u00e3o de queijo e aqui ficamos pensando qual seria o melhor do bairro... Temos nossas prefer\u00eancias e vamos guardar segredo! Mas, podemos dizer que o ponto em comum entre eles \u00e9: ter muito queijo no recheio, casquinha crocante e claro, sempre quentinho! Essa iguaria acompanha bem o cafezinho! Hum... Conta aqui pra gente\" \/>\n\t<meta name=\"robots\" content=\"max-image-preview:large\" \/>\n\t<meta name=\"author\" content=\"Alexandra Swerts\"\/>\n\t<link rel=\"canonical\" href=\"https:\/\/observatorioleopoldina.com.br\/home\/minas-gerais-a-paulista\/\" \/>\n\t<meta name=\"generator\" content=\"All in One SEO (AIOSEO) 5.0.1.1\" \/>\n\t\t<meta property=\"og:locale\" content=\"pt_BR\" \/>\n\t\t<meta property=\"og:site_name\" content=\"Observat\u00f3rio Leopoldina - Espa\u00e7o virtual colaborativo focado no desenvolvimento socioecon\u00f4mico sustent\u00e1vel de um Distrito em plena transforma\u00e7\u00e3o: a Vila Leopoldina.\" \/>\n\t\t<meta property=\"og:type\" content=\"article\" \/>\n\t\t<meta property=\"og:title\" content=\"Minas Gerais a paulista! - Observat\u00f3rio Leopoldina\" \/>\n\t\t<meta property=\"og:description\" content=\"Dia do p\u00e3o de queijo e aqui ficamos pensando qual seria o melhor do bairro... Temos nossas prefer\u00eancias e vamos guardar segredo! Mas, podemos dizer que o ponto em comum entre eles \u00e9: ter muito queijo no recheio, casquinha crocante e claro, sempre quentinho! Essa iguaria acompanha bem o cafezinho! Hum... Conta aqui pra gente\" \/>\n\t\t<meta property=\"og:url\" content=\"https:\/\/observatorioleopoldina.com.br\/home\/minas-gerais-a-paulista\/\" \/>\n\t\t<meta property=\"og:image\" content=\"https:\/\/observatorioleopoldina.com.br\/home\/wp-content\/uploads\/2024\/05\/367998328_610027624615594_4977214206263460792_n.jpg\" \/>\n\t\t<meta property=\"og:image:secure_url\" content=\"https:\/\/observatorioleopoldina.com.br\/home\/wp-content\/uploads\/2024\/05\/367998328_610027624615594_4977214206263460792_n.jpg\" \/>\n\t\t<meta property=\"og:image:width\" content=\"1079\" \/>\n\t\t<meta property=\"og:image:height\" content=\"1079\" \/>\n\t\t<meta property=\"article:published_time\" content=\"2023-08-17T22:57:00+00:00\" \/>\n\t\t<meta property=\"article:modified_time\" content=\"2024-05-09T23:03:45+00:00\" \/>\n\t\t<meta name=\"twitter:card\" content=\"summary_large_image\" \/>\n\t\t<meta name=\"twitter:title\" content=\"Minas Gerais a paulista! - Observat\u00f3rio Leopoldina\" \/>\n\t\t<meta name=\"twitter:description\" content=\"Dia do p\u00e3o de queijo e aqui ficamos pensando qual seria o melhor do bairro... Temos nossas prefer\u00eancias e vamos guardar segredo! Mas, podemos dizer que o ponto em comum entre eles \u00e9: ter muito queijo no recheio, casquinha crocante e claro, sempre quentinho! Essa iguaria acompanha bem o cafezinho! Hum... Conta aqui pra gente\" \/>\n\t\t<meta name=\"twitter:image\" content=\"https:\/\/observatorioleopoldina.com.br\/home\/wp-content\/uploads\/2024\/05\/367998328_610027624615594_4977214206263460792_n.jpg\" \/>\n\t\t<script type=\"application\/ld+json\" class=\"aioseo-schema\">\n\t\t\t{\"@context\":\"https:\\\/\\\/schema.org\",\"@graph\":[{\"@type\":\"BlogPosting\",\"@id\":\"https:\\\/\\\/observatorioleopoldina.com.br\\\/home\\\/minas-gerais-a-paulista\\\/#blogposting\",\"name\":\"Minas Gerais a paulista! - Observat\\u00f3rio Leopoldina\",\"headline\":\"Minas Gerais a paulista!\",\"author\":{\"@id\":\"https:\\\/\\\/observatorioleopoldina.com.br\\\/home\\\/author\\\/ale\\\/#author\"},\"publisher\":{\"@id\":\"https:\\\/\\\/observatorioleopoldina.com.br\\\/home\\\/#organization\"},\"image\":{\"@type\":\"ImageObject\",\"url\":\"https:\\\/\\\/observatorioleopoldina.com.br\\\/home\\\/wp-content\\\/uploads\\\/2024\\\/05\\\/367998328_610027624615594_4977214206263460792_n.jpg\",\"width\":1079,\"height\":1079},\"datePublished\":\"2023-08-17T19:57:00-03:00\",\"dateModified\":\"2024-05-09T20:03:45-03:00\",\"inLanguage\":\"pt-BR\",\"mainEntityOfPage\":{\"@id\":\"https:\\\/\\\/observatorioleopoldina.com.br\\\/home\\\/minas-gerais-a-paulista\\\/#webpage\"},\"isPartOf\":{\"@id\":\"https:\\\/\\\/observatorioleopoldina.com.br\\\/home\\\/minas-gerais-a-paulista\\\/#webpage\"},\"articleSection\":\"Bazar Leopoldina\"},{\"@type\":\"BreadcrumbList\",\"@id\":\"https:\\\/\\\/observatorioleopoldina.com.br\\\/home\\\/minas-gerais-a-paulista\\\/#breadcrumblist\",\"itemListElement\":[{\"@type\":\"ListItem\",\"@id\":\"https:\\\/\\\/observatorioleopoldina.com.br\\\/home#listItem\",\"position\":1,\"name\":\"In\\u00edcio\",\"item\":\"https:\\\/\\\/observatorioleopoldina.com.br\\\/home\",\"nextItem\":{\"@type\":\"ListItem\",\"@id\":\"https:\\\/\\\/observatorioleopoldina.com.br\\\/home\\\/category\\\/bazar-leopoldina\\\/#listItem\",\"name\":\"Bazar Leopoldina\"}},{\"@type\":\"ListItem\",\"@id\":\"https:\\\/\\\/observatorioleopoldina.com.br\\\/home\\\/category\\\/bazar-leopoldina\\\/#listItem\",\"position\":2,\"name\":\"Bazar Leopoldina\",\"item\":\"https:\\\/\\\/observatorioleopoldina.com.br\\\/home\\\/category\\\/bazar-leopoldina\\\/\",\"nextItem\":{\"@type\":\"ListItem\",\"@id\":\"https:\\\/\\\/observatorioleopoldina.com.br\\\/home\\\/minas-gerais-a-paulista\\\/#listItem\",\"name\":\"Minas Gerais a paulista!\"},\"previousItem\":{\"@type\":\"ListItem\",\"@id\":\"https:\\\/\\\/observatorioleopoldina.com.br\\\/home#listItem\",\"name\":\"In\\u00edcio\"}},{\"@type\":\"ListItem\",\"@id\":\"https:\\\/\\\/observatorioleopoldina.com.br\\\/home\\\/minas-gerais-a-paulista\\\/#listItem\",\"position\":3,\"name\":\"Minas Gerais a paulista!\",\"previousItem\":{\"@type\":\"ListItem\",\"@id\":\"https:\\\/\\\/observatorioleopoldina.com.br\\\/home\\\/category\\\/bazar-leopoldina\\\/#listItem\",\"name\":\"Bazar Leopoldina\"}}]},{\"@type\":\"Organization\",\"@id\":\"https:\\\/\\\/observatorioleopoldina.com.br\\\/home\\\/#organization\",\"name\":\"Observat\\u00f3rio Leopoldina\",\"description\":\"Espa\\u00e7o virtual colaborativo focado no desenvolvimento socioecon\\u00f4mico sustent\\u00e1vel de um Distrito em plena transforma\\u00e7\\u00e3o: a Vila Leopoldina.\",\"url\":\"https:\\\/\\\/observatorioleopoldina.com.br\\\/home\\\/\",\"logo\":{\"@type\":\"ImageObject\",\"url\":\"https:\\\/\\\/observatorioleopoldina.com.br\\\/home\\\/wp-content\\\/uploads\\\/2024\\\/02\\\/2022-06-08-removebg-preview.png\",\"@id\":\"https:\\\/\\\/observatorioleopoldina.com.br\\\/home\\\/minas-gerais-a-paulista\\\/#organizationLogo\",\"width\":680,\"height\":247},\"image\":{\"@id\":\"https:\\\/\\\/observatorioleopoldina.com.br\\\/home\\\/minas-gerais-a-paulista\\\/#organizationLogo\"}},{\"@type\":\"Person\",\"@id\":\"https:\\\/\\\/observatorioleopoldina.com.br\\\/home\\\/author\\\/ale\\\/#author\",\"url\":\"https:\\\/\\\/observatorioleopoldina.com.br\\\/home\\\/author\\\/ale\\\/\",\"name\":\"Alexandra Swerts\"},{\"@type\":\"WebPage\",\"@id\":\"https:\\\/\\\/observatorioleopoldina.com.br\\\/home\\\/minas-gerais-a-paulista\\\/#webpage\",\"url\":\"https:\\\/\\\/observatorioleopoldina.com.br\\\/home\\\/minas-gerais-a-paulista\\\/\",\"name\":\"Minas Gerais a paulista! - Observat\\u00f3rio Leopoldina\",\"description\":\"Dia do p\\u00e3o de queijo e aqui ficamos pensando qual seria o melhor do bairro... Temos nossas prefer\\u00eancias e vamos guardar segredo! Mas, podemos dizer que o ponto em comum entre eles \\u00e9: ter muito queijo no recheio, casquinha crocante e claro, sempre quentinho! Essa iguaria acompanha bem o cafezinho! Hum... Conta aqui pra gente\",\"inLanguage\":\"pt-BR\",\"isPartOf\":{\"@id\":\"https:\\\/\\\/observatorioleopoldina.com.br\\\/home\\\/#website\"},\"breadcrumb\":{\"@id\":\"https:\\\/\\\/observatorioleopoldina.com.br\\\/home\\\/minas-gerais-a-paulista\\\/#breadcrumblist\"},\"author\":{\"@id\":\"https:\\\/\\\/observatorioleopoldina.com.br\\\/home\\\/author\\\/ale\\\/#author\"},\"creator\":{\"@id\":\"https:\\\/\\\/observatorioleopoldina.com.br\\\/home\\\/author\\\/ale\\\/#author\"},\"image\":{\"@type\":\"ImageObject\",\"url\":\"https:\\\/\\\/observatorioleopoldina.com.br\\\/home\\\/wp-content\\\/uploads\\\/2024\\\/05\\\/367998328_610027624615594_4977214206263460792_n.jpg\",\"@id\":\"https:\\\/\\\/observatorioleopoldina.com.br\\\/home\\\/minas-gerais-a-paulista\\\/#mainImage\",\"width\":1079,\"height\":1079},\"primaryImageOfPage\":{\"@id\":\"https:\\\/\\\/observatorioleopoldina.com.br\\\/home\\\/minas-gerais-a-paulista\\\/#mainImage\"},\"datePublished\":\"2023-08-17T19:57:00-03:00\",\"dateModified\":\"2024-05-09T20:03:45-03:00\"},{\"@type\":\"WebSite\",\"@id\":\"https:\\\/\\\/observatorioleopoldina.com.br\\\/home\\\/#website\",\"url\":\"https:\\\/\\\/observatorioleopoldina.com.br\\\/home\\\/\",\"name\":\"Observat\\u00f3rio Leopoldina\",\"description\":\"Espa\\u00e7o virtual colaborativo focado no desenvolvimento socioecon\\u00f4mico sustent\\u00e1vel de um Distrito em plena transforma\\u00e7\\u00e3o: a Vila Leopoldina.\",\"inLanguage\":\"pt-BR\",\"publisher\":{\"@id\":\"https:\\\/\\\/observatorioleopoldina.com.br\\\/home\\\/#organization\"}}]}\n\t\t<\/script>\n\t\t<!-- All in One SEO -->\n\n","aioseo_head_json":{"title":"Minas Gerais a paulista! - Observat\u00f3rio Leopoldina","description":"Dia do p\u00e3o de queijo e aqui ficamos pensando qual seria o melhor do bairro... Temos nossas prefer\u00eancias e vamos guardar segredo! Mas, podemos dizer que o ponto em comum entre eles \u00e9: ter muito queijo no recheio, casquinha crocante e claro, sempre quentinho! Essa iguaria acompanha bem o cafezinho! Hum... Conta aqui pra gente","canonical_url":"https:\/\/observatorioleopoldina.com.br\/home\/minas-gerais-a-paulista\/","robots":"max-image-preview:large","keywords":"","webmasterTools":{"miscellaneous":""},"schema":{"@context":"https:\/\/schema.org","@graph":[{"@type":"BlogPosting","@id":"https:\/\/observatorioleopoldina.com.br\/home\/minas-gerais-a-paulista\/#blogposting","name":"Minas Gerais a paulista! - Observat\u00f3rio Leopoldina","headline":"Minas Gerais a paulista!","author":{"@id":"https:\/\/observatorioleopoldina.com.br\/home\/author\/ale\/#author"},"publisher":{"@id":"https:\/\/observatorioleopoldina.com.br\/home\/#organization"},"image":{"@type":"ImageObject","url":"https:\/\/observatorioleopoldina.com.br\/home\/wp-content\/uploads\/2024\/05\/367998328_610027624615594_4977214206263460792_n.jpg","width":1079,"height":1079},"datePublished":"2023-08-17T19:57:00-03:00","dateModified":"2024-05-09T20:03:45-03:00","inLanguage":"pt-BR","mainEntityOfPage":{"@id":"https:\/\/observatorioleopoldina.com.br\/home\/minas-gerais-a-paulista\/#webpage"},"isPartOf":{"@id":"https:\/\/observatorioleopoldina.com.br\/home\/minas-gerais-a-paulista\/#webpage"},"articleSection":"Bazar Leopoldina"},{"@type":"BreadcrumbList","@id":"https:\/\/observatorioleopoldina.com.br\/home\/minas-gerais-a-paulista\/#breadcrumblist","itemListElement":[{"@type":"ListItem","@id":"https:\/\/observatorioleopoldina.com.br\/home#listItem","position":1,"name":"In\u00edcio","item":"https:\/\/observatorioleopoldina.com.br\/home","nextItem":{"@type":"ListItem","@id":"https:\/\/observatorioleopoldina.com.br\/home\/category\/bazar-leopoldina\/#listItem","name":"Bazar Leopoldina"}},{"@type":"ListItem","@id":"https:\/\/observatorioleopoldina.com.br\/home\/category\/bazar-leopoldina\/#listItem","position":2,"name":"Bazar Leopoldina","item":"https:\/\/observatorioleopoldina.com.br\/home\/category\/bazar-leopoldina\/","nextItem":{"@type":"ListItem","@id":"https:\/\/observatorioleopoldina.com.br\/home\/minas-gerais-a-paulista\/#listItem","name":"Minas Gerais a paulista!"},"previousItem":{"@type":"ListItem","@id":"https:\/\/observatorioleopoldina.com.br\/home#listItem","name":"In\u00edcio"}},{"@type":"ListItem","@id":"https:\/\/observatorioleopoldina.com.br\/home\/minas-gerais-a-paulista\/#listItem","position":3,"name":"Minas Gerais a paulista!","previousItem":{"@type":"ListItem","@id":"https:\/\/observatorioleopoldina.com.br\/home\/category\/bazar-leopoldina\/#listItem","name":"Bazar Leopoldina"}}]},{"@type":"Organization","@id":"https:\/\/observatorioleopoldina.com.br\/home\/#organization","name":"Observat\u00f3rio Leopoldina","description":"Espa\u00e7o virtual colaborativo focado no desenvolvimento socioecon\u00f4mico sustent\u00e1vel de um Distrito em plena transforma\u00e7\u00e3o: a Vila Leopoldina.","url":"https:\/\/observatorioleopoldina.com.br\/home\/","logo":{"@type":"ImageObject","url":"https:\/\/observatorioleopoldina.com.br\/home\/wp-content\/uploads\/2024\/02\/2022-06-08-removebg-preview.png","@id":"https:\/\/observatorioleopoldina.com.br\/home\/minas-gerais-a-paulista\/#organizationLogo","width":680,"height":247},"image":{"@id":"https:\/\/observatorioleopoldina.com.br\/home\/minas-gerais-a-paulista\/#organizationLogo"}},{"@type":"Person","@id":"https:\/\/observatorioleopoldina.com.br\/home\/author\/ale\/#author","url":"https:\/\/observatorioleopoldina.com.br\/home\/author\/ale\/","name":"Alexandra Swerts"},{"@type":"WebPage","@id":"https:\/\/observatorioleopoldina.com.br\/home\/minas-gerais-a-paulista\/#webpage","url":"https:\/\/observatorioleopoldina.com.br\/home\/minas-gerais-a-paulista\/","name":"Minas Gerais a paulista! - Observat\u00f3rio Leopoldina","description":"Dia do p\u00e3o de queijo e aqui ficamos pensando qual seria o melhor do bairro... Temos nossas prefer\u00eancias e vamos guardar segredo! Mas, podemos dizer que o ponto em comum entre eles \u00e9: ter muito queijo no recheio, casquinha crocante e claro, sempre quentinho! Essa iguaria acompanha bem o cafezinho! Hum... Conta aqui pra gente","inLanguage":"pt-BR","isPartOf":{"@id":"https:\/\/observatorioleopoldina.com.br\/home\/#website"},"breadcrumb":{"@id":"https:\/\/observatorioleopoldina.com.br\/home\/minas-gerais-a-paulista\/#breadcrumblist"},"author":{"@id":"https:\/\/observatorioleopoldina.com.br\/home\/author\/ale\/#author"},"creator":{"@id":"https:\/\/observatorioleopoldina.com.br\/home\/author\/ale\/#author"},"image":{"@type":"ImageObject","url":"https:\/\/observatorioleopoldina.com.br\/home\/wp-content\/uploads\/2024\/05\/367998328_610027624615594_4977214206263460792_n.jpg","@id":"https:\/\/observatorioleopoldina.com.br\/home\/minas-gerais-a-paulista\/#mainImage","width":1079,"height":1079},"primaryImageOfPage":{"@id":"https:\/\/observatorioleopoldina.com.br\/home\/minas-gerais-a-paulista\/#mainImage"},"datePublished":"2023-08-17T19:57:00-03:00","dateModified":"2024-05-09T20:03:45-03:00"},{"@type":"WebSite","@id":"https:\/\/observatorioleopoldina.com.br\/home\/#website","url":"https:\/\/observatorioleopoldina.com.br\/home\/","name":"Observat\u00f3rio Leopoldina","description":"Espa\u00e7o virtual colaborativo focado no desenvolvimento socioecon\u00f4mico sustent\u00e1vel de um Distrito em plena transforma\u00e7\u00e3o: a Vila Leopoldina.","inLanguage":"pt-BR","publisher":{"@id":"https:\/\/observatorioleopoldina.com.br\/home\/#organization"}}]},"og:locale":"pt_BR","og:site_name":"Observat\u00f3rio Leopoldina - Espa\u00e7o virtual colaborativo focado no desenvolvimento socioecon\u00f4mico sustent\u00e1vel de um Distrito em plena transforma\u00e7\u00e3o: a Vila Leopoldina.","og:type":"article","og:title":"Minas Gerais a paulista! - Observat\u00f3rio Leopoldina","og:description":"Dia do p\u00e3o de queijo e aqui ficamos pensando qual seria o melhor do bairro... Temos nossas prefer\u00eancias e vamos guardar segredo! Mas, podemos dizer que o ponto em comum entre eles \u00e9: ter muito queijo no recheio, casquinha crocante e claro, sempre quentinho! Essa iguaria acompanha bem o cafezinho! Hum... Conta aqui pra gente","og:url":"https:\/\/observatorioleopoldina.com.br\/home\/minas-gerais-a-paulista\/","og:image":"https:\/\/observatorioleopoldina.com.br\/home\/wp-content\/uploads\/2024\/05\/367998328_610027624615594_4977214206263460792_n.jpg","og:image:secure_url":"https:\/\/observatorioleopoldina.com.br\/home\/wp-content\/uploads\/2024\/05\/367998328_610027624615594_4977214206263460792_n.jpg","og:image:width":1079,"og:image:height":1079,"article:published_time":"2023-08-17T22:57:00+00:00","article:modified_time":"2024-05-09T23:03:45+00:00","twitter:card":"summary_large_image","twitter:title":"Minas Gerais a paulista! - Observat\u00f3rio Leopoldina","twitter:description":"Dia do p\u00e3o de queijo e aqui ficamos pensando qual seria o melhor do bairro... Temos nossas prefer\u00eancias e vamos guardar segredo! Mas, podemos dizer que o ponto em comum entre eles \u00e9: ter muito queijo no recheio, casquinha crocante e claro, sempre quentinho! Essa iguaria acompanha bem o cafezinho! Hum... Conta aqui pra gente","twitter:image":"https:\/\/observatorioleopoldina.com.br\/home\/wp-content\/uploads\/2024\/05\/367998328_610027624615594_4977214206263460792_n.jpg"},"aioseo_meta_data":{"post_id":"1552","title":null,"description":null,"keywords":null,"keyphrases":{"focus":{"keyphrase":"","score":0,"analysis":{"keyphraseInTitle":{"score":0,"maxScore":9,"error":1}}},"additional":[]},"primary_term":null,"canonical_url":null,"og_title":null,"og_description":null,"og_object_type":"default","og_image_type":"default","og_image_url":null,"og_image_width":null,"og_image_height":null,"og_image_custom_url":null,"og_image_custom_fields":null,"og_video":"","og_custom_url":null,"og_article_section":null,"og_article_tags":null,"twitter_use_og":false,"twitter_card":"default","twitter_image_type":"default","twitter_image_url":null,"twitter_image_custom_url":null,"twitter_image_custom_fields":null,"twitter_title":null,"twitter_description":null,"schema":{"blockGraphs":[],"customGraphs":[],"default":{"data":{"Article":[],"Course":[],"Dataset":[],"FAQPage":[],"Movie":[],"Person":[],"Product":[],"ProductReview":[],"Car":[],"Recipe":[],"Service":[],"SoftwareApplication":[],"WebPage":[]},"graphName":"BlogPosting","isEnabled":true},"graphs":[]},"schema_type":"default","schema_type_options":null,"pillar_content":false,"robots_default":true,"robots_noindex":false,"robots_noarchive":false,"robots_nosnippet":false,"robots_nofollow":false,"robots_noimageindex":false,"robots_noodp":false,"robots_notranslate":false,"robots_max_snippet":"-1","robots_max_videopreview":"-1","robots_max_imagepreview":"large","priority":null,"frequency":"default","local_seo":null,"breadcrumb_settings":null,"limit_modified_date":false,"ai":null,"created":"2024-05-09 23:02:58","updated":"2025-06-04 08:17:16","seo_analyzer_scan_date":null,"focus_keyword":null,"additional_keywords":null,"truseo_locale":null},"aioseo_breadcrumb":"<div class=\"aioseo-breadcrumbs\"><span class=\"aioseo-breadcrumb\">\n\t\t\t<a href=\"https:\/\/observatorioleopoldina.com.br\/home\" title=\"In\u00edcio\">In\u00edcio<\/a>\n\t\t<\/span><span class=\"aioseo-breadcrumb-separator\">\u00bb<\/span><span class=\"aioseo-breadcrumb\">\n\t\t\t<a href=\"https:\/\/observatorioleopoldina.com.br\/home\/category\/bazar-leopoldina\/\" title=\"Bazar Leopoldina\">Bazar Leopoldina<\/a>\n\t\t<\/span><span class=\"aioseo-breadcrumb-separator\">\u00bb<\/span><span class=\"aioseo-breadcrumb\">\n\t\t\tMinas Gerais a paulista!\n\t\t<\/span><\/div>","aioseo_breadcrumb_json":[{"label":"In\u00edcio","link":"https:\/\/observatorioleopoldina.com.br\/home"},{"label":"Bazar Leopoldina","link":"https:\/\/observatorioleopoldina.com.br\/home\/category\/bazar-leopoldina\/"},{"label":"Minas Gerais a paulista!","link":"https:\/\/observatorioleopoldina.com.br\/home\/minas-gerais-a-paulista\/"}],"_links":{"self":[{"href":"https:\/\/observatorioleopoldina.com.br\/home\/wp-json\/wp\/v2\/posts\/1552","targetHints":{"allow":["GET"]}}],"collection":[{"href":"https:\/\/observatorioleopoldina.com.br\/home\/wp-json\/wp\/v2\/posts"}],"about":[{"href":"https:\/\/observatorioleopoldina.com.br\/home\/wp-json\/wp\/v2\/types\/post"}],"author":[{"embeddable":true,"href":"https:\/\/observatorioleopoldina.com.br\/home\/wp-json\/wp\/v2\/users\/4"}],"replies":[{"embeddable":true,"href":"https:\/\/observatorioleopoldina.com.br\/home\/wp-json\/wp\/v2\/comments?post=1552"}],"version-history":[{"count":1,"href":"https:\/\/observatorioleopoldina.com.br\/home\/wp-json\/wp\/v2\/posts\/1552\/revisions"}],"predecessor-version":[{"id":1554,"href":"https:\/\/observatorioleopoldina.com.br\/home\/wp-json\/wp\/v2\/posts\/1552\/revisions\/1554"}],"wp:featuredmedia":[{"embeddable":true,"href":"https:\/\/observatorioleopoldina.com.br\/home\/wp-json\/wp\/v2\/media\/1553"}],"wp:attachment":[{"href":"https:\/\/observatorioleopoldina.com.br\/home\/wp-json\/wp\/v2\/media?parent=1552"}],"wp:term":[{"taxonomy":"category","embeddable":true,"href":"https:\/\/observatorioleopoldina.com.br\/home\/wp-json\/wp\/v2\/categories?post=1552"},{"taxonomy":"post_tag","embeddable":true,"href":"https:\/\/observatorioleopoldina.com.br\/home\/wp-json\/wp\/v2\/tags?post=1552"}],"curies":[{"name":"wp","href":"https:\/\/api.w.org\/{rel}","templated":true}]}}