{"id":1423,"date":"2024-05-17T10:57:00","date_gmt":"2024-05-17T13:57:00","guid":{"rendered":"https:\/\/observatorioleopoldina.com.br\/home\/?p=1423"},"modified":"2024-05-17T15:14:24","modified_gmt":"2024-05-17T18:14:24","slug":"cades-lapa-passa-a-atuar-com-nova-composicao","status":"publish","type":"post","link":"https:\/\/observatorioleopoldina.com.br\/home\/cades-lapa-passa-a-atuar-com-nova-composicao\/","title":{"rendered":"Cades Lapa passa a  atuar com nova composi\u00e7\u00e3o"},"content":{"rendered":"\n<div class=\"wp-block-group is-vertical is-layout-flex wp-container-core-group-is-layout-4fc3f8e1 wp-block-group-is-layout-flex\">\n<p class=\"wp-block-paragraph\">Ao completar 15 anos de atua\u00e7\u00e3o, o Conselho Regional do Meio Ambiente, Desenvolvimento sustent\u00e1vel e Cultura da Paz da Subprefeitura Lapa, inicia um novo bi\u00eanio de gest\u00e3o participativa( Cades) .  A primeira elei\u00e7\u00e3o de forma\u00e7\u00e3o do Cades Lapa ocorreu em mar\u00e7o de 2009 com o seguinte resultado :<\/p>\n\n\n\n<p class=\"wp-block-paragraph\">Reinaldo Holdschip 163 votos <\/p>\n\n\n\n<p class=\"wp-block-paragraph\">Ros Mari Zenha-158 votos<\/p>\n\n\n\n<p class=\"wp-block-paragraph\">Maria Ol\u00edvia Prata -122 votos<\/p>\n\n\n\n<p class=\"wp-block-paragraph\">Margarida Ruivo -113 votos<\/p>\n\n\n\n<p class=\"wp-block-paragraph\">Armando Ingl\u00eas \u2013 105 votos<\/p>\n\n\n\n<p class=\"wp-block-paragraph\">Marie Matos \u2013 102 votos<\/p>\n\n\n\n<p class=\"wp-block-paragraph\">Maria Laura Zei &#8211; 98 votos<\/p>\n\n\n\n<p class=\"wp-block-paragraph\">Yara Cunha Costa \u201393 votos<\/p>\n\n\n\n<p class=\"wp-block-paragraph\">Para o bi\u00eanio 2024\/2026, os  oito membros titulares que representam a sociedade civil, eleitos pelos votos direto de moradores,  s\u00e3o:   <\/p>\n\n\n\n<p class=\"wp-block-paragraph\">Jupira Cauhy &#8211; 304 votos; <\/p>\n\n\n\n<p class=\"wp-block-paragraph\"> Helena Magozo 208 votos<\/p>\n\n\n\n<p class=\"wp-block-paragraph\"> Alexandra Swerts -202 votos <\/p>\n\n\n\n<p class=\"wp-block-paragraph\">Ligia Rocha &#8211; 162 votos<\/p>\n\n\n\n<p class=\"wp-block-paragraph\">N\u00e9le de Azevedo &#8211; 156 votos <\/p>\n\n\n\n<p class=\"wp-block-paragraph\"> C\u00e1ritas Relva Basso -154 votos <\/p>\n\n\n\n<p class=\"wp-block-paragraph\">Ol\u00edvia Gurj\u00e3o &#8211; 134 votos<\/p>\n\n\n\n<p class=\"wp-block-paragraph\">Jos\u00e9 Carlos Queiroz &#8211; 133 votos<\/p>\n\n\n\n<p class=\"wp-block-paragraph\">Os oito suplentes s\u00e3o: Vald\u00edvia dos Santos Passoni, Eduardo Fernandes de Mello, Alice Wey de Almeida, Umberto de Campos Sarti Filho, Eider De Bortoli C\u00e2mara, Steven Beggs, Leandro Augusto Gomes e Silva e Ana Paula Foroni.<\/p>\n\n\n\n<p class=\"wp-block-paragraph\">Comp\u00f5em tamb\u00e9m o Cades Lapa, oito membros titulares e oito suplentes indicados pelo Poder P\u00fablico.<\/p>\n\n\n\n<p class=\"wp-block-paragraph\">A primeira reuni\u00e3o ordin\u00e1ria do atual bi\u00eanio foi realizada na quarta-feira, 15, de maio.    <\/p>\n<\/div>\n","protected":false},"excerpt":{"rendered":"<p>Ao completar 15 anos de atua\u00e7\u00e3o, o Conselho Regional do Meio Ambiente, Desenvolvimento sustent\u00e1vel e<\/p>\n","protected":false},"author":3,"featured_media":1775,"comment_status":"closed","ping_status":"closed","sticky":false,"template":"","format":"standard","meta":{"footnotes":""},"categories":[221],"tags":[336,338,337],"class_list":["post-1423","post","type-post","status-publish","format-standard","has-post-thumbnail","hentry","category-leopoldina-sustentavel","tag-cades-lapa","tag-cultura-de-paz","tag-meio-ambiente"],"aioseo_notices":[],"aioseo_head":"\n\t\t<!-- All in One SEO 5.0.1.1 - aioseo.com -->\n\t<meta name=\"description\" content=\"Ao completar 15 anos de atua\u00e7\u00e3o, o Conselho Regional do Meio Ambiente, Desenvolvimento sustent\u00e1vel e Cultura da Paz da Subprefeitura Lapa, inicia um novo bi\u00eanio de gest\u00e3o participativa( Cades) . A primeira elei\u00e7\u00e3o de forma\u00e7\u00e3o do Cades Lapa ocorreu em mar\u00e7o de 2009 com o seguinte resultado : Reinaldo Holdschip 163 votos Ros Mari Zenha-158\" \/>\n\t<meta name=\"robots\" content=\"max-image-preview:large\" \/>\n\t<meta name=\"author\" content=\"Eduardo Fiora\"\/>\n\t<link rel=\"canonical\" href=\"https:\/\/observatorioleopoldina.com.br\/home\/cades-lapa-passa-a-atuar-com-nova-composicao\/\" \/>\n\t<meta name=\"generator\" content=\"All in One SEO (AIOSEO) 5.0.1.1\" \/>\n\t\t<meta property=\"og:locale\" content=\"pt_BR\" \/>\n\t\t<meta property=\"og:site_name\" content=\"Observat\u00f3rio Leopoldina - Espa\u00e7o virtual colaborativo focado no desenvolvimento socioecon\u00f4mico sustent\u00e1vel de um Distrito em plena transforma\u00e7\u00e3o: a Vila Leopoldina.\" \/>\n\t\t<meta property=\"og:type\" content=\"article\" \/>\n\t\t<meta property=\"og:title\" content=\"Cades Lapa passa a atuar com nova composi\u00e7\u00e3o - Observat\u00f3rio Leopoldina\" \/>\n\t\t<meta property=\"og:description\" content=\"Ao completar 15 anos de atua\u00e7\u00e3o, o Conselho Regional do Meio Ambiente, Desenvolvimento sustent\u00e1vel e Cultura da Paz da Subprefeitura Lapa, inicia um novo bi\u00eanio de gest\u00e3o participativa( Cades) . A primeira elei\u00e7\u00e3o de forma\u00e7\u00e3o do Cades Lapa ocorreu em mar\u00e7o de 2009 com o seguinte resultado : Reinaldo Holdschip 163 votos Ros Mari Zenha-158\" \/>\n\t\t<meta property=\"og:url\" content=\"https:\/\/observatorioleopoldina.com.br\/home\/cades-lapa-passa-a-atuar-com-nova-composicao\/\" \/>\n\t\t<meta property=\"og:image\" content=\"https:\/\/observatorioleopoldina.com.br\/home\/wp-content\/uploads\/2024\/05\/cades6.jpg\" \/>\n\t\t<meta property=\"og:image:secure_url\" content=\"https:\/\/observatorioleopoldina.com.br\/home\/wp-content\/uploads\/2024\/05\/cades6.jpg\" \/>\n\t\t<meta property=\"og:image:width\" content=\"720\" \/>\n\t\t<meta property=\"og:image:height\" content=\"539\" \/>\n\t\t<meta property=\"article:published_time\" content=\"2024-05-17T13:57:00+00:00\" \/>\n\t\t<meta property=\"article:modified_time\" content=\"2024-05-17T18:14:24+00:00\" \/>\n\t\t<meta name=\"twitter:card\" content=\"summary_large_image\" \/>\n\t\t<meta name=\"twitter:title\" content=\"Cades Lapa passa a atuar com nova composi\u00e7\u00e3o - Observat\u00f3rio Leopoldina\" \/>\n\t\t<meta name=\"twitter:description\" content=\"Ao completar 15 anos de atua\u00e7\u00e3o, o Conselho Regional do Meio Ambiente, Desenvolvimento sustent\u00e1vel e Cultura da Paz da Subprefeitura Lapa, inicia um novo bi\u00eanio de gest\u00e3o participativa( Cades) . A primeira elei\u00e7\u00e3o de forma\u00e7\u00e3o do Cades Lapa ocorreu em mar\u00e7o de 2009 com o seguinte resultado : Reinaldo Holdschip 163 votos Ros Mari Zenha-158\" \/>\n\t\t<meta name=\"twitter:image\" content=\"https:\/\/observatorioleopoldina.com.br\/home\/wp-content\/uploads\/2024\/05\/cades6.jpg\" \/>\n\t\t<script type=\"application\/ld+json\" class=\"aioseo-schema\">\n\t\t\t{\"@context\":\"https:\\\/\\\/schema.org\",\"@graph\":[{\"@type\":\"BlogPosting\",\"@id\":\"https:\\\/\\\/observatorioleopoldina.com.br\\\/home\\\/cades-lapa-passa-a-atuar-com-nova-composicao\\\/#blogposting\",\"name\":\"Cades Lapa passa a atuar com nova composi\\u00e7\\u00e3o - Observat\\u00f3rio Leopoldina\",\"headline\":\"Cades Lapa passa a  atuar com nova composi\\u00e7\\u00e3o\",\"author\":{\"@id\":\"https:\\\/\\\/observatorioleopoldina.com.br\\\/home\\\/author\\\/eduardo-fiora\\\/#author\"},\"publisher\":{\"@id\":\"https:\\\/\\\/observatorioleopoldina.com.br\\\/home\\\/#organization\"},\"image\":{\"@type\":\"ImageObject\",\"url\":\"https:\\\/\\\/observatorioleopoldina.com.br\\\/home\\\/wp-content\\\/uploads\\\/2024\\\/05\\\/cades6.jpg\",\"width\":720,\"height\":539},\"datePublished\":\"2024-05-17T10:57:00-03:00\",\"dateModified\":\"2024-05-17T15:14:24-03:00\",\"inLanguage\":\"pt-BR\",\"mainEntityOfPage\":{\"@id\":\"https:\\\/\\\/observatorioleopoldina.com.br\\\/home\\\/cades-lapa-passa-a-atuar-com-nova-composicao\\\/#webpage\"},\"isPartOf\":{\"@id\":\"https:\\\/\\\/observatorioleopoldina.com.br\\\/home\\\/cades-lapa-passa-a-atuar-com-nova-composicao\\\/#webpage\"},\"articleSection\":\"Leopoldina Sustent\\u00e1vel, Cades Lapa, Cultura de Paz, Meio Ambiente\"},{\"@type\":\"BreadcrumbList\",\"@id\":\"https:\\\/\\\/observatorioleopoldina.com.br\\\/home\\\/cades-lapa-passa-a-atuar-com-nova-composicao\\\/#breadcrumblist\",\"itemListElement\":[{\"@type\":\"ListItem\",\"@id\":\"https:\\\/\\\/observatorioleopoldina.com.br\\\/home#listItem\",\"position\":1,\"name\":\"In\\u00edcio\",\"item\":\"https:\\\/\\\/observatorioleopoldina.com.br\\\/home\",\"nextItem\":{\"@type\":\"ListItem\",\"@id\":\"https:\\\/\\\/observatorioleopoldina.com.br\\\/home\\\/category\\\/leopoldina-sustentavel\\\/#listItem\",\"name\":\"Leopoldina Sustent\\u00e1vel\"}},{\"@type\":\"ListItem\",\"@id\":\"https:\\\/\\\/observatorioleopoldina.com.br\\\/home\\\/category\\\/leopoldina-sustentavel\\\/#listItem\",\"position\":2,\"name\":\"Leopoldina Sustent\\u00e1vel\",\"item\":\"https:\\\/\\\/observatorioleopoldina.com.br\\\/home\\\/category\\\/leopoldina-sustentavel\\\/\",\"nextItem\":{\"@type\":\"ListItem\",\"@id\":\"https:\\\/\\\/observatorioleopoldina.com.br\\\/home\\\/cades-lapa-passa-a-atuar-com-nova-composicao\\\/#listItem\",\"name\":\"Cades Lapa passa a  atuar com nova composi\\u00e7\\u00e3o\"},\"previousItem\":{\"@type\":\"ListItem\",\"@id\":\"https:\\\/\\\/observatorioleopoldina.com.br\\\/home#listItem\",\"name\":\"In\\u00edcio\"}},{\"@type\":\"ListItem\",\"@id\":\"https:\\\/\\\/observatorioleopoldina.com.br\\\/home\\\/cades-lapa-passa-a-atuar-com-nova-composicao\\\/#listItem\",\"position\":3,\"name\":\"Cades Lapa passa a  atuar com nova composi\\u00e7\\u00e3o\",\"previousItem\":{\"@type\":\"ListItem\",\"@id\":\"https:\\\/\\\/observatorioleopoldina.com.br\\\/home\\\/category\\\/leopoldina-sustentavel\\\/#listItem\",\"name\":\"Leopoldina Sustent\\u00e1vel\"}}]},{\"@type\":\"Organization\",\"@id\":\"https:\\\/\\\/observatorioleopoldina.com.br\\\/home\\\/#organization\",\"name\":\"Observat\\u00f3rio Leopoldina\",\"description\":\"Espa\\u00e7o virtual colaborativo focado no desenvolvimento socioecon\\u00f4mico sustent\\u00e1vel de um Distrito em plena transforma\\u00e7\\u00e3o: a Vila Leopoldina.\",\"url\":\"https:\\\/\\\/observatorioleopoldina.com.br\\\/home\\\/\",\"logo\":{\"@type\":\"ImageObject\",\"url\":\"https:\\\/\\\/observatorioleopoldina.com.br\\\/home\\\/wp-content\\\/uploads\\\/2024\\\/02\\\/2022-06-08-removebg-preview.png\",\"@id\":\"https:\\\/\\\/observatorioleopoldina.com.br\\\/home\\\/cades-lapa-passa-a-atuar-com-nova-composicao\\\/#organizationLogo\",\"width\":680,\"height\":247},\"image\":{\"@id\":\"https:\\\/\\\/observatorioleopoldina.com.br\\\/home\\\/cades-lapa-passa-a-atuar-com-nova-composicao\\\/#organizationLogo\"}},{\"@type\":\"Person\",\"@id\":\"https:\\\/\\\/observatorioleopoldina.com.br\\\/home\\\/author\\\/eduardo-fiora\\\/#author\",\"url\":\"https:\\\/\\\/observatorioleopoldina.com.br\\\/home\\\/author\\\/eduardo-fiora\\\/\",\"name\":\"Eduardo Fiora\"},{\"@type\":\"WebPage\",\"@id\":\"https:\\\/\\\/observatorioleopoldina.com.br\\\/home\\\/cades-lapa-passa-a-atuar-com-nova-composicao\\\/#webpage\",\"url\":\"https:\\\/\\\/observatorioleopoldina.com.br\\\/home\\\/cades-lapa-passa-a-atuar-com-nova-composicao\\\/\",\"name\":\"Cades Lapa passa a atuar com nova composi\\u00e7\\u00e3o - Observat\\u00f3rio Leopoldina\",\"description\":\"Ao completar 15 anos de atua\\u00e7\\u00e3o, o Conselho Regional do Meio Ambiente, Desenvolvimento sustent\\u00e1vel e Cultura da Paz da Subprefeitura Lapa, inicia um novo bi\\u00eanio de gest\\u00e3o participativa( Cades) . A primeira elei\\u00e7\\u00e3o de forma\\u00e7\\u00e3o do Cades Lapa ocorreu em mar\\u00e7o de 2009 com o seguinte resultado : Reinaldo Holdschip 163 votos Ros Mari Zenha-158\",\"inLanguage\":\"pt-BR\",\"isPartOf\":{\"@id\":\"https:\\\/\\\/observatorioleopoldina.com.br\\\/home\\\/#website\"},\"breadcrumb\":{\"@id\":\"https:\\\/\\\/observatorioleopoldina.com.br\\\/home\\\/cades-lapa-passa-a-atuar-com-nova-composicao\\\/#breadcrumblist\"},\"author\":{\"@id\":\"https:\\\/\\\/observatorioleopoldina.com.br\\\/home\\\/author\\\/eduardo-fiora\\\/#author\"},\"creator\":{\"@id\":\"https:\\\/\\\/observatorioleopoldina.com.br\\\/home\\\/author\\\/eduardo-fiora\\\/#author\"},\"image\":{\"@type\":\"ImageObject\",\"url\":\"https:\\\/\\\/observatorioleopoldina.com.br\\\/home\\\/wp-content\\\/uploads\\\/2024\\\/05\\\/cades6.jpg\",\"@id\":\"https:\\\/\\\/observatorioleopoldina.com.br\\\/home\\\/cades-lapa-passa-a-atuar-com-nova-composicao\\\/#mainImage\",\"width\":720,\"height\":539},\"primaryImageOfPage\":{\"@id\":\"https:\\\/\\\/observatorioleopoldina.com.br\\\/home\\\/cades-lapa-passa-a-atuar-com-nova-composicao\\\/#mainImage\"},\"datePublished\":\"2024-05-17T10:57:00-03:00\",\"dateModified\":\"2024-05-17T15:14:24-03:00\"},{\"@type\":\"WebSite\",\"@id\":\"https:\\\/\\\/observatorioleopoldina.com.br\\\/home\\\/#website\",\"url\":\"https:\\\/\\\/observatorioleopoldina.com.br\\\/home\\\/\",\"name\":\"Observat\\u00f3rio Leopoldina\",\"description\":\"Espa\\u00e7o virtual colaborativo focado no desenvolvimento socioecon\\u00f4mico sustent\\u00e1vel de um Distrito em plena transforma\\u00e7\\u00e3o: a Vila Leopoldina.\",\"inLanguage\":\"pt-BR\",\"publisher\":{\"@id\":\"https:\\\/\\\/observatorioleopoldina.com.br\\\/home\\\/#organization\"}}]}\n\t\t<\/script>\n\t\t<!-- All in One SEO -->\n\n","aioseo_head_json":{"title":"Cades Lapa passa a atuar com nova composi\u00e7\u00e3o - Observat\u00f3rio Leopoldina","description":"Ao completar 15 anos de atua\u00e7\u00e3o, o Conselho Regional do Meio Ambiente, Desenvolvimento sustent\u00e1vel e Cultura da Paz da Subprefeitura Lapa, inicia um novo bi\u00eanio de gest\u00e3o participativa( Cades) . A primeira elei\u00e7\u00e3o de forma\u00e7\u00e3o do Cades Lapa ocorreu em mar\u00e7o de 2009 com o seguinte resultado : Reinaldo Holdschip 163 votos Ros Mari Zenha-158","canonical_url":"https:\/\/observatorioleopoldina.com.br\/home\/cades-lapa-passa-a-atuar-com-nova-composicao\/","robots":"max-image-preview:large","keywords":"","webmasterTools":{"miscellaneous":""},"schema":{"@context":"https:\/\/schema.org","@graph":[{"@type":"BlogPosting","@id":"https:\/\/observatorioleopoldina.com.br\/home\/cades-lapa-passa-a-atuar-com-nova-composicao\/#blogposting","name":"Cades Lapa passa a atuar com nova composi\u00e7\u00e3o - Observat\u00f3rio Leopoldina","headline":"Cades Lapa passa a  atuar com nova composi\u00e7\u00e3o","author":{"@id":"https:\/\/observatorioleopoldina.com.br\/home\/author\/eduardo-fiora\/#author"},"publisher":{"@id":"https:\/\/observatorioleopoldina.com.br\/home\/#organization"},"image":{"@type":"ImageObject","url":"https:\/\/observatorioleopoldina.com.br\/home\/wp-content\/uploads\/2024\/05\/cades6.jpg","width":720,"height":539},"datePublished":"2024-05-17T10:57:00-03:00","dateModified":"2024-05-17T15:14:24-03:00","inLanguage":"pt-BR","mainEntityOfPage":{"@id":"https:\/\/observatorioleopoldina.com.br\/home\/cades-lapa-passa-a-atuar-com-nova-composicao\/#webpage"},"isPartOf":{"@id":"https:\/\/observatorioleopoldina.com.br\/home\/cades-lapa-passa-a-atuar-com-nova-composicao\/#webpage"},"articleSection":"Leopoldina Sustent\u00e1vel, Cades Lapa, Cultura de Paz, Meio Ambiente"},{"@type":"BreadcrumbList","@id":"https:\/\/observatorioleopoldina.com.br\/home\/cades-lapa-passa-a-atuar-com-nova-composicao\/#breadcrumblist","itemListElement":[{"@type":"ListItem","@id":"https:\/\/observatorioleopoldina.com.br\/home#listItem","position":1,"name":"In\u00edcio","item":"https:\/\/observatorioleopoldina.com.br\/home","nextItem":{"@type":"ListItem","@id":"https:\/\/observatorioleopoldina.com.br\/home\/category\/leopoldina-sustentavel\/#listItem","name":"Leopoldina Sustent\u00e1vel"}},{"@type":"ListItem","@id":"https:\/\/observatorioleopoldina.com.br\/home\/category\/leopoldina-sustentavel\/#listItem","position":2,"name":"Leopoldina Sustent\u00e1vel","item":"https:\/\/observatorioleopoldina.com.br\/home\/category\/leopoldina-sustentavel\/","nextItem":{"@type":"ListItem","@id":"https:\/\/observatorioleopoldina.com.br\/home\/cades-lapa-passa-a-atuar-com-nova-composicao\/#listItem","name":"Cades Lapa passa a  atuar com nova composi\u00e7\u00e3o"},"previousItem":{"@type":"ListItem","@id":"https:\/\/observatorioleopoldina.com.br\/home#listItem","name":"In\u00edcio"}},{"@type":"ListItem","@id":"https:\/\/observatorioleopoldina.com.br\/home\/cades-lapa-passa-a-atuar-com-nova-composicao\/#listItem","position":3,"name":"Cades Lapa passa a  atuar com nova composi\u00e7\u00e3o","previousItem":{"@type":"ListItem","@id":"https:\/\/observatorioleopoldina.com.br\/home\/category\/leopoldina-sustentavel\/#listItem","name":"Leopoldina Sustent\u00e1vel"}}]},{"@type":"Organization","@id":"https:\/\/observatorioleopoldina.com.br\/home\/#organization","name":"Observat\u00f3rio Leopoldina","description":"Espa\u00e7o virtual colaborativo focado no desenvolvimento socioecon\u00f4mico sustent\u00e1vel de um Distrito em plena transforma\u00e7\u00e3o: a Vila Leopoldina.","url":"https:\/\/observatorioleopoldina.com.br\/home\/","logo":{"@type":"ImageObject","url":"https:\/\/observatorioleopoldina.com.br\/home\/wp-content\/uploads\/2024\/02\/2022-06-08-removebg-preview.png","@id":"https:\/\/observatorioleopoldina.com.br\/home\/cades-lapa-passa-a-atuar-com-nova-composicao\/#organizationLogo","width":680,"height":247},"image":{"@id":"https:\/\/observatorioleopoldina.com.br\/home\/cades-lapa-passa-a-atuar-com-nova-composicao\/#organizationLogo"}},{"@type":"Person","@id":"https:\/\/observatorioleopoldina.com.br\/home\/author\/eduardo-fiora\/#author","url":"https:\/\/observatorioleopoldina.com.br\/home\/author\/eduardo-fiora\/","name":"Eduardo Fiora"},{"@type":"WebPage","@id":"https:\/\/observatorioleopoldina.com.br\/home\/cades-lapa-passa-a-atuar-com-nova-composicao\/#webpage","url":"https:\/\/observatorioleopoldina.com.br\/home\/cades-lapa-passa-a-atuar-com-nova-composicao\/","name":"Cades Lapa passa a atuar com nova composi\u00e7\u00e3o - Observat\u00f3rio Leopoldina","description":"Ao completar 15 anos de atua\u00e7\u00e3o, o Conselho Regional do Meio Ambiente, Desenvolvimento sustent\u00e1vel e Cultura da Paz da Subprefeitura Lapa, inicia um novo bi\u00eanio de gest\u00e3o participativa( Cades) . A primeira elei\u00e7\u00e3o de forma\u00e7\u00e3o do Cades Lapa ocorreu em mar\u00e7o de 2009 com o seguinte resultado : Reinaldo Holdschip 163 votos Ros Mari Zenha-158","inLanguage":"pt-BR","isPartOf":{"@id":"https:\/\/observatorioleopoldina.com.br\/home\/#website"},"breadcrumb":{"@id":"https:\/\/observatorioleopoldina.com.br\/home\/cades-lapa-passa-a-atuar-com-nova-composicao\/#breadcrumblist"},"author":{"@id":"https:\/\/observatorioleopoldina.com.br\/home\/author\/eduardo-fiora\/#author"},"creator":{"@id":"https:\/\/observatorioleopoldina.com.br\/home\/author\/eduardo-fiora\/#author"},"image":{"@type":"ImageObject","url":"https:\/\/observatorioleopoldina.com.br\/home\/wp-content\/uploads\/2024\/05\/cades6.jpg","@id":"https:\/\/observatorioleopoldina.com.br\/home\/cades-lapa-passa-a-atuar-com-nova-composicao\/#mainImage","width":720,"height":539},"primaryImageOfPage":{"@id":"https:\/\/observatorioleopoldina.com.br\/home\/cades-lapa-passa-a-atuar-com-nova-composicao\/#mainImage"},"datePublished":"2024-05-17T10:57:00-03:00","dateModified":"2024-05-17T15:14:24-03:00"},{"@type":"WebSite","@id":"https:\/\/observatorioleopoldina.com.br\/home\/#website","url":"https:\/\/observatorioleopoldina.com.br\/home\/","name":"Observat\u00f3rio Leopoldina","description":"Espa\u00e7o virtual colaborativo focado no desenvolvimento socioecon\u00f4mico sustent\u00e1vel de um Distrito em plena transforma\u00e7\u00e3o: a Vila Leopoldina.","inLanguage":"pt-BR","publisher":{"@id":"https:\/\/observatorioleopoldina.com.br\/home\/#organization"}}]},"og:locale":"pt_BR","og:site_name":"Observat\u00f3rio Leopoldina - Espa\u00e7o virtual colaborativo focado no desenvolvimento socioecon\u00f4mico sustent\u00e1vel de um Distrito em plena transforma\u00e7\u00e3o: a Vila Leopoldina.","og:type":"article","og:title":"Cades Lapa passa a atuar com nova composi\u00e7\u00e3o - Observat\u00f3rio Leopoldina","og:description":"Ao completar 15 anos de atua\u00e7\u00e3o, o Conselho Regional do Meio Ambiente, Desenvolvimento sustent\u00e1vel e Cultura da Paz da Subprefeitura Lapa, inicia um novo bi\u00eanio de gest\u00e3o participativa( Cades) . A primeira elei\u00e7\u00e3o de forma\u00e7\u00e3o do Cades Lapa ocorreu em mar\u00e7o de 2009 com o seguinte resultado : Reinaldo Holdschip 163 votos Ros Mari Zenha-158","og:url":"https:\/\/observatorioleopoldina.com.br\/home\/cades-lapa-passa-a-atuar-com-nova-composicao\/","og:image":"https:\/\/observatorioleopoldina.com.br\/home\/wp-content\/uploads\/2024\/05\/cades6.jpg","og:image:secure_url":"https:\/\/observatorioleopoldina.com.br\/home\/wp-content\/uploads\/2024\/05\/cades6.jpg","og:image:width":720,"og:image:height":539,"article:published_time":"2024-05-17T13:57:00+00:00","article:modified_time":"2024-05-17T18:14:24+00:00","twitter:card":"summary_large_image","twitter:title":"Cades Lapa passa a atuar com nova composi\u00e7\u00e3o - Observat\u00f3rio Leopoldina","twitter:description":"Ao completar 15 anos de atua\u00e7\u00e3o, o Conselho Regional do Meio Ambiente, Desenvolvimento sustent\u00e1vel e Cultura da Paz da Subprefeitura Lapa, inicia um novo bi\u00eanio de gest\u00e3o participativa( Cades) . A primeira elei\u00e7\u00e3o de forma\u00e7\u00e3o do Cades Lapa ocorreu em mar\u00e7o de 2009 com o seguinte resultado : Reinaldo Holdschip 163 votos Ros Mari Zenha-158","twitter:image":"https:\/\/observatorioleopoldina.com.br\/home\/wp-content\/uploads\/2024\/05\/cades6.jpg"},"aioseo_meta_data":{"post_id":"1423","title":null,"description":null,"keywords":null,"keyphrases":{"focus":{"keyphrase":"","score":0,"analysis":{"keyphraseInTitle":{"score":0,"maxScore":9,"error":1}}},"additional":[]},"primary_term":null,"canonical_url":null,"og_title":null,"og_description":null,"og_object_type":"default","og_image_type":"default","og_image_url":null,"og_image_width":null,"og_image_height":null,"og_image_custom_url":null,"og_image_custom_fields":null,"og_video":"","og_custom_url":null,"og_article_section":null,"og_article_tags":null,"twitter_use_og":false,"twitter_card":"default","twitter_image_type":"default","twitter_image_url":null,"twitter_image_custom_url":null,"twitter_image_custom_fields":null,"twitter_title":null,"twitter_description":null,"schema":{"blockGraphs":[],"customGraphs":[],"default":{"data":{"Article":[],"Course":[],"Dataset":[],"FAQPage":[],"Movie":[],"Person":[],"Product":[],"ProductReview":[],"Car":[],"Recipe":[],"Service":[],"SoftwareApplication":[],"WebPage":[]},"graphName":"BlogPosting","isEnabled":true},"graphs":[]},"schema_type":"default","schema_type_options":null,"pillar_content":false,"robots_default":true,"robots_noindex":false,"robots_noarchive":false,"robots_nosnippet":false,"robots_nofollow":false,"robots_noimageindex":false,"robots_noodp":false,"robots_notranslate":false,"robots_max_snippet":"-1","robots_max_videopreview":"-1","robots_max_imagepreview":"large","priority":null,"frequency":"default","local_seo":null,"breadcrumb_settings":null,"limit_modified_date":false,"ai":null,"created":"2024-04-27 13:57:34","updated":"2025-06-04 08:06:51","seo_analyzer_scan_date":null,"focus_keyword":null,"additional_keywords":null,"truseo_locale":null},"aioseo_breadcrumb":"<div class=\"aioseo-breadcrumbs\"><span class=\"aioseo-breadcrumb\">\n\t\t\t<a href=\"https:\/\/observatorioleopoldina.com.br\/home\" title=\"In\u00edcio\">In\u00edcio<\/a>\n\t\t<\/span><span class=\"aioseo-breadcrumb-separator\">\u00bb<\/span><span class=\"aioseo-breadcrumb\">\n\t\t\t<a href=\"https:\/\/observatorioleopoldina.com.br\/home\/category\/leopoldina-sustentavel\/\" title=\"Leopoldina Sustent\u00e1vel\">Leopoldina Sustent\u00e1vel<\/a>\n\t\t<\/span><span class=\"aioseo-breadcrumb-separator\">\u00bb<\/span><span class=\"aioseo-breadcrumb\">\n\t\t\tCades Lapa passa a  atuar com nova composi\u00e7\u00e3o\n\t\t<\/span><\/div>","aioseo_breadcrumb_json":[{"label":"In\u00edcio","link":"https:\/\/observatorioleopoldina.com.br\/home"},{"label":"Leopoldina Sustent\u00e1vel","link":"https:\/\/observatorioleopoldina.com.br\/home\/category\/leopoldina-sustentavel\/"},{"label":"Cades Lapa passa a  atuar com nova composi\u00e7\u00e3o","link":"https:\/\/observatorioleopoldina.com.br\/home\/cades-lapa-passa-a-atuar-com-nova-composicao\/"}],"_links":{"self":[{"href":"https:\/\/observatorioleopoldina.com.br\/home\/wp-json\/wp\/v2\/posts\/1423","targetHints":{"allow":["GET"]}}],"collection":[{"href":"https:\/\/observatorioleopoldina.com.br\/home\/wp-json\/wp\/v2\/posts"}],"about":[{"href":"https:\/\/observatorioleopoldina.com.br\/home\/wp-json\/wp\/v2\/types\/post"}],"author":[{"embeddable":true,"href":"https:\/\/observatorioleopoldina.com.br\/home\/wp-json\/wp\/v2\/users\/3"}],"replies":[{"embeddable":true,"href":"https:\/\/observatorioleopoldina.com.br\/home\/wp-json\/wp\/v2\/comments?post=1423"}],"version-history":[{"count":3,"href":"https:\/\/observatorioleopoldina.com.br\/home\/wp-json\/wp\/v2\/posts\/1423\/revisions"}],"predecessor-version":[{"id":1792,"href":"https:\/\/observatorioleopoldina.com.br\/home\/wp-json\/wp\/v2\/posts\/1423\/revisions\/1792"}],"wp:featuredmedia":[{"embeddable":true,"href":"https:\/\/observatorioleopoldina.com.br\/home\/wp-json\/wp\/v2\/media\/1775"}],"wp:attachment":[{"href":"https:\/\/observatorioleopoldina.com.br\/home\/wp-json\/wp\/v2\/media?parent=1423"}],"wp:term":[{"taxonomy":"category","embeddable":true,"href":"https:\/\/observatorioleopoldina.com.br\/home\/wp-json\/wp\/v2\/categories?post=1423"},{"taxonomy":"post_tag","embeddable":true,"href":"https:\/\/observatorioleopoldina.com.br\/home\/wp-json\/wp\/v2\/tags?post=1423"}],"curies":[{"name":"wp","href":"https:\/\/api.w.org\/{rel}","templated":true}]}}