{"id":1340,"date":"2023-09-10T18:57:00","date_gmt":"2023-09-10T21:57:00","guid":{"rendered":"https:\/\/mundimagem.com\/observatorioleopoldina\/?p=1340"},"modified":"2024-04-25T19:01:22","modified_gmt":"2024-04-25T22:01:22","slug":"felicidade-no-feriado-e-passear-de-fusca","status":"publish","type":"post","link":"https:\/\/observatorioleopoldina.com.br\/home\/felicidade-no-feriado-e-passear-de-fusca\/","title":{"rendered":"Felicidade no feriado \u00e9 passear de Fusca"},"content":{"rendered":"\n<p class=\"wp-block-paragraph\"><\/p>\n\n\n\n<p class=\"wp-block-paragraph\">Nosso vizinho Ademar Botelho Rosa estava no posto calibrando o pneu do Fusca 1986 para dar a voltinha semanal. Chamou a aten\u00e7\u00e3o de todos o Fusca original, brilhantemente polido e pedia nossa aten\u00e7\u00e3o. A mem\u00f3ria afetiva do brasileiro passa por esse carro que \u00e9 s\u00edmbolo de uma gera\u00e7\u00e3o.<\/p>\n\n\n\n<p class=\"wp-block-paragraph\">Ademar conta que mora desde sempre na Leopoldina. O av\u00f4 e a av\u00f3 tinham a casa e terrenos na Rua Campo Grande e foram vendendo para quem chegava e para novos <a><\/a>neg\u00f3cios. Ele encontra os amigos da sua gera\u00e7\u00e3o que tamb\u00e9m tem carros antigos, para alimentar com hist\u00f3rias a vida que n\u00e3o existe mais hoje&#8230; Meio filme Retratos Fantasmas, do cineasta Kleber, Mendon\u00e7a Filho, tamb\u00e9m imperd\u00edvel nesse feriado.<\/p>\n\n\n\n<p class=\"wp-block-paragraph\">No sol radiante da sexta-feira Ademar, sorria e respondia as perguntas com paci\u00eancia e alegria pela dedica\u00e7\u00e3o reconhecida. Ele estava pensando em seguir o roteiro de sempre&#8230;.saindo pela City Lapa em dire\u00e7\u00e3o a Rod. Dos Bandeirantes para dar uma esticadinha no motor, meio clima de Easy Rider.<\/p>\n\n\n\n<p class=\"wp-block-paragraph\">Imagino que na volta para Leopoldina ele v\u00e1 vendo o que existia em uma camada sobreposta a realidade, onde algumas estruturas e edifica\u00e7\u00f5es foram transformadas. A\u00ed o super Fusca tem o poder de transportar no tempo o motorista que conhece seu territ\u00f3rio.<\/p>\n\n\n\n<p class=\"wp-block-paragraph\">Para que .quer ouvir mais da Leopoldina, j\u00e1 combinamos acompanhar um encontro dele com os amigos.<\/p>\n\n\n\n<p class=\"wp-block-paragraph\">Como diria Raul&#8230;&#8221;pluct, plact zoom, pode partir sem problema algum!&#8221;<\/p>\n\n\n\n<figure class=\"wp-block-gallery has-nested-images columns-default is-cropped wp-block-gallery-1 is-layout-flex wp-block-gallery-is-layout-flex\">\n<figure class=\"wp-block-image size-large\"><img decoding=\"async\" width=\"1024\" height=\"1024\" data-id=\"1342\" data-src=\"https:\/\/mundimagem.com\/observatorioleopoldina\/wp-content\/uploads\/2024\/04\/376701869_622075310077492_7201502897307901558_n-1024x1024.jpg\" alt=\"\" class=\"wp-image-1342 lazyload\" data-srcset=\"https:\/\/observatorioleopoldina.com.br\/home\/wp-content\/uploads\/2024\/04\/376701869_622075310077492_7201502897307901558_n-1024x1024.jpg 1024w, https:\/\/observatorioleopoldina.com.br\/home\/wp-content\/uploads\/2024\/04\/376701869_622075310077492_7201502897307901558_n-300x300.jpg 300w, https:\/\/observatorioleopoldina.com.br\/home\/wp-content\/uploads\/2024\/04\/376701869_622075310077492_7201502897307901558_n-150x150.jpg 150w, https:\/\/observatorioleopoldina.com.br\/home\/wp-content\/uploads\/2024\/04\/376701869_622075310077492_7201502897307901558_n-768x768.jpg 768w, https:\/\/observatorioleopoldina.com.br\/home\/wp-content\/uploads\/2024\/04\/376701869_622075310077492_7201502897307901558_n.jpg 1440w\" data-sizes=\"(max-width: 1024px) 100vw, 1024px\" src=\"data:image\/gif;base64,R0lGODlhAQABAAAAACH5BAEKAAEALAAAAAABAAEAAAICTAEAOw==\" style=\"--smush-placeholder-width: 1024px; --smush-placeholder-aspect-ratio: 1024\/1024;\" \/><\/figure>\n\n\n\n<figure class=\"wp-block-image size-large\"><img decoding=\"async\" width=\"1024\" height=\"1024\" data-id=\"1341\" data-src=\"https:\/\/mundimagem.com\/observatorioleopoldina\/wp-content\/uploads\/2024\/04\/376859628_622075313410825_6442048598289977246_n-1024x1024.jpg\" alt=\"\" class=\"wp-image-1341 lazyload\" data-srcset=\"https:\/\/observatorioleopoldina.com.br\/home\/wp-content\/uploads\/2024\/04\/376859628_622075313410825_6442048598289977246_n-1024x1024.jpg 1024w, https:\/\/observatorioleopoldina.com.br\/home\/wp-content\/uploads\/2024\/04\/376859628_622075313410825_6442048598289977246_n-300x300.jpg 300w, https:\/\/observatorioleopoldina.com.br\/home\/wp-content\/uploads\/2024\/04\/376859628_622075313410825_6442048598289977246_n-150x150.jpg 150w, https:\/\/observatorioleopoldina.com.br\/home\/wp-content\/uploads\/2024\/04\/376859628_622075313410825_6442048598289977246_n-768x768.jpg 768w, https:\/\/observatorioleopoldina.com.br\/home\/wp-content\/uploads\/2024\/04\/376859628_622075313410825_6442048598289977246_n.jpg 1440w\" data-sizes=\"(max-width: 1024px) 100vw, 1024px\" src=\"data:image\/gif;base64,R0lGODlhAQABAAAAACH5BAEKAAEALAAAAAABAAEAAAICTAEAOw==\" style=\"--smush-placeholder-width: 1024px; --smush-placeholder-aspect-ratio: 1024\/1024;\" \/><\/figure>\n<\/figure>\n","protected":false},"excerpt":{"rendered":"<p>Nosso vizinho Ademar Botelho Rosa estava no posto calibrando o pneu do Fusca 1986 para<\/p>\n","protected":false},"author":4,"featured_media":1342,"comment_status":"closed","ping_status":"closed","sticky":false,"template":"","format":"standard","meta":{"footnotes":""},"categories":[225,227],"tags":[279,278],"class_list":["post-1340","post","type-post","status-publish","format-standard","has-post-thumbnail","hentry","category-memoria-do-bairro","category-no-bairro","tag-ecobairroafetivo","tag-lazer"],"aioseo_notices":[],"aioseo_head":"\n\t\t<!-- All in One SEO 5.0.1.1 - aioseo.com -->\n\t<meta name=\"description\" content=\"Nosso vizinho Ademar Botelho Rosa estava no posto calibrando o pneu do Fusca 1986 para dar a voltinha semanal. Chamou a aten\u00e7\u00e3o de todos o Fusca original, brilhantemente polido e pedia nossa aten\u00e7\u00e3o. A mem\u00f3ria afetiva do brasileiro passa por esse carro que \u00e9 s\u00edmbolo de uma gera\u00e7\u00e3o. Ademar conta que mora desde sempre na\" \/>\n\t<meta name=\"robots\" content=\"max-image-preview:large\" \/>\n\t<meta name=\"author\" content=\"Alexandra Swerts\"\/>\n\t<link rel=\"canonical\" href=\"https:\/\/observatorioleopoldina.com.br\/home\/felicidade-no-feriado-e-passear-de-fusca\/\" \/>\n\t<meta name=\"generator\" content=\"All in One SEO (AIOSEO) 5.0.1.1\" \/>\n\t\t<meta property=\"og:locale\" content=\"pt_BR\" \/>\n\t\t<meta property=\"og:site_name\" content=\"Observat\u00f3rio Leopoldina - Espa\u00e7o virtual colaborativo focado no desenvolvimento socioecon\u00f4mico sustent\u00e1vel de um Distrito em plena transforma\u00e7\u00e3o: a Vila Leopoldina.\" \/>\n\t\t<meta property=\"og:type\" content=\"article\" \/>\n\t\t<meta property=\"og:title\" content=\"Felicidade no feriado \u00e9 passear de Fusca - Observat\u00f3rio Leopoldina\" \/>\n\t\t<meta property=\"og:description\" content=\"Nosso vizinho Ademar Botelho Rosa estava no posto calibrando o pneu do Fusca 1986 para dar a voltinha semanal. Chamou a aten\u00e7\u00e3o de todos o Fusca original, brilhantemente polido e pedia nossa aten\u00e7\u00e3o. A mem\u00f3ria afetiva do brasileiro passa por esse carro que \u00e9 s\u00edmbolo de uma gera\u00e7\u00e3o. Ademar conta que mora desde sempre na\" \/>\n\t\t<meta property=\"og:url\" content=\"https:\/\/observatorioleopoldina.com.br\/home\/felicidade-no-feriado-e-passear-de-fusca\/\" \/>\n\t\t<meta property=\"og:image\" content=\"https:\/\/observatorioleopoldina.com.br\/home\/wp-content\/uploads\/2024\/04\/376701869_622075310077492_7201502897307901558_n.jpg\" \/>\n\t\t<meta property=\"og:image:secure_url\" content=\"https:\/\/observatorioleopoldina.com.br\/home\/wp-content\/uploads\/2024\/04\/376701869_622075310077492_7201502897307901558_n.jpg\" \/>\n\t\t<meta property=\"og:image:width\" content=\"1440\" \/>\n\t\t<meta property=\"og:image:height\" content=\"1440\" \/>\n\t\t<meta property=\"article:published_time\" content=\"2023-09-10T21:57:00+00:00\" \/>\n\t\t<meta property=\"article:modified_time\" content=\"2024-04-25T22:01:22+00:00\" \/>\n\t\t<meta name=\"twitter:card\" content=\"summary_large_image\" \/>\n\t\t<meta name=\"twitter:title\" content=\"Felicidade no feriado \u00e9 passear de Fusca - Observat\u00f3rio Leopoldina\" \/>\n\t\t<meta name=\"twitter:description\" content=\"Nosso vizinho Ademar Botelho Rosa estava no posto calibrando o pneu do Fusca 1986 para dar a voltinha semanal. Chamou a aten\u00e7\u00e3o de todos o Fusca original, brilhantemente polido e pedia nossa aten\u00e7\u00e3o. A mem\u00f3ria afetiva do brasileiro passa por esse carro que \u00e9 s\u00edmbolo de uma gera\u00e7\u00e3o. Ademar conta que mora desde sempre na\" \/>\n\t\t<meta name=\"twitter:image\" content=\"https:\/\/observatorioleopoldina.com.br\/home\/wp-content\/uploads\/2024\/04\/376701869_622075310077492_7201502897307901558_n.jpg\" \/>\n\t\t<script type=\"application\/ld+json\" class=\"aioseo-schema\">\n\t\t\t{\"@context\":\"https:\\\/\\\/schema.org\",\"@graph\":[{\"@type\":\"BlogPosting\",\"@id\":\"https:\\\/\\\/observatorioleopoldina.com.br\\\/home\\\/felicidade-no-feriado-e-passear-de-fusca\\\/#blogposting\",\"name\":\"Felicidade no feriado \\u00e9 passear de Fusca - Observat\\u00f3rio Leopoldina\",\"headline\":\"Felicidade no feriado \\u00e9 passear de Fusca\",\"author\":{\"@id\":\"https:\\\/\\\/observatorioleopoldina.com.br\\\/home\\\/author\\\/ale\\\/#author\"},\"publisher\":{\"@id\":\"https:\\\/\\\/observatorioleopoldina.com.br\\\/home\\\/#organization\"},\"image\":{\"@type\":\"ImageObject\",\"url\":\"https:\\\/\\\/observatorioleopoldina.com.br\\\/home\\\/wp-content\\\/uploads\\\/2024\\\/04\\\/376701869_622075310077492_7201502897307901558_n.jpg\",\"width\":1440,\"height\":1440},\"datePublished\":\"2023-09-10T18:57:00-03:00\",\"dateModified\":\"2024-04-25T19:01:22-03:00\",\"inLanguage\":\"pt-BR\",\"mainEntityOfPage\":{\"@id\":\"https:\\\/\\\/observatorioleopoldina.com.br\\\/home\\\/felicidade-no-feriado-e-passear-de-fusca\\\/#webpage\"},\"isPartOf\":{\"@id\":\"https:\\\/\\\/observatorioleopoldina.com.br\\\/home\\\/felicidade-no-feriado-e-passear-de-fusca\\\/#webpage\"},\"articleSection\":\"Mem\\u00f3ria do Bairro, No Bairro, ecobairroafetivo, lazer\"},{\"@type\":\"BreadcrumbList\",\"@id\":\"https:\\\/\\\/observatorioleopoldina.com.br\\\/home\\\/felicidade-no-feriado-e-passear-de-fusca\\\/#breadcrumblist\",\"itemListElement\":[{\"@type\":\"ListItem\",\"@id\":\"https:\\\/\\\/observatorioleopoldina.com.br\\\/home#listItem\",\"position\":1,\"name\":\"In\\u00edcio\",\"item\":\"https:\\\/\\\/observatorioleopoldina.com.br\\\/home\",\"nextItem\":{\"@type\":\"ListItem\",\"@id\":\"https:\\\/\\\/observatorioleopoldina.com.br\\\/home\\\/category\\\/memoria-do-bairro\\\/#listItem\",\"name\":\"Mem\\u00f3ria do Bairro\"}},{\"@type\":\"ListItem\",\"@id\":\"https:\\\/\\\/observatorioleopoldina.com.br\\\/home\\\/category\\\/memoria-do-bairro\\\/#listItem\",\"position\":2,\"name\":\"Mem\\u00f3ria do Bairro\",\"item\":\"https:\\\/\\\/observatorioleopoldina.com.br\\\/home\\\/category\\\/memoria-do-bairro\\\/\",\"nextItem\":{\"@type\":\"ListItem\",\"@id\":\"https:\\\/\\\/observatorioleopoldina.com.br\\\/home\\\/felicidade-no-feriado-e-passear-de-fusca\\\/#listItem\",\"name\":\"Felicidade no feriado \\u00e9 passear de Fusca\"},\"previousItem\":{\"@type\":\"ListItem\",\"@id\":\"https:\\\/\\\/observatorioleopoldina.com.br\\\/home#listItem\",\"name\":\"In\\u00edcio\"}},{\"@type\":\"ListItem\",\"@id\":\"https:\\\/\\\/observatorioleopoldina.com.br\\\/home\\\/felicidade-no-feriado-e-passear-de-fusca\\\/#listItem\",\"position\":3,\"name\":\"Felicidade no feriado \\u00e9 passear de Fusca\",\"previousItem\":{\"@type\":\"ListItem\",\"@id\":\"https:\\\/\\\/observatorioleopoldina.com.br\\\/home\\\/category\\\/memoria-do-bairro\\\/#listItem\",\"name\":\"Mem\\u00f3ria do Bairro\"}}]},{\"@type\":\"Organization\",\"@id\":\"https:\\\/\\\/observatorioleopoldina.com.br\\\/home\\\/#organization\",\"name\":\"Observat\\u00f3rio Leopoldina\",\"description\":\"Espa\\u00e7o virtual colaborativo focado no desenvolvimento socioecon\\u00f4mico sustent\\u00e1vel de um Distrito em plena transforma\\u00e7\\u00e3o: a Vila Leopoldina.\",\"url\":\"https:\\\/\\\/observatorioleopoldina.com.br\\\/home\\\/\",\"logo\":{\"@type\":\"ImageObject\",\"url\":\"https:\\\/\\\/observatorioleopoldina.com.br\\\/home\\\/wp-content\\\/uploads\\\/2024\\\/02\\\/2022-06-08-removebg-preview.png\",\"@id\":\"https:\\\/\\\/observatorioleopoldina.com.br\\\/home\\\/felicidade-no-feriado-e-passear-de-fusca\\\/#organizationLogo\",\"width\":680,\"height\":247},\"image\":{\"@id\":\"https:\\\/\\\/observatorioleopoldina.com.br\\\/home\\\/felicidade-no-feriado-e-passear-de-fusca\\\/#organizationLogo\"}},{\"@type\":\"Person\",\"@id\":\"https:\\\/\\\/observatorioleopoldina.com.br\\\/home\\\/author\\\/ale\\\/#author\",\"url\":\"https:\\\/\\\/observatorioleopoldina.com.br\\\/home\\\/author\\\/ale\\\/\",\"name\":\"Alexandra Swerts\"},{\"@type\":\"WebPage\",\"@id\":\"https:\\\/\\\/observatorioleopoldina.com.br\\\/home\\\/felicidade-no-feriado-e-passear-de-fusca\\\/#webpage\",\"url\":\"https:\\\/\\\/observatorioleopoldina.com.br\\\/home\\\/felicidade-no-feriado-e-passear-de-fusca\\\/\",\"name\":\"Felicidade no feriado \\u00e9 passear de Fusca - Observat\\u00f3rio Leopoldina\",\"description\":\"Nosso vizinho Ademar Botelho Rosa estava no posto calibrando o pneu do Fusca 1986 para dar a voltinha semanal. Chamou a aten\\u00e7\\u00e3o de todos o Fusca original, brilhantemente polido e pedia nossa aten\\u00e7\\u00e3o. A mem\\u00f3ria afetiva do brasileiro passa por esse carro que \\u00e9 s\\u00edmbolo de uma gera\\u00e7\\u00e3o. Ademar conta que mora desde sempre na\",\"inLanguage\":\"pt-BR\",\"isPartOf\":{\"@id\":\"https:\\\/\\\/observatorioleopoldina.com.br\\\/home\\\/#website\"},\"breadcrumb\":{\"@id\":\"https:\\\/\\\/observatorioleopoldina.com.br\\\/home\\\/felicidade-no-feriado-e-passear-de-fusca\\\/#breadcrumblist\"},\"author\":{\"@id\":\"https:\\\/\\\/observatorioleopoldina.com.br\\\/home\\\/author\\\/ale\\\/#author\"},\"creator\":{\"@id\":\"https:\\\/\\\/observatorioleopoldina.com.br\\\/home\\\/author\\\/ale\\\/#author\"},\"image\":{\"@type\":\"ImageObject\",\"url\":\"https:\\\/\\\/observatorioleopoldina.com.br\\\/home\\\/wp-content\\\/uploads\\\/2024\\\/04\\\/376701869_622075310077492_7201502897307901558_n.jpg\",\"@id\":\"https:\\\/\\\/observatorioleopoldina.com.br\\\/home\\\/felicidade-no-feriado-e-passear-de-fusca\\\/#mainImage\",\"width\":1440,\"height\":1440},\"primaryImageOfPage\":{\"@id\":\"https:\\\/\\\/observatorioleopoldina.com.br\\\/home\\\/felicidade-no-feriado-e-passear-de-fusca\\\/#mainImage\"},\"datePublished\":\"2023-09-10T18:57:00-03:00\",\"dateModified\":\"2024-04-25T19:01:22-03:00\"},{\"@type\":\"WebSite\",\"@id\":\"https:\\\/\\\/observatorioleopoldina.com.br\\\/home\\\/#website\",\"url\":\"https:\\\/\\\/observatorioleopoldina.com.br\\\/home\\\/\",\"name\":\"Observat\\u00f3rio Leopoldina\",\"description\":\"Espa\\u00e7o virtual colaborativo focado no desenvolvimento socioecon\\u00f4mico sustent\\u00e1vel de um Distrito em plena transforma\\u00e7\\u00e3o: a Vila Leopoldina.\",\"inLanguage\":\"pt-BR\",\"publisher\":{\"@id\":\"https:\\\/\\\/observatorioleopoldina.com.br\\\/home\\\/#organization\"}}]}\n\t\t<\/script>\n\t\t<!-- All in One SEO -->\n\n","aioseo_head_json":{"title":"Felicidade no feriado \u00e9 passear de Fusca - Observat\u00f3rio Leopoldina","description":"Nosso vizinho Ademar Botelho Rosa estava no posto calibrando o pneu do Fusca 1986 para dar a voltinha semanal. Chamou a aten\u00e7\u00e3o de todos o Fusca original, brilhantemente polido e pedia nossa aten\u00e7\u00e3o. A mem\u00f3ria afetiva do brasileiro passa por esse carro que \u00e9 s\u00edmbolo de uma gera\u00e7\u00e3o. Ademar conta que mora desde sempre na","canonical_url":"https:\/\/observatorioleopoldina.com.br\/home\/felicidade-no-feriado-e-passear-de-fusca\/","robots":"max-image-preview:large","keywords":"","webmasterTools":{"miscellaneous":""},"schema":{"@context":"https:\/\/schema.org","@graph":[{"@type":"BlogPosting","@id":"https:\/\/observatorioleopoldina.com.br\/home\/felicidade-no-feriado-e-passear-de-fusca\/#blogposting","name":"Felicidade no feriado \u00e9 passear de Fusca - Observat\u00f3rio Leopoldina","headline":"Felicidade no feriado \u00e9 passear de Fusca","author":{"@id":"https:\/\/observatorioleopoldina.com.br\/home\/author\/ale\/#author"},"publisher":{"@id":"https:\/\/observatorioleopoldina.com.br\/home\/#organization"},"image":{"@type":"ImageObject","url":"https:\/\/observatorioleopoldina.com.br\/home\/wp-content\/uploads\/2024\/04\/376701869_622075310077492_7201502897307901558_n.jpg","width":1440,"height":1440},"datePublished":"2023-09-10T18:57:00-03:00","dateModified":"2024-04-25T19:01:22-03:00","inLanguage":"pt-BR","mainEntityOfPage":{"@id":"https:\/\/observatorioleopoldina.com.br\/home\/felicidade-no-feriado-e-passear-de-fusca\/#webpage"},"isPartOf":{"@id":"https:\/\/observatorioleopoldina.com.br\/home\/felicidade-no-feriado-e-passear-de-fusca\/#webpage"},"articleSection":"Mem\u00f3ria do Bairro, No Bairro, ecobairroafetivo, lazer"},{"@type":"BreadcrumbList","@id":"https:\/\/observatorioleopoldina.com.br\/home\/felicidade-no-feriado-e-passear-de-fusca\/#breadcrumblist","itemListElement":[{"@type":"ListItem","@id":"https:\/\/observatorioleopoldina.com.br\/home#listItem","position":1,"name":"In\u00edcio","item":"https:\/\/observatorioleopoldina.com.br\/home","nextItem":{"@type":"ListItem","@id":"https:\/\/observatorioleopoldina.com.br\/home\/category\/memoria-do-bairro\/#listItem","name":"Mem\u00f3ria do Bairro"}},{"@type":"ListItem","@id":"https:\/\/observatorioleopoldina.com.br\/home\/category\/memoria-do-bairro\/#listItem","position":2,"name":"Mem\u00f3ria do Bairro","item":"https:\/\/observatorioleopoldina.com.br\/home\/category\/memoria-do-bairro\/","nextItem":{"@type":"ListItem","@id":"https:\/\/observatorioleopoldina.com.br\/home\/felicidade-no-feriado-e-passear-de-fusca\/#listItem","name":"Felicidade no feriado \u00e9 passear de Fusca"},"previousItem":{"@type":"ListItem","@id":"https:\/\/observatorioleopoldina.com.br\/home#listItem","name":"In\u00edcio"}},{"@type":"ListItem","@id":"https:\/\/observatorioleopoldina.com.br\/home\/felicidade-no-feriado-e-passear-de-fusca\/#listItem","position":3,"name":"Felicidade no feriado \u00e9 passear de Fusca","previousItem":{"@type":"ListItem","@id":"https:\/\/observatorioleopoldina.com.br\/home\/category\/memoria-do-bairro\/#listItem","name":"Mem\u00f3ria do Bairro"}}]},{"@type":"Organization","@id":"https:\/\/observatorioleopoldina.com.br\/home\/#organization","name":"Observat\u00f3rio Leopoldina","description":"Espa\u00e7o virtual colaborativo focado no desenvolvimento socioecon\u00f4mico sustent\u00e1vel de um Distrito em plena transforma\u00e7\u00e3o: a Vila Leopoldina.","url":"https:\/\/observatorioleopoldina.com.br\/home\/","logo":{"@type":"ImageObject","url":"https:\/\/observatorioleopoldina.com.br\/home\/wp-content\/uploads\/2024\/02\/2022-06-08-removebg-preview.png","@id":"https:\/\/observatorioleopoldina.com.br\/home\/felicidade-no-feriado-e-passear-de-fusca\/#organizationLogo","width":680,"height":247},"image":{"@id":"https:\/\/observatorioleopoldina.com.br\/home\/felicidade-no-feriado-e-passear-de-fusca\/#organizationLogo"}},{"@type":"Person","@id":"https:\/\/observatorioleopoldina.com.br\/home\/author\/ale\/#author","url":"https:\/\/observatorioleopoldina.com.br\/home\/author\/ale\/","name":"Alexandra Swerts"},{"@type":"WebPage","@id":"https:\/\/observatorioleopoldina.com.br\/home\/felicidade-no-feriado-e-passear-de-fusca\/#webpage","url":"https:\/\/observatorioleopoldina.com.br\/home\/felicidade-no-feriado-e-passear-de-fusca\/","name":"Felicidade no feriado \u00e9 passear de Fusca - Observat\u00f3rio Leopoldina","description":"Nosso vizinho Ademar Botelho Rosa estava no posto calibrando o pneu do Fusca 1986 para dar a voltinha semanal. Chamou a aten\u00e7\u00e3o de todos o Fusca original, brilhantemente polido e pedia nossa aten\u00e7\u00e3o. A mem\u00f3ria afetiva do brasileiro passa por esse carro que \u00e9 s\u00edmbolo de uma gera\u00e7\u00e3o. Ademar conta que mora desde sempre na","inLanguage":"pt-BR","isPartOf":{"@id":"https:\/\/observatorioleopoldina.com.br\/home\/#website"},"breadcrumb":{"@id":"https:\/\/observatorioleopoldina.com.br\/home\/felicidade-no-feriado-e-passear-de-fusca\/#breadcrumblist"},"author":{"@id":"https:\/\/observatorioleopoldina.com.br\/home\/author\/ale\/#author"},"creator":{"@id":"https:\/\/observatorioleopoldina.com.br\/home\/author\/ale\/#author"},"image":{"@type":"ImageObject","url":"https:\/\/observatorioleopoldina.com.br\/home\/wp-content\/uploads\/2024\/04\/376701869_622075310077492_7201502897307901558_n.jpg","@id":"https:\/\/observatorioleopoldina.com.br\/home\/felicidade-no-feriado-e-passear-de-fusca\/#mainImage","width":1440,"height":1440},"primaryImageOfPage":{"@id":"https:\/\/observatorioleopoldina.com.br\/home\/felicidade-no-feriado-e-passear-de-fusca\/#mainImage"},"datePublished":"2023-09-10T18:57:00-03:00","dateModified":"2024-04-25T19:01:22-03:00"},{"@type":"WebSite","@id":"https:\/\/observatorioleopoldina.com.br\/home\/#website","url":"https:\/\/observatorioleopoldina.com.br\/home\/","name":"Observat\u00f3rio Leopoldina","description":"Espa\u00e7o virtual colaborativo focado no desenvolvimento socioecon\u00f4mico sustent\u00e1vel de um Distrito em plena transforma\u00e7\u00e3o: a Vila Leopoldina.","inLanguage":"pt-BR","publisher":{"@id":"https:\/\/observatorioleopoldina.com.br\/home\/#organization"}}]},"og:locale":"pt_BR","og:site_name":"Observat\u00f3rio Leopoldina - Espa\u00e7o virtual colaborativo focado no desenvolvimento socioecon\u00f4mico sustent\u00e1vel de um Distrito em plena transforma\u00e7\u00e3o: a Vila Leopoldina.","og:type":"article","og:title":"Felicidade no feriado \u00e9 passear de Fusca - Observat\u00f3rio Leopoldina","og:description":"Nosso vizinho Ademar Botelho Rosa estava no posto calibrando o pneu do Fusca 1986 para dar a voltinha semanal. Chamou a aten\u00e7\u00e3o de todos o Fusca original, brilhantemente polido e pedia nossa aten\u00e7\u00e3o. A mem\u00f3ria afetiva do brasileiro passa por esse carro que \u00e9 s\u00edmbolo de uma gera\u00e7\u00e3o. Ademar conta que mora desde sempre na","og:url":"https:\/\/observatorioleopoldina.com.br\/home\/felicidade-no-feriado-e-passear-de-fusca\/","og:image":"https:\/\/observatorioleopoldina.com.br\/home\/wp-content\/uploads\/2024\/04\/376701869_622075310077492_7201502897307901558_n.jpg","og:image:secure_url":"https:\/\/observatorioleopoldina.com.br\/home\/wp-content\/uploads\/2024\/04\/376701869_622075310077492_7201502897307901558_n.jpg","og:image:width":1440,"og:image:height":1440,"article:published_time":"2023-09-10T21:57:00+00:00","article:modified_time":"2024-04-25T22:01:22+00:00","twitter:card":"summary_large_image","twitter:title":"Felicidade no feriado \u00e9 passear de Fusca - Observat\u00f3rio Leopoldina","twitter:description":"Nosso vizinho Ademar Botelho Rosa estava no posto calibrando o pneu do Fusca 1986 para dar a voltinha semanal. Chamou a aten\u00e7\u00e3o de todos o Fusca original, brilhantemente polido e pedia nossa aten\u00e7\u00e3o. A mem\u00f3ria afetiva do brasileiro passa por esse carro que \u00e9 s\u00edmbolo de uma gera\u00e7\u00e3o. Ademar conta que mora desde sempre na","twitter:image":"https:\/\/observatorioleopoldina.com.br\/home\/wp-content\/uploads\/2024\/04\/376701869_622075310077492_7201502897307901558_n.jpg"},"aioseo_meta_data":{"post_id":"1340","title":null,"description":null,"keywords":null,"keyphrases":null,"primary_term":null,"canonical_url":null,"og_title":null,"og_description":null,"og_object_type":"default","og_image_type":"default","og_image_url":null,"og_image_width":null,"og_image_height":null,"og_image_custom_url":null,"og_image_custom_fields":null,"og_video":null,"og_custom_url":null,"og_article_section":null,"og_article_tags":null,"twitter_use_og":false,"twitter_card":"default","twitter_image_type":"default","twitter_image_url":null,"twitter_image_custom_url":null,"twitter_image_custom_fields":null,"twitter_title":null,"twitter_description":null,"schema":{"blockGraphs":[],"customGraphs":[],"default":{"data":{"Article":[],"Course":[],"Dataset":[],"FAQPage":[],"Movie":[],"Person":[],"Product":[],"ProductReview":[],"Car":[],"Recipe":[],"Service":[],"SoftwareApplication":[],"WebPage":[]},"graphName":"","isEnabled":true},"graphs":[]},"schema_type":"default","schema_type_options":null,"pillar_content":false,"robots_default":true,"robots_noindex":false,"robots_noarchive":false,"robots_nosnippet":false,"robots_nofollow":false,"robots_noimageindex":false,"robots_noodp":false,"robots_notranslate":false,"robots_max_snippet":null,"robots_max_videopreview":null,"robots_max_imagepreview":"large","priority":null,"frequency":null,"local_seo":null,"breadcrumb_settings":null,"limit_modified_date":false,"ai":null,"created":"2024-04-26 20:42:12","updated":"2025-06-04 06:25:12","seo_analyzer_scan_date":null,"focus_keyword":null,"additional_keywords":null,"truseo_locale":null},"aioseo_breadcrumb":"<div class=\"aioseo-breadcrumbs\"><span class=\"aioseo-breadcrumb\">\n\t\t\t<a href=\"https:\/\/observatorioleopoldina.com.br\/home\" title=\"In\u00edcio\">In\u00edcio<\/a>\n\t\t<\/span><span class=\"aioseo-breadcrumb-separator\">\u00bb<\/span><span class=\"aioseo-breadcrumb\">\n\t\t\t<a href=\"https:\/\/observatorioleopoldina.com.br\/home\/category\/memoria-do-bairro\/\" title=\"Mem\u00f3ria do Bairro\">Mem\u00f3ria do Bairro<\/a>\n\t\t<\/span><span class=\"aioseo-breadcrumb-separator\">\u00bb<\/span><span class=\"aioseo-breadcrumb\">\n\t\t\tFelicidade no feriado \u00e9 passear de Fusca\n\t\t<\/span><\/div>","aioseo_breadcrumb_json":[{"label":"In\u00edcio","link":"https:\/\/observatorioleopoldina.com.br\/home"},{"label":"Mem\u00f3ria do Bairro","link":"https:\/\/observatorioleopoldina.com.br\/home\/category\/memoria-do-bairro\/"},{"label":"Felicidade no feriado \u00e9 passear de Fusca","link":"https:\/\/observatorioleopoldina.com.br\/home\/felicidade-no-feriado-e-passear-de-fusca\/"}],"_links":{"self":[{"href":"https:\/\/observatorioleopoldina.com.br\/home\/wp-json\/wp\/v2\/posts\/1340","targetHints":{"allow":["GET"]}}],"collection":[{"href":"https:\/\/observatorioleopoldina.com.br\/home\/wp-json\/wp\/v2\/posts"}],"about":[{"href":"https:\/\/observatorioleopoldina.com.br\/home\/wp-json\/wp\/v2\/types\/post"}],"author":[{"embeddable":true,"href":"https:\/\/observatorioleopoldina.com.br\/home\/wp-json\/wp\/v2\/users\/4"}],"replies":[{"embeddable":true,"href":"https:\/\/observatorioleopoldina.com.br\/home\/wp-json\/wp\/v2\/comments?post=1340"}],"version-history":[{"count":2,"href":"https:\/\/observatorioleopoldina.com.br\/home\/wp-json\/wp\/v2\/posts\/1340\/revisions"}],"predecessor-version":[{"id":1344,"href":"https:\/\/observatorioleopoldina.com.br\/home\/wp-json\/wp\/v2\/posts\/1340\/revisions\/1344"}],"wp:featuredmedia":[{"embeddable":true,"href":"https:\/\/observatorioleopoldina.com.br\/home\/wp-json\/wp\/v2\/media\/1342"}],"wp:attachment":[{"href":"https:\/\/observatorioleopoldina.com.br\/home\/wp-json\/wp\/v2\/media?parent=1340"}],"wp:term":[{"taxonomy":"category","embeddable":true,"href":"https:\/\/observatorioleopoldina.com.br\/home\/wp-json\/wp\/v2\/categories?post=1340"},{"taxonomy":"post_tag","embeddable":true,"href":"https:\/\/observatorioleopoldina.com.br\/home\/wp-json\/wp\/v2\/tags?post=1340"}],"curies":[{"name":"wp","href":"https:\/\/api.w.org\/{rel}","templated":true}]}}