{"id":1289,"date":"2024-03-03T09:20:21","date_gmt":"2024-03-03T12:20:21","guid":{"rendered":"https:\/\/mundimagem.com\/observatorioleopoldina\/?p=1289"},"modified":"2024-04-25T09:22:15","modified_gmt":"2024-04-25T12:22:15","slug":"8m-da-leopoldina-e-de-todas-e-quem-mais-chegar","status":"publish","type":"post","link":"https:\/\/observatorioleopoldina.com.br\/home\/8m-da-leopoldina-e-de-todas-e-quem-mais-chegar\/","title":{"rendered":"8M da Leopoldina \u00e9 de todas e quem mais chegar"},"content":{"rendered":"\n<p class=\"wp-block-paragraph\"><\/p>\n\n\n\n<p class=\"wp-block-paragraph\">A causa da Mulher tem uma agenda extensa e avan\u00e7a devagar. Com refluxos simb\u00f3licos que retiram direitos, espa\u00e7o e a for\u00e7a da mulher.<\/p>\n\n\n\n<p class=\"wp-block-paragraph\">Aumento da viol\u00eancia \u00e9 um dos sinais de que n\u00e3o se avan\u00e7a sem que todos queiram uma mudan\u00e7a significativa na sociedade.<\/p>\n\n\n\n<p class=\"wp-block-paragraph\">O encontro de mulheres, as rodas, as trocas s\u00e3o espa\u00e7os de fortalecimento e cuidado. \u00c9 espa\u00e7o de di\u00e1logo sobre o mundo que queremos viver para gestar algo novo e com equil\u00edbrio.<\/p>\n\n\n\n<p class=\"wp-block-paragraph\">Aqui na Leopoldina, notadamente um bairro onde as mulheres se destacam, tamb\u00e9m deve ter seu espa\u00e7o de di\u00e1logo sobre o enfrentamento \u00e0 viol\u00eancia e a constru\u00e7\u00e3o de uma comunidade protetora das mulheres.<\/p>\n\n\n\n<p class=\"wp-block-paragraph\">O 3\u00b0 encontro do&nbsp;<a href=\"https:\/\/www.instagram.com\/explore\/tags\/8m\/\">#8M<\/a>Leopoldina traz o Bordado e as Flores como tema para fazer esse enfrentamento com o ativismo do cuidado e do acolhimento. Um caf\u00e9 comunit\u00e1rio. Traga algo para compartilhar e a sua cabe\u00e7a. E uma roda de auto cuidado.<\/p>\n\n\n\n<p class=\"wp-block-paragraph\">Participe! Convide seu parceiro, sua parceira, vizinha, amiga, quem estiver dispon\u00edvel. E vamos compartilhar tambem as experi\u00eancias.<\/p>\n\n\n\n<p class=\"wp-block-paragraph\">A gente se encontra no&nbsp;<a href=\"https:\/\/www.instagram.com\/explore\/tags\/8m\/\">#8M<\/a>, na Leopoldina.<\/p>\n\n\n\n\n\n<figure class=\"wp-block-image size-large\"><img decoding=\"async\" width=\"576\" height=\"1024\" data-src=\"https:\/\/mundimagem.com\/observatorioleopoldina\/wp-content\/uploads\/2024\/04\/1-576x1024.png\" alt=\"\" class=\"wp-image-1291 lazyload\" data-srcset=\"https:\/\/observatorioleopoldina.com.br\/home\/wp-content\/uploads\/2024\/04\/1-576x1024.png 576w, https:\/\/observatorioleopoldina.com.br\/home\/wp-content\/uploads\/2024\/04\/1-169x300.png 169w, https:\/\/observatorioleopoldina.com.br\/home\/wp-content\/uploads\/2024\/04\/1-768x1365.png 768w, https:\/\/observatorioleopoldina.com.br\/home\/wp-content\/uploads\/2024\/04\/1-864x1536.png 864w, https:\/\/observatorioleopoldina.com.br\/home\/wp-content\/uploads\/2024\/04\/1.png 1080w\" data-sizes=\"(max-width: 576px) 100vw, 576px\" src=\"data:image\/gif;base64,R0lGODlhAQABAAAAACH5BAEKAAEALAAAAAABAAEAAAICTAEAOw==\" style=\"--smush-placeholder-width: 576px; --smush-placeholder-aspect-ratio: 576\/1024;\" \/><\/figure>\n","protected":false},"excerpt":{"rendered":"<p>A causa da Mulher tem uma agenda extensa e avan\u00e7a devagar. Com refluxos simb\u00f3licos que<\/p>\n","protected":false},"author":4,"featured_media":1291,"comment_status":"closed","ping_status":"closed","sticky":false,"template":"","format":"standard","meta":{"footnotes":""},"categories":[1],"tags":[],"class_list":["post-1289","post","type-post","status-publish","format-standard","has-post-thumbnail","hentry","category-arredores-2"],"aioseo_notices":[],"aioseo_head":"\n\t\t<!-- All in One SEO 5.0.1.1 - aioseo.com -->\n\t<meta name=\"description\" content=\"A causa da Mulher tem uma agenda extensa e avan\u00e7a devagar. Com refluxos simb\u00f3licos que retiram direitos, espa\u00e7o e a for\u00e7a da mulher. Aumento da viol\u00eancia \u00e9 um dos sinais de que n\u00e3o se avan\u00e7a sem que todos queiram uma mudan\u00e7a significativa na sociedade. O encontro de mulheres, as rodas, as trocas s\u00e3o espa\u00e7os de\" \/>\n\t<meta name=\"robots\" content=\"max-image-preview:large\" \/>\n\t<meta name=\"author\" content=\"Alexandra Swerts\"\/>\n\t<link rel=\"canonical\" href=\"https:\/\/observatorioleopoldina.com.br\/home\/8m-da-leopoldina-e-de-todas-e-quem-mais-chegar\/\" \/>\n\t<meta name=\"generator\" content=\"All in One SEO (AIOSEO) 5.0.1.1\" \/>\n\t\t<meta property=\"og:locale\" content=\"pt_BR\" \/>\n\t\t<meta property=\"og:site_name\" content=\"Observat\u00f3rio Leopoldina - Espa\u00e7o virtual colaborativo focado no desenvolvimento socioecon\u00f4mico sustent\u00e1vel de um Distrito em plena transforma\u00e7\u00e3o: a Vila Leopoldina.\" \/>\n\t\t<meta property=\"og:type\" content=\"article\" \/>\n\t\t<meta property=\"og:title\" content=\"8M da Leopoldina \u00e9 de todas e quem mais chegar - Observat\u00f3rio Leopoldina\" \/>\n\t\t<meta property=\"og:description\" content=\"A causa da Mulher tem uma agenda extensa e avan\u00e7a devagar. Com refluxos simb\u00f3licos que retiram direitos, espa\u00e7o e a for\u00e7a da mulher. Aumento da viol\u00eancia \u00e9 um dos sinais de que n\u00e3o se avan\u00e7a sem que todos queiram uma mudan\u00e7a significativa na sociedade. O encontro de mulheres, as rodas, as trocas s\u00e3o espa\u00e7os de\" \/>\n\t\t<meta property=\"og:url\" content=\"https:\/\/observatorioleopoldina.com.br\/home\/8m-da-leopoldina-e-de-todas-e-quem-mais-chegar\/\" \/>\n\t\t<meta property=\"og:image\" content=\"https:\/\/observatorioleopoldina.com.br\/home\/wp-content\/uploads\/2024\/04\/1.png\" \/>\n\t\t<meta property=\"og:image:secure_url\" content=\"https:\/\/observatorioleopoldina.com.br\/home\/wp-content\/uploads\/2024\/04\/1.png\" \/>\n\t\t<meta property=\"og:image:width\" content=\"1080\" \/>\n\t\t<meta property=\"og:image:height\" content=\"1920\" \/>\n\t\t<meta property=\"article:published_time\" content=\"2024-03-03T12:20:21+00:00\" \/>\n\t\t<meta property=\"article:modified_time\" content=\"2024-04-25T12:22:15+00:00\" \/>\n\t\t<meta name=\"twitter:card\" content=\"summary_large_image\" \/>\n\t\t<meta name=\"twitter:title\" content=\"8M da Leopoldina \u00e9 de todas e quem mais chegar - Observat\u00f3rio Leopoldina\" \/>\n\t\t<meta name=\"twitter:description\" content=\"A causa da Mulher tem uma agenda extensa e avan\u00e7a devagar. Com refluxos simb\u00f3licos que retiram direitos, espa\u00e7o e a for\u00e7a da mulher. Aumento da viol\u00eancia \u00e9 um dos sinais de que n\u00e3o se avan\u00e7a sem que todos queiram uma mudan\u00e7a significativa na sociedade. O encontro de mulheres, as rodas, as trocas s\u00e3o espa\u00e7os de\" \/>\n\t\t<meta name=\"twitter:image\" content=\"https:\/\/observatorioleopoldina.com.br\/home\/wp-content\/uploads\/2024\/04\/1.png\" \/>\n\t\t<script type=\"application\/ld+json\" class=\"aioseo-schema\">\n\t\t\t{\"@context\":\"https:\\\/\\\/schema.org\",\"@graph\":[{\"@type\":\"BlogPosting\",\"@id\":\"https:\\\/\\\/observatorioleopoldina.com.br\\\/home\\\/8m-da-leopoldina-e-de-todas-e-quem-mais-chegar\\\/#blogposting\",\"name\":\"8M da Leopoldina \\u00e9 de todas e quem mais chegar - Observat\\u00f3rio Leopoldina\",\"headline\":\"8M da Leopoldina \\u00e9 de todas e quem mais chegar\",\"author\":{\"@id\":\"https:\\\/\\\/observatorioleopoldina.com.br\\\/home\\\/author\\\/ale\\\/#author\"},\"publisher\":{\"@id\":\"https:\\\/\\\/observatorioleopoldina.com.br\\\/home\\\/#organization\"},\"image\":{\"@type\":\"ImageObject\",\"url\":\"https:\\\/\\\/observatorioleopoldina.com.br\\\/home\\\/wp-content\\\/uploads\\\/2024\\\/04\\\/1.png\",\"width\":1080,\"height\":1920},\"datePublished\":\"2024-03-03T09:20:21-03:00\",\"dateModified\":\"2024-04-25T09:22:15-03:00\",\"inLanguage\":\"pt-BR\",\"mainEntityOfPage\":{\"@id\":\"https:\\\/\\\/observatorioleopoldina.com.br\\\/home\\\/8m-da-leopoldina-e-de-todas-e-quem-mais-chegar\\\/#webpage\"},\"isPartOf\":{\"@id\":\"https:\\\/\\\/observatorioleopoldina.com.br\\\/home\\\/8m-da-leopoldina-e-de-todas-e-quem-mais-chegar\\\/#webpage\"},\"articleSection\":\"Arredores\"},{\"@type\":\"BreadcrumbList\",\"@id\":\"https:\\\/\\\/observatorioleopoldina.com.br\\\/home\\\/8m-da-leopoldina-e-de-todas-e-quem-mais-chegar\\\/#breadcrumblist\",\"itemListElement\":[{\"@type\":\"ListItem\",\"@id\":\"https:\\\/\\\/observatorioleopoldina.com.br\\\/home#listItem\",\"position\":1,\"name\":\"In\\u00edcio\",\"item\":\"https:\\\/\\\/observatorioleopoldina.com.br\\\/home\",\"nextItem\":{\"@type\":\"ListItem\",\"@id\":\"https:\\\/\\\/observatorioleopoldina.com.br\\\/home\\\/category\\\/arredores-2\\\/#listItem\",\"name\":\"Arredores\"}},{\"@type\":\"ListItem\",\"@id\":\"https:\\\/\\\/observatorioleopoldina.com.br\\\/home\\\/category\\\/arredores-2\\\/#listItem\",\"position\":2,\"name\":\"Arredores\",\"item\":\"https:\\\/\\\/observatorioleopoldina.com.br\\\/home\\\/category\\\/arredores-2\\\/\",\"nextItem\":{\"@type\":\"ListItem\",\"@id\":\"https:\\\/\\\/observatorioleopoldina.com.br\\\/home\\\/8m-da-leopoldina-e-de-todas-e-quem-mais-chegar\\\/#listItem\",\"name\":\"8M da Leopoldina \\u00e9 de todas e quem mais chegar\"},\"previousItem\":{\"@type\":\"ListItem\",\"@id\":\"https:\\\/\\\/observatorioleopoldina.com.br\\\/home#listItem\",\"name\":\"In\\u00edcio\"}},{\"@type\":\"ListItem\",\"@id\":\"https:\\\/\\\/observatorioleopoldina.com.br\\\/home\\\/8m-da-leopoldina-e-de-todas-e-quem-mais-chegar\\\/#listItem\",\"position\":3,\"name\":\"8M da Leopoldina \\u00e9 de todas e quem mais chegar\",\"previousItem\":{\"@type\":\"ListItem\",\"@id\":\"https:\\\/\\\/observatorioleopoldina.com.br\\\/home\\\/category\\\/arredores-2\\\/#listItem\",\"name\":\"Arredores\"}}]},{\"@type\":\"Organization\",\"@id\":\"https:\\\/\\\/observatorioleopoldina.com.br\\\/home\\\/#organization\",\"name\":\"Observat\\u00f3rio Leopoldina\",\"description\":\"Espa\\u00e7o virtual colaborativo focado no desenvolvimento socioecon\\u00f4mico sustent\\u00e1vel de um Distrito em plena transforma\\u00e7\\u00e3o: a Vila Leopoldina.\",\"url\":\"https:\\\/\\\/observatorioleopoldina.com.br\\\/home\\\/\",\"logo\":{\"@type\":\"ImageObject\",\"url\":\"https:\\\/\\\/observatorioleopoldina.com.br\\\/home\\\/wp-content\\\/uploads\\\/2024\\\/02\\\/2022-06-08-removebg-preview.png\",\"@id\":\"https:\\\/\\\/observatorioleopoldina.com.br\\\/home\\\/8m-da-leopoldina-e-de-todas-e-quem-mais-chegar\\\/#organizationLogo\",\"width\":680,\"height\":247},\"image\":{\"@id\":\"https:\\\/\\\/observatorioleopoldina.com.br\\\/home\\\/8m-da-leopoldina-e-de-todas-e-quem-mais-chegar\\\/#organizationLogo\"}},{\"@type\":\"Person\",\"@id\":\"https:\\\/\\\/observatorioleopoldina.com.br\\\/home\\\/author\\\/ale\\\/#author\",\"url\":\"https:\\\/\\\/observatorioleopoldina.com.br\\\/home\\\/author\\\/ale\\\/\",\"name\":\"Alexandra Swerts\"},{\"@type\":\"WebPage\",\"@id\":\"https:\\\/\\\/observatorioleopoldina.com.br\\\/home\\\/8m-da-leopoldina-e-de-todas-e-quem-mais-chegar\\\/#webpage\",\"url\":\"https:\\\/\\\/observatorioleopoldina.com.br\\\/home\\\/8m-da-leopoldina-e-de-todas-e-quem-mais-chegar\\\/\",\"name\":\"8M da Leopoldina \\u00e9 de todas e quem mais chegar - Observat\\u00f3rio Leopoldina\",\"description\":\"A causa da Mulher tem uma agenda extensa e avan\\u00e7a devagar. Com refluxos simb\\u00f3licos que retiram direitos, espa\\u00e7o e a for\\u00e7a da mulher. Aumento da viol\\u00eancia \\u00e9 um dos sinais de que n\\u00e3o se avan\\u00e7a sem que todos queiram uma mudan\\u00e7a significativa na sociedade. O encontro de mulheres, as rodas, as trocas s\\u00e3o espa\\u00e7os de\",\"inLanguage\":\"pt-BR\",\"isPartOf\":{\"@id\":\"https:\\\/\\\/observatorioleopoldina.com.br\\\/home\\\/#website\"},\"breadcrumb\":{\"@id\":\"https:\\\/\\\/observatorioleopoldina.com.br\\\/home\\\/8m-da-leopoldina-e-de-todas-e-quem-mais-chegar\\\/#breadcrumblist\"},\"author\":{\"@id\":\"https:\\\/\\\/observatorioleopoldina.com.br\\\/home\\\/author\\\/ale\\\/#author\"},\"creator\":{\"@id\":\"https:\\\/\\\/observatorioleopoldina.com.br\\\/home\\\/author\\\/ale\\\/#author\"},\"image\":{\"@type\":\"ImageObject\",\"url\":\"https:\\\/\\\/observatorioleopoldina.com.br\\\/home\\\/wp-content\\\/uploads\\\/2024\\\/04\\\/1.png\",\"@id\":\"https:\\\/\\\/observatorioleopoldina.com.br\\\/home\\\/8m-da-leopoldina-e-de-todas-e-quem-mais-chegar\\\/#mainImage\",\"width\":1080,\"height\":1920},\"primaryImageOfPage\":{\"@id\":\"https:\\\/\\\/observatorioleopoldina.com.br\\\/home\\\/8m-da-leopoldina-e-de-todas-e-quem-mais-chegar\\\/#mainImage\"},\"datePublished\":\"2024-03-03T09:20:21-03:00\",\"dateModified\":\"2024-04-25T09:22:15-03:00\"},{\"@type\":\"WebSite\",\"@id\":\"https:\\\/\\\/observatorioleopoldina.com.br\\\/home\\\/#website\",\"url\":\"https:\\\/\\\/observatorioleopoldina.com.br\\\/home\\\/\",\"name\":\"Observat\\u00f3rio Leopoldina\",\"description\":\"Espa\\u00e7o virtual colaborativo focado no desenvolvimento socioecon\\u00f4mico sustent\\u00e1vel de um Distrito em plena transforma\\u00e7\\u00e3o: a Vila Leopoldina.\",\"inLanguage\":\"pt-BR\",\"publisher\":{\"@id\":\"https:\\\/\\\/observatorioleopoldina.com.br\\\/home\\\/#organization\"}}]}\n\t\t<\/script>\n\t\t<!-- All in One SEO -->\n\n","aioseo_head_json":{"title":"8M da Leopoldina \u00e9 de todas e quem mais chegar - Observat\u00f3rio Leopoldina","description":"A causa da Mulher tem uma agenda extensa e avan\u00e7a devagar. Com refluxos simb\u00f3licos que retiram direitos, espa\u00e7o e a for\u00e7a da mulher. Aumento da viol\u00eancia \u00e9 um dos sinais de que n\u00e3o se avan\u00e7a sem que todos queiram uma mudan\u00e7a significativa na sociedade. O encontro de mulheres, as rodas, as trocas s\u00e3o espa\u00e7os de","canonical_url":"https:\/\/observatorioleopoldina.com.br\/home\/8m-da-leopoldina-e-de-todas-e-quem-mais-chegar\/","robots":"max-image-preview:large","keywords":"","webmasterTools":{"miscellaneous":""},"schema":{"@context":"https:\/\/schema.org","@graph":[{"@type":"BlogPosting","@id":"https:\/\/observatorioleopoldina.com.br\/home\/8m-da-leopoldina-e-de-todas-e-quem-mais-chegar\/#blogposting","name":"8M da Leopoldina \u00e9 de todas e quem mais chegar - Observat\u00f3rio Leopoldina","headline":"8M da Leopoldina \u00e9 de todas e quem mais chegar","author":{"@id":"https:\/\/observatorioleopoldina.com.br\/home\/author\/ale\/#author"},"publisher":{"@id":"https:\/\/observatorioleopoldina.com.br\/home\/#organization"},"image":{"@type":"ImageObject","url":"https:\/\/observatorioleopoldina.com.br\/home\/wp-content\/uploads\/2024\/04\/1.png","width":1080,"height":1920},"datePublished":"2024-03-03T09:20:21-03:00","dateModified":"2024-04-25T09:22:15-03:00","inLanguage":"pt-BR","mainEntityOfPage":{"@id":"https:\/\/observatorioleopoldina.com.br\/home\/8m-da-leopoldina-e-de-todas-e-quem-mais-chegar\/#webpage"},"isPartOf":{"@id":"https:\/\/observatorioleopoldina.com.br\/home\/8m-da-leopoldina-e-de-todas-e-quem-mais-chegar\/#webpage"},"articleSection":"Arredores"},{"@type":"BreadcrumbList","@id":"https:\/\/observatorioleopoldina.com.br\/home\/8m-da-leopoldina-e-de-todas-e-quem-mais-chegar\/#breadcrumblist","itemListElement":[{"@type":"ListItem","@id":"https:\/\/observatorioleopoldina.com.br\/home#listItem","position":1,"name":"In\u00edcio","item":"https:\/\/observatorioleopoldina.com.br\/home","nextItem":{"@type":"ListItem","@id":"https:\/\/observatorioleopoldina.com.br\/home\/category\/arredores-2\/#listItem","name":"Arredores"}},{"@type":"ListItem","@id":"https:\/\/observatorioleopoldina.com.br\/home\/category\/arredores-2\/#listItem","position":2,"name":"Arredores","item":"https:\/\/observatorioleopoldina.com.br\/home\/category\/arredores-2\/","nextItem":{"@type":"ListItem","@id":"https:\/\/observatorioleopoldina.com.br\/home\/8m-da-leopoldina-e-de-todas-e-quem-mais-chegar\/#listItem","name":"8M da Leopoldina \u00e9 de todas e quem mais chegar"},"previousItem":{"@type":"ListItem","@id":"https:\/\/observatorioleopoldina.com.br\/home#listItem","name":"In\u00edcio"}},{"@type":"ListItem","@id":"https:\/\/observatorioleopoldina.com.br\/home\/8m-da-leopoldina-e-de-todas-e-quem-mais-chegar\/#listItem","position":3,"name":"8M da Leopoldina \u00e9 de todas e quem mais chegar","previousItem":{"@type":"ListItem","@id":"https:\/\/observatorioleopoldina.com.br\/home\/category\/arredores-2\/#listItem","name":"Arredores"}}]},{"@type":"Organization","@id":"https:\/\/observatorioleopoldina.com.br\/home\/#organization","name":"Observat\u00f3rio Leopoldina","description":"Espa\u00e7o virtual colaborativo focado no desenvolvimento socioecon\u00f4mico sustent\u00e1vel de um Distrito em plena transforma\u00e7\u00e3o: a Vila Leopoldina.","url":"https:\/\/observatorioleopoldina.com.br\/home\/","logo":{"@type":"ImageObject","url":"https:\/\/observatorioleopoldina.com.br\/home\/wp-content\/uploads\/2024\/02\/2022-06-08-removebg-preview.png","@id":"https:\/\/observatorioleopoldina.com.br\/home\/8m-da-leopoldina-e-de-todas-e-quem-mais-chegar\/#organizationLogo","width":680,"height":247},"image":{"@id":"https:\/\/observatorioleopoldina.com.br\/home\/8m-da-leopoldina-e-de-todas-e-quem-mais-chegar\/#organizationLogo"}},{"@type":"Person","@id":"https:\/\/observatorioleopoldina.com.br\/home\/author\/ale\/#author","url":"https:\/\/observatorioleopoldina.com.br\/home\/author\/ale\/","name":"Alexandra Swerts"},{"@type":"WebPage","@id":"https:\/\/observatorioleopoldina.com.br\/home\/8m-da-leopoldina-e-de-todas-e-quem-mais-chegar\/#webpage","url":"https:\/\/observatorioleopoldina.com.br\/home\/8m-da-leopoldina-e-de-todas-e-quem-mais-chegar\/","name":"8M da Leopoldina \u00e9 de todas e quem mais chegar - Observat\u00f3rio Leopoldina","description":"A causa da Mulher tem uma agenda extensa e avan\u00e7a devagar. Com refluxos simb\u00f3licos que retiram direitos, espa\u00e7o e a for\u00e7a da mulher. Aumento da viol\u00eancia \u00e9 um dos sinais de que n\u00e3o se avan\u00e7a sem que todos queiram uma mudan\u00e7a significativa na sociedade. O encontro de mulheres, as rodas, as trocas s\u00e3o espa\u00e7os de","inLanguage":"pt-BR","isPartOf":{"@id":"https:\/\/observatorioleopoldina.com.br\/home\/#website"},"breadcrumb":{"@id":"https:\/\/observatorioleopoldina.com.br\/home\/8m-da-leopoldina-e-de-todas-e-quem-mais-chegar\/#breadcrumblist"},"author":{"@id":"https:\/\/observatorioleopoldina.com.br\/home\/author\/ale\/#author"},"creator":{"@id":"https:\/\/observatorioleopoldina.com.br\/home\/author\/ale\/#author"},"image":{"@type":"ImageObject","url":"https:\/\/observatorioleopoldina.com.br\/home\/wp-content\/uploads\/2024\/04\/1.png","@id":"https:\/\/observatorioleopoldina.com.br\/home\/8m-da-leopoldina-e-de-todas-e-quem-mais-chegar\/#mainImage","width":1080,"height":1920},"primaryImageOfPage":{"@id":"https:\/\/observatorioleopoldina.com.br\/home\/8m-da-leopoldina-e-de-todas-e-quem-mais-chegar\/#mainImage"},"datePublished":"2024-03-03T09:20:21-03:00","dateModified":"2024-04-25T09:22:15-03:00"},{"@type":"WebSite","@id":"https:\/\/observatorioleopoldina.com.br\/home\/#website","url":"https:\/\/observatorioleopoldina.com.br\/home\/","name":"Observat\u00f3rio Leopoldina","description":"Espa\u00e7o virtual colaborativo focado no desenvolvimento socioecon\u00f4mico sustent\u00e1vel de um Distrito em plena transforma\u00e7\u00e3o: a Vila Leopoldina.","inLanguage":"pt-BR","publisher":{"@id":"https:\/\/observatorioleopoldina.com.br\/home\/#organization"}}]},"og:locale":"pt_BR","og:site_name":"Observat\u00f3rio Leopoldina - Espa\u00e7o virtual colaborativo focado no desenvolvimento socioecon\u00f4mico sustent\u00e1vel de um Distrito em plena transforma\u00e7\u00e3o: a Vila Leopoldina.","og:type":"article","og:title":"8M da Leopoldina \u00e9 de todas e quem mais chegar - Observat\u00f3rio Leopoldina","og:description":"A causa da Mulher tem uma agenda extensa e avan\u00e7a devagar. Com refluxos simb\u00f3licos que retiram direitos, espa\u00e7o e a for\u00e7a da mulher. Aumento da viol\u00eancia \u00e9 um dos sinais de que n\u00e3o se avan\u00e7a sem que todos queiram uma mudan\u00e7a significativa na sociedade. O encontro de mulheres, as rodas, as trocas s\u00e3o espa\u00e7os de","og:url":"https:\/\/observatorioleopoldina.com.br\/home\/8m-da-leopoldina-e-de-todas-e-quem-mais-chegar\/","og:image":"https:\/\/observatorioleopoldina.com.br\/home\/wp-content\/uploads\/2024\/04\/1.png","og:image:secure_url":"https:\/\/observatorioleopoldina.com.br\/home\/wp-content\/uploads\/2024\/04\/1.png","og:image:width":1080,"og:image:height":1920,"article:published_time":"2024-03-03T12:20:21+00:00","article:modified_time":"2024-04-25T12:22:15+00:00","twitter:card":"summary_large_image","twitter:title":"8M da Leopoldina \u00e9 de todas e quem mais chegar - Observat\u00f3rio Leopoldina","twitter:description":"A causa da Mulher tem uma agenda extensa e avan\u00e7a devagar. Com refluxos simb\u00f3licos que retiram direitos, espa\u00e7o e a for\u00e7a da mulher. Aumento da viol\u00eancia \u00e9 um dos sinais de que n\u00e3o se avan\u00e7a sem que todos queiram uma mudan\u00e7a significativa na sociedade. O encontro de mulheres, as rodas, as trocas s\u00e3o espa\u00e7os de","twitter:image":"https:\/\/observatorioleopoldina.com.br\/home\/wp-content\/uploads\/2024\/04\/1.png"},"aioseo_meta_data":{"post_id":"1289","title":null,"description":null,"keywords":null,"keyphrases":null,"primary_term":null,"canonical_url":null,"og_title":null,"og_description":null,"og_object_type":"default","og_image_type":"default","og_image_url":null,"og_image_width":null,"og_image_height":null,"og_image_custom_url":null,"og_image_custom_fields":null,"og_video":null,"og_custom_url":null,"og_article_section":null,"og_article_tags":null,"twitter_use_og":false,"twitter_card":"default","twitter_image_type":"default","twitter_image_url":null,"twitter_image_custom_url":null,"twitter_image_custom_fields":null,"twitter_title":null,"twitter_description":null,"schema":{"blockGraphs":[],"customGraphs":[],"default":{"data":{"Article":[],"Course":[],"Dataset":[],"FAQPage":[],"Movie":[],"Person":[],"Product":[],"ProductReview":[],"Car":[],"Recipe":[],"Service":[],"SoftwareApplication":[],"WebPage":[]},"graphName":"","isEnabled":true},"graphs":[]},"schema_type":"default","schema_type_options":null,"pillar_content":false,"robots_default":true,"robots_noindex":false,"robots_noarchive":false,"robots_nosnippet":false,"robots_nofollow":false,"robots_noimageindex":false,"robots_noodp":false,"robots_notranslate":false,"robots_max_snippet":null,"robots_max_videopreview":null,"robots_max_imagepreview":"large","priority":null,"frequency":null,"local_seo":null,"breadcrumb_settings":null,"limit_modified_date":false,"ai":null,"created":"2024-04-26 20:46:13","updated":"2025-06-04 05:45:43","seo_analyzer_scan_date":null,"focus_keyword":null,"additional_keywords":null,"truseo_locale":null},"aioseo_breadcrumb":"<div class=\"aioseo-breadcrumbs\"><span class=\"aioseo-breadcrumb\">\n\t\t\t<a href=\"https:\/\/observatorioleopoldina.com.br\/home\" title=\"In\u00edcio\">In\u00edcio<\/a>\n\t\t<\/span><span class=\"aioseo-breadcrumb-separator\">\u00bb<\/span><span class=\"aioseo-breadcrumb\">\n\t\t\t<a href=\"https:\/\/observatorioleopoldina.com.br\/home\/category\/arredores-2\/\" title=\"Arredores\">Arredores<\/a>\n\t\t<\/span><span class=\"aioseo-breadcrumb-separator\">\u00bb<\/span><span class=\"aioseo-breadcrumb\">\n\t\t\t8M da Leopoldina \u00e9 de todas e quem mais chegar\n\t\t<\/span><\/div>","aioseo_breadcrumb_json":[{"label":"In\u00edcio","link":"https:\/\/observatorioleopoldina.com.br\/home"},{"label":"Arredores","link":"https:\/\/observatorioleopoldina.com.br\/home\/category\/arredores-2\/"},{"label":"8M da Leopoldina \u00e9 de todas e quem mais chegar","link":"https:\/\/observatorioleopoldina.com.br\/home\/8m-da-leopoldina-e-de-todas-e-quem-mais-chegar\/"}],"_links":{"self":[{"href":"https:\/\/observatorioleopoldina.com.br\/home\/wp-json\/wp\/v2\/posts\/1289","targetHints":{"allow":["GET"]}}],"collection":[{"href":"https:\/\/observatorioleopoldina.com.br\/home\/wp-json\/wp\/v2\/posts"}],"about":[{"href":"https:\/\/observatorioleopoldina.com.br\/home\/wp-json\/wp\/v2\/types\/post"}],"author":[{"embeddable":true,"href":"https:\/\/observatorioleopoldina.com.br\/home\/wp-json\/wp\/v2\/users\/4"}],"replies":[{"embeddable":true,"href":"https:\/\/observatorioleopoldina.com.br\/home\/wp-json\/wp\/v2\/comments?post=1289"}],"version-history":[{"count":1,"href":"https:\/\/observatorioleopoldina.com.br\/home\/wp-json\/wp\/v2\/posts\/1289\/revisions"}],"predecessor-version":[{"id":1292,"href":"https:\/\/observatorioleopoldina.com.br\/home\/wp-json\/wp\/v2\/posts\/1289\/revisions\/1292"}],"wp:featuredmedia":[{"embeddable":true,"href":"https:\/\/observatorioleopoldina.com.br\/home\/wp-json\/wp\/v2\/media\/1291"}],"wp:attachment":[{"href":"https:\/\/observatorioleopoldina.com.br\/home\/wp-json\/wp\/v2\/media?parent=1289"}],"wp:term":[{"taxonomy":"category","embeddable":true,"href":"https:\/\/observatorioleopoldina.com.br\/home\/wp-json\/wp\/v2\/categories?post=1289"},{"taxonomy":"post_tag","embeddable":true,"href":"https:\/\/observatorioleopoldina.com.br\/home\/wp-json\/wp\/v2\/tags?post=1289"}],"curies":[{"name":"wp","href":"https:\/\/api.w.org\/{rel}","templated":true}]}}