{"id":1149,"date":"2024-04-03T21:37:50","date_gmt":"2024-04-04T00:37:50","guid":{"rendered":"https:\/\/mundimagem.com\/observatorioleopoldina\/?p=1149"},"modified":"2024-04-25T09:10:05","modified_gmt":"2024-04-25T12:10:05","slug":"guia-orienta-sobre-incomodidade-sonora","status":"publish","type":"post","link":"https:\/\/observatorioleopoldina.com.br\/home\/guia-orienta-sobre-incomodidade-sonora\/","title":{"rendered":"Guia orienta sobre incomodidade sonora"},"content":{"rendered":"\n<p class=\"wp-block-paragraph\">Lan\u00e7amento hoje do livreto com informa\u00e7\u00f5es t\u00e9cnicas sobre a incomododade gerada pelo ru\u00eddo excessivo que impacta a sa\u00fade da popula\u00e7\u00e3o da cidade.<\/p>\n\n\n\n<p class=\"wp-block-paragraph\">Ruido e Nossa Sa\u00fade foi realizado por pesquisadores do&nbsp;<a href=\"https:\/\/www.instagram.com\/ipt_oficial\/\">@ipt_oficial<\/a>, por m\u00e9dicas da&nbsp;<a href=\"https:\/\/www.instagram.com\/fmusp_oficial\/\">@fmusp_oficial<\/a>, pelo&nbsp;<a href=\"https:\/\/www.instagram.com\/mpsp_oficial\/\">@mpsp_oficial<\/a>&nbsp;e pelo gabinete do vereador&nbsp;<a href=\"https:\/\/www.instagram.com\/profeliseugabriel\/\">@profeliseugabriel<\/a>&nbsp;e \u00e9 uma &#8220;ferramenta para construir uma discuss\u00e3o p\u00fablica para afirmar uma cultura sobre como enfrentar os ru\u00eddos na cidade&#8221; afirma Marcelo Aquinino do Ipt.<\/p>\n\n\n\n<p class=\"wp-block-paragraph\">Destacamos aqui a a\u00e7\u00e3o da pesquisadora Ros Mari Zenha, que como conselheira de meio ambiente apoia os movimentos de pra\u00e7as da Vila Leopoldina.<\/p>\n\n\n\n<p class=\"wp-block-paragraph\">Voc\u00ea quer saber mais sobre ru\u00eddo? O livreto est\u00e1 dispon\u00edvel para download no site do Vereador Eliseu Gabriel.<a href=\"https:\/\/www.eliseugabriel.com.br\/livros.php?livro=24\" data-type=\"link\" data-id=\"https:\/\/www.eliseugabriel.com.br\/livros.php?livro=24\">https:\/\/www.eliseugabriel.com.br\/livros.php?livro=24<\/a><\/p>\n\n\n\n<p class=\"wp-block-paragraph\">Conta para gente, na Leopoldina qual ru\u00eddo te incomoda?<\/p>\n\n\n\n<p class=\"wp-block-paragraph\">Vamos falar sobre isso.<\/p>\n\n\n\n<figure class=\"wp-block-gallery has-nested-images columns-default is-cropped wp-block-gallery-1 is-layout-flex wp-block-gallery-is-layout-flex\">\n<figure class=\"wp-block-image size-large\"><img decoding=\"async\" width=\"609\" height=\"566\" data-id=\"1152\" data-src=\"https:\/\/mundimagem.com\/observatorioleopoldina\/wp-content\/uploads\/2024\/04\/Captura-de-Tela-2024-04-24-as-21.37.08.png\" alt=\"\" class=\"wp-image-1152 lazyload\" data-srcset=\"https:\/\/observatorioleopoldina.com.br\/home\/wp-content\/uploads\/2024\/04\/Captura-de-Tela-2024-04-24-as-21.37.08.png 609w, https:\/\/observatorioleopoldina.com.br\/home\/wp-content\/uploads\/2024\/04\/Captura-de-Tela-2024-04-24-as-21.37.08-300x279.png 300w\" data-sizes=\"(max-width: 609px) 100vw, 609px\" src=\"data:image\/gif;base64,R0lGODlhAQABAAAAACH5BAEKAAEALAAAAAABAAEAAAICTAEAOw==\" style=\"--smush-placeholder-width: 609px; --smush-placeholder-aspect-ratio: 609\/566;\" \/><\/figure>\n\n\n\n<figure class=\"wp-block-image size-large\"><img decoding=\"async\" width=\"602\" height=\"596\" data-id=\"1151\" data-src=\"https:\/\/mundimagem.com\/observatorioleopoldina\/wp-content\/uploads\/2024\/04\/Captura-de-Tela-2024-04-24-as-21.37.17.png\" alt=\"\" class=\"wp-image-1151 lazyload\" data-srcset=\"https:\/\/observatorioleopoldina.com.br\/home\/wp-content\/uploads\/2024\/04\/Captura-de-Tela-2024-04-24-as-21.37.17.png 602w, https:\/\/observatorioleopoldina.com.br\/home\/wp-content\/uploads\/2024\/04\/Captura-de-Tela-2024-04-24-as-21.37.17-300x297.png 300w, https:\/\/observatorioleopoldina.com.br\/home\/wp-content\/uploads\/2024\/04\/Captura-de-Tela-2024-04-24-as-21.37.17-150x150.png 150w\" data-sizes=\"(max-width: 602px) 100vw, 602px\" src=\"data:image\/gif;base64,R0lGODlhAQABAAAAACH5BAEKAAEALAAAAAABAAEAAAICTAEAOw==\" style=\"--smush-placeholder-width: 602px; --smush-placeholder-aspect-ratio: 602\/596;\" \/><\/figure>\n\n\n\n<figure class=\"wp-block-image size-large\"><img decoding=\"async\" width=\"578\" height=\"580\" data-id=\"1150\" data-src=\"https:\/\/mundimagem.com\/observatorioleopoldina\/wp-content\/uploads\/2024\/04\/Captura-de-Tela-2024-04-24-as-21.37.26.png\" alt=\"\" class=\"wp-image-1150 lazyload\" data-srcset=\"https:\/\/observatorioleopoldina.com.br\/home\/wp-content\/uploads\/2024\/04\/Captura-de-Tela-2024-04-24-as-21.37.26.png 578w, https:\/\/observatorioleopoldina.com.br\/home\/wp-content\/uploads\/2024\/04\/Captura-de-Tela-2024-04-24-as-21.37.26-300x300.png 300w, https:\/\/observatorioleopoldina.com.br\/home\/wp-content\/uploads\/2024\/04\/Captura-de-Tela-2024-04-24-as-21.37.26-150x150.png 150w\" data-sizes=\"(max-width: 578px) 100vw, 578px\" src=\"data:image\/gif;base64,R0lGODlhAQABAAAAACH5BAEKAAEALAAAAAABAAEAAAICTAEAOw==\" style=\"--smush-placeholder-width: 578px; --smush-placeholder-aspect-ratio: 578\/580;\" \/><\/figure>\n<\/figure>\n","protected":false},"excerpt":{"rendered":"<p>Lan\u00e7amento hoje do livreto com informa\u00e7\u00f5es t\u00e9cnicas sobre a incomododade gerada pelo ru\u00eddo excessivo que<\/p>\n","protected":false},"author":4,"featured_media":1152,"comment_status":"closed","ping_status":"closed","sticky":false,"template":"","format":"standard","meta":{"footnotes":""},"categories":[221,246],"tags":[252,251],"class_list":["post-1149","post","type-post","status-publish","format-standard","has-post-thumbnail","hentry","category-leopoldina-sustentavel","category-saude","tag-incomodidade","tag-ruido"],"aioseo_notices":[],"aioseo_head":"\n\t\t<!-- All in One SEO 5.0.1.1 - aioseo.com -->\n\t<meta name=\"description\" content=\"Lan\u00e7amento hoje do livreto com informa\u00e7\u00f5es t\u00e9cnicas sobre a incomododade gerada pelo ru\u00eddo excessivo que impacta a sa\u00fade da popula\u00e7\u00e3o da cidade. Ruido e Nossa Sa\u00fade foi realizado por pesquisadores do @ipt_oficial, por m\u00e9dicas da @fmusp_oficial, pelo @mpsp_oficial e pelo gabinete do vereador @profeliseugabriel e \u00e9 uma &quot;ferramenta para construir uma discuss\u00e3o p\u00fablica para afirmar uma cultura sobre como enfrentar os\" \/>\n\t<meta name=\"robots\" content=\"max-image-preview:large\" \/>\n\t<meta name=\"author\" content=\"Alexandra Swerts\"\/>\n\t<link rel=\"canonical\" href=\"https:\/\/observatorioleopoldina.com.br\/home\/guia-orienta-sobre-incomodidade-sonora\/\" \/>\n\t<meta name=\"generator\" content=\"All in One SEO (AIOSEO) 5.0.1.1\" \/>\n\t\t<meta property=\"og:locale\" content=\"pt_BR\" \/>\n\t\t<meta property=\"og:site_name\" content=\"Observat\u00f3rio Leopoldina - Espa\u00e7o virtual colaborativo focado no desenvolvimento socioecon\u00f4mico sustent\u00e1vel de um Distrito em plena transforma\u00e7\u00e3o: a Vila Leopoldina.\" \/>\n\t\t<meta property=\"og:type\" content=\"article\" \/>\n\t\t<meta property=\"og:title\" content=\"Guia orienta sobre incomodidade sonora - Observat\u00f3rio Leopoldina\" \/>\n\t\t<meta property=\"og:description\" content=\"Lan\u00e7amento hoje do livreto com informa\u00e7\u00f5es t\u00e9cnicas sobre a incomododade gerada pelo ru\u00eddo excessivo que impacta a sa\u00fade da popula\u00e7\u00e3o da cidade. Ruido e Nossa Sa\u00fade foi realizado por pesquisadores do @ipt_oficial, por m\u00e9dicas da @fmusp_oficial, pelo @mpsp_oficial e pelo gabinete do vereador @profeliseugabriel e \u00e9 uma &quot;ferramenta para construir uma discuss\u00e3o p\u00fablica para afirmar uma cultura sobre como enfrentar os\" \/>\n\t\t<meta property=\"og:url\" content=\"https:\/\/observatorioleopoldina.com.br\/home\/guia-orienta-sobre-incomodidade-sonora\/\" \/>\n\t\t<meta property=\"og:image\" content=\"https:\/\/observatorioleopoldina.com.br\/home\/wp-content\/uploads\/2024\/04\/Captura-de-Tela-2024-04-24-as-21.37.08.png\" \/>\n\t\t<meta property=\"og:image:secure_url\" content=\"https:\/\/observatorioleopoldina.com.br\/home\/wp-content\/uploads\/2024\/04\/Captura-de-Tela-2024-04-24-as-21.37.08.png\" \/>\n\t\t<meta property=\"og:image:width\" content=\"609\" \/>\n\t\t<meta property=\"og:image:height\" content=\"566\" \/>\n\t\t<meta property=\"article:published_time\" content=\"2024-04-04T00:37:50+00:00\" \/>\n\t\t<meta property=\"article:modified_time\" content=\"2024-04-25T12:10:05+00:00\" \/>\n\t\t<meta name=\"twitter:card\" content=\"summary_large_image\" \/>\n\t\t<meta name=\"twitter:title\" content=\"Guia orienta sobre incomodidade sonora - Observat\u00f3rio Leopoldina\" \/>\n\t\t<meta name=\"twitter:description\" content=\"Lan\u00e7amento hoje do livreto com informa\u00e7\u00f5es t\u00e9cnicas sobre a incomododade gerada pelo ru\u00eddo excessivo que impacta a sa\u00fade da popula\u00e7\u00e3o da cidade. Ruido e Nossa Sa\u00fade foi realizado por pesquisadores do @ipt_oficial, por m\u00e9dicas da @fmusp_oficial, pelo @mpsp_oficial e pelo gabinete do vereador @profeliseugabriel e \u00e9 uma &quot;ferramenta para construir uma discuss\u00e3o p\u00fablica para afirmar uma cultura sobre como enfrentar os\" \/>\n\t\t<meta name=\"twitter:image\" content=\"https:\/\/observatorioleopoldina.com.br\/home\/wp-content\/uploads\/2024\/04\/Captura-de-Tela-2024-04-24-as-21.37.08.png\" \/>\n\t\t<script type=\"application\/ld+json\" class=\"aioseo-schema\">\n\t\t\t{\"@context\":\"https:\\\/\\\/schema.org\",\"@graph\":[{\"@type\":\"BlogPosting\",\"@id\":\"https:\\\/\\\/observatorioleopoldina.com.br\\\/home\\\/guia-orienta-sobre-incomodidade-sonora\\\/#blogposting\",\"name\":\"Guia orienta sobre incomodidade sonora - Observat\\u00f3rio Leopoldina\",\"headline\":\"Guia orienta sobre incomodidade sonora\",\"author\":{\"@id\":\"https:\\\/\\\/observatorioleopoldina.com.br\\\/home\\\/author\\\/ale\\\/#author\"},\"publisher\":{\"@id\":\"https:\\\/\\\/observatorioleopoldina.com.br\\\/home\\\/#organization\"},\"image\":{\"@type\":\"ImageObject\",\"url\":\"https:\\\/\\\/observatorioleopoldina.com.br\\\/home\\\/wp-content\\\/uploads\\\/2024\\\/04\\\/Captura-de-Tela-2024-04-24-as-21.37.08.png\",\"width\":609,\"height\":566},\"datePublished\":\"2024-04-03T21:37:50-03:00\",\"dateModified\":\"2024-04-25T09:10:05-03:00\",\"inLanguage\":\"pt-BR\",\"mainEntityOfPage\":{\"@id\":\"https:\\\/\\\/observatorioleopoldina.com.br\\\/home\\\/guia-orienta-sobre-incomodidade-sonora\\\/#webpage\"},\"isPartOf\":{\"@id\":\"https:\\\/\\\/observatorioleopoldina.com.br\\\/home\\\/guia-orienta-sobre-incomodidade-sonora\\\/#webpage\"},\"articleSection\":\"Leopoldina Sustent\\u00e1vel, Sa\\u00fade, incomodidade, ru\\u00eddo\"},{\"@type\":\"BreadcrumbList\",\"@id\":\"https:\\\/\\\/observatorioleopoldina.com.br\\\/home\\\/guia-orienta-sobre-incomodidade-sonora\\\/#breadcrumblist\",\"itemListElement\":[{\"@type\":\"ListItem\",\"@id\":\"https:\\\/\\\/observatorioleopoldina.com.br\\\/home#listItem\",\"position\":1,\"name\":\"In\\u00edcio\",\"item\":\"https:\\\/\\\/observatorioleopoldina.com.br\\\/home\",\"nextItem\":{\"@type\":\"ListItem\",\"@id\":\"https:\\\/\\\/observatorioleopoldina.com.br\\\/home\\\/category\\\/no-bairro\\\/#listItem\",\"name\":\"No Bairro\"}},{\"@type\":\"ListItem\",\"@id\":\"https:\\\/\\\/observatorioleopoldina.com.br\\\/home\\\/category\\\/no-bairro\\\/#listItem\",\"position\":2,\"name\":\"No Bairro\",\"item\":\"https:\\\/\\\/observatorioleopoldina.com.br\\\/home\\\/category\\\/no-bairro\\\/\",\"nextItem\":{\"@type\":\"ListItem\",\"@id\":\"https:\\\/\\\/observatorioleopoldina.com.br\\\/home\\\/category\\\/no-bairro\\\/saude\\\/#listItem\",\"name\":\"Sa\\u00fade\"},\"previousItem\":{\"@type\":\"ListItem\",\"@id\":\"https:\\\/\\\/observatorioleopoldina.com.br\\\/home#listItem\",\"name\":\"In\\u00edcio\"}},{\"@type\":\"ListItem\",\"@id\":\"https:\\\/\\\/observatorioleopoldina.com.br\\\/home\\\/category\\\/no-bairro\\\/saude\\\/#listItem\",\"position\":3,\"name\":\"Sa\\u00fade\",\"item\":\"https:\\\/\\\/observatorioleopoldina.com.br\\\/home\\\/category\\\/no-bairro\\\/saude\\\/\",\"nextItem\":{\"@type\":\"ListItem\",\"@id\":\"https:\\\/\\\/observatorioleopoldina.com.br\\\/home\\\/guia-orienta-sobre-incomodidade-sonora\\\/#listItem\",\"name\":\"Guia orienta sobre incomodidade sonora\"},\"previousItem\":{\"@type\":\"ListItem\",\"@id\":\"https:\\\/\\\/observatorioleopoldina.com.br\\\/home\\\/category\\\/no-bairro\\\/#listItem\",\"name\":\"No Bairro\"}},{\"@type\":\"ListItem\",\"@id\":\"https:\\\/\\\/observatorioleopoldina.com.br\\\/home\\\/guia-orienta-sobre-incomodidade-sonora\\\/#listItem\",\"position\":4,\"name\":\"Guia orienta sobre incomodidade sonora\",\"previousItem\":{\"@type\":\"ListItem\",\"@id\":\"https:\\\/\\\/observatorioleopoldina.com.br\\\/home\\\/category\\\/no-bairro\\\/saude\\\/#listItem\",\"name\":\"Sa\\u00fade\"}}]},{\"@type\":\"Organization\",\"@id\":\"https:\\\/\\\/observatorioleopoldina.com.br\\\/home\\\/#organization\",\"name\":\"Observat\\u00f3rio Leopoldina\",\"description\":\"Espa\\u00e7o virtual colaborativo focado no desenvolvimento socioecon\\u00f4mico sustent\\u00e1vel de um Distrito em plena transforma\\u00e7\\u00e3o: a Vila Leopoldina.\",\"url\":\"https:\\\/\\\/observatorioleopoldina.com.br\\\/home\\\/\",\"logo\":{\"@type\":\"ImageObject\",\"url\":\"https:\\\/\\\/observatorioleopoldina.com.br\\\/home\\\/wp-content\\\/uploads\\\/2024\\\/02\\\/2022-06-08-removebg-preview.png\",\"@id\":\"https:\\\/\\\/observatorioleopoldina.com.br\\\/home\\\/guia-orienta-sobre-incomodidade-sonora\\\/#organizationLogo\",\"width\":680,\"height\":247},\"image\":{\"@id\":\"https:\\\/\\\/observatorioleopoldina.com.br\\\/home\\\/guia-orienta-sobre-incomodidade-sonora\\\/#organizationLogo\"}},{\"@type\":\"Person\",\"@id\":\"https:\\\/\\\/observatorioleopoldina.com.br\\\/home\\\/author\\\/ale\\\/#author\",\"url\":\"https:\\\/\\\/observatorioleopoldina.com.br\\\/home\\\/author\\\/ale\\\/\",\"name\":\"Alexandra Swerts\"},{\"@type\":\"WebPage\",\"@id\":\"https:\\\/\\\/observatorioleopoldina.com.br\\\/home\\\/guia-orienta-sobre-incomodidade-sonora\\\/#webpage\",\"url\":\"https:\\\/\\\/observatorioleopoldina.com.br\\\/home\\\/guia-orienta-sobre-incomodidade-sonora\\\/\",\"name\":\"Guia orienta sobre incomodidade sonora - Observat\\u00f3rio Leopoldina\",\"description\":\"Lan\\u00e7amento hoje do livreto com informa\\u00e7\\u00f5es t\\u00e9cnicas sobre a incomododade gerada pelo ru\\u00eddo excessivo que impacta a sa\\u00fade da popula\\u00e7\\u00e3o da cidade. Ruido e Nossa Sa\\u00fade foi realizado por pesquisadores do @ipt_oficial, por m\\u00e9dicas da @fmusp_oficial, pelo @mpsp_oficial e pelo gabinete do vereador @profeliseugabriel e \\u00e9 uma \\\"ferramenta para construir uma discuss\\u00e3o p\\u00fablica para afirmar uma cultura sobre como enfrentar os\",\"inLanguage\":\"pt-BR\",\"isPartOf\":{\"@id\":\"https:\\\/\\\/observatorioleopoldina.com.br\\\/home\\\/#website\"},\"breadcrumb\":{\"@id\":\"https:\\\/\\\/observatorioleopoldina.com.br\\\/home\\\/guia-orienta-sobre-incomodidade-sonora\\\/#breadcrumblist\"},\"author\":{\"@id\":\"https:\\\/\\\/observatorioleopoldina.com.br\\\/home\\\/author\\\/ale\\\/#author\"},\"creator\":{\"@id\":\"https:\\\/\\\/observatorioleopoldina.com.br\\\/home\\\/author\\\/ale\\\/#author\"},\"image\":{\"@type\":\"ImageObject\",\"url\":\"https:\\\/\\\/observatorioleopoldina.com.br\\\/home\\\/wp-content\\\/uploads\\\/2024\\\/04\\\/Captura-de-Tela-2024-04-24-as-21.37.08.png\",\"@id\":\"https:\\\/\\\/observatorioleopoldina.com.br\\\/home\\\/guia-orienta-sobre-incomodidade-sonora\\\/#mainImage\",\"width\":609,\"height\":566},\"primaryImageOfPage\":{\"@id\":\"https:\\\/\\\/observatorioleopoldina.com.br\\\/home\\\/guia-orienta-sobre-incomodidade-sonora\\\/#mainImage\"},\"datePublished\":\"2024-04-03T21:37:50-03:00\",\"dateModified\":\"2024-04-25T09:10:05-03:00\"},{\"@type\":\"WebSite\",\"@id\":\"https:\\\/\\\/observatorioleopoldina.com.br\\\/home\\\/#website\",\"url\":\"https:\\\/\\\/observatorioleopoldina.com.br\\\/home\\\/\",\"name\":\"Observat\\u00f3rio Leopoldina\",\"description\":\"Espa\\u00e7o virtual colaborativo focado no desenvolvimento socioecon\\u00f4mico sustent\\u00e1vel de um Distrito em plena transforma\\u00e7\\u00e3o: a Vila Leopoldina.\",\"inLanguage\":\"pt-BR\",\"publisher\":{\"@id\":\"https:\\\/\\\/observatorioleopoldina.com.br\\\/home\\\/#organization\"}}]}\n\t\t<\/script>\n\t\t<!-- All in One SEO -->\n\n","aioseo_head_json":{"title":"Guia orienta sobre incomodidade sonora - Observat\u00f3rio Leopoldina","description":"Lan\u00e7amento hoje do livreto com informa\u00e7\u00f5es t\u00e9cnicas sobre a incomododade gerada pelo ru\u00eddo excessivo que impacta a sa\u00fade da popula\u00e7\u00e3o da cidade. Ruido e Nossa Sa\u00fade foi realizado por pesquisadores do @ipt_oficial, por m\u00e9dicas da @fmusp_oficial, pelo @mpsp_oficial e pelo gabinete do vereador @profeliseugabriel e \u00e9 uma \"ferramenta para construir uma discuss\u00e3o p\u00fablica para afirmar uma cultura sobre como enfrentar os","canonical_url":"https:\/\/observatorioleopoldina.com.br\/home\/guia-orienta-sobre-incomodidade-sonora\/","robots":"max-image-preview:large","keywords":"","webmasterTools":{"miscellaneous":""},"schema":{"@context":"https:\/\/schema.org","@graph":[{"@type":"BlogPosting","@id":"https:\/\/observatorioleopoldina.com.br\/home\/guia-orienta-sobre-incomodidade-sonora\/#blogposting","name":"Guia orienta sobre incomodidade sonora - Observat\u00f3rio Leopoldina","headline":"Guia orienta sobre incomodidade sonora","author":{"@id":"https:\/\/observatorioleopoldina.com.br\/home\/author\/ale\/#author"},"publisher":{"@id":"https:\/\/observatorioleopoldina.com.br\/home\/#organization"},"image":{"@type":"ImageObject","url":"https:\/\/observatorioleopoldina.com.br\/home\/wp-content\/uploads\/2024\/04\/Captura-de-Tela-2024-04-24-as-21.37.08.png","width":609,"height":566},"datePublished":"2024-04-03T21:37:50-03:00","dateModified":"2024-04-25T09:10:05-03:00","inLanguage":"pt-BR","mainEntityOfPage":{"@id":"https:\/\/observatorioleopoldina.com.br\/home\/guia-orienta-sobre-incomodidade-sonora\/#webpage"},"isPartOf":{"@id":"https:\/\/observatorioleopoldina.com.br\/home\/guia-orienta-sobre-incomodidade-sonora\/#webpage"},"articleSection":"Leopoldina Sustent\u00e1vel, Sa\u00fade, incomodidade, ru\u00eddo"},{"@type":"BreadcrumbList","@id":"https:\/\/observatorioleopoldina.com.br\/home\/guia-orienta-sobre-incomodidade-sonora\/#breadcrumblist","itemListElement":[{"@type":"ListItem","@id":"https:\/\/observatorioleopoldina.com.br\/home#listItem","position":1,"name":"In\u00edcio","item":"https:\/\/observatorioleopoldina.com.br\/home","nextItem":{"@type":"ListItem","@id":"https:\/\/observatorioleopoldina.com.br\/home\/category\/no-bairro\/#listItem","name":"No Bairro"}},{"@type":"ListItem","@id":"https:\/\/observatorioleopoldina.com.br\/home\/category\/no-bairro\/#listItem","position":2,"name":"No Bairro","item":"https:\/\/observatorioleopoldina.com.br\/home\/category\/no-bairro\/","nextItem":{"@type":"ListItem","@id":"https:\/\/observatorioleopoldina.com.br\/home\/category\/no-bairro\/saude\/#listItem","name":"Sa\u00fade"},"previousItem":{"@type":"ListItem","@id":"https:\/\/observatorioleopoldina.com.br\/home#listItem","name":"In\u00edcio"}},{"@type":"ListItem","@id":"https:\/\/observatorioleopoldina.com.br\/home\/category\/no-bairro\/saude\/#listItem","position":3,"name":"Sa\u00fade","item":"https:\/\/observatorioleopoldina.com.br\/home\/category\/no-bairro\/saude\/","nextItem":{"@type":"ListItem","@id":"https:\/\/observatorioleopoldina.com.br\/home\/guia-orienta-sobre-incomodidade-sonora\/#listItem","name":"Guia orienta sobre incomodidade sonora"},"previousItem":{"@type":"ListItem","@id":"https:\/\/observatorioleopoldina.com.br\/home\/category\/no-bairro\/#listItem","name":"No Bairro"}},{"@type":"ListItem","@id":"https:\/\/observatorioleopoldina.com.br\/home\/guia-orienta-sobre-incomodidade-sonora\/#listItem","position":4,"name":"Guia orienta sobre incomodidade sonora","previousItem":{"@type":"ListItem","@id":"https:\/\/observatorioleopoldina.com.br\/home\/category\/no-bairro\/saude\/#listItem","name":"Sa\u00fade"}}]},{"@type":"Organization","@id":"https:\/\/observatorioleopoldina.com.br\/home\/#organization","name":"Observat\u00f3rio Leopoldina","description":"Espa\u00e7o virtual colaborativo focado no desenvolvimento socioecon\u00f4mico sustent\u00e1vel de um Distrito em plena transforma\u00e7\u00e3o: a Vila Leopoldina.","url":"https:\/\/observatorioleopoldina.com.br\/home\/","logo":{"@type":"ImageObject","url":"https:\/\/observatorioleopoldina.com.br\/home\/wp-content\/uploads\/2024\/02\/2022-06-08-removebg-preview.png","@id":"https:\/\/observatorioleopoldina.com.br\/home\/guia-orienta-sobre-incomodidade-sonora\/#organizationLogo","width":680,"height":247},"image":{"@id":"https:\/\/observatorioleopoldina.com.br\/home\/guia-orienta-sobre-incomodidade-sonora\/#organizationLogo"}},{"@type":"Person","@id":"https:\/\/observatorioleopoldina.com.br\/home\/author\/ale\/#author","url":"https:\/\/observatorioleopoldina.com.br\/home\/author\/ale\/","name":"Alexandra Swerts"},{"@type":"WebPage","@id":"https:\/\/observatorioleopoldina.com.br\/home\/guia-orienta-sobre-incomodidade-sonora\/#webpage","url":"https:\/\/observatorioleopoldina.com.br\/home\/guia-orienta-sobre-incomodidade-sonora\/","name":"Guia orienta sobre incomodidade sonora - Observat\u00f3rio Leopoldina","description":"Lan\u00e7amento hoje do livreto com informa\u00e7\u00f5es t\u00e9cnicas sobre a incomododade gerada pelo ru\u00eddo excessivo que impacta a sa\u00fade da popula\u00e7\u00e3o da cidade. Ruido e Nossa Sa\u00fade foi realizado por pesquisadores do @ipt_oficial, por m\u00e9dicas da @fmusp_oficial, pelo @mpsp_oficial e pelo gabinete do vereador @profeliseugabriel e \u00e9 uma \"ferramenta para construir uma discuss\u00e3o p\u00fablica para afirmar uma cultura sobre como enfrentar os","inLanguage":"pt-BR","isPartOf":{"@id":"https:\/\/observatorioleopoldina.com.br\/home\/#website"},"breadcrumb":{"@id":"https:\/\/observatorioleopoldina.com.br\/home\/guia-orienta-sobre-incomodidade-sonora\/#breadcrumblist"},"author":{"@id":"https:\/\/observatorioleopoldina.com.br\/home\/author\/ale\/#author"},"creator":{"@id":"https:\/\/observatorioleopoldina.com.br\/home\/author\/ale\/#author"},"image":{"@type":"ImageObject","url":"https:\/\/observatorioleopoldina.com.br\/home\/wp-content\/uploads\/2024\/04\/Captura-de-Tela-2024-04-24-as-21.37.08.png","@id":"https:\/\/observatorioleopoldina.com.br\/home\/guia-orienta-sobre-incomodidade-sonora\/#mainImage","width":609,"height":566},"primaryImageOfPage":{"@id":"https:\/\/observatorioleopoldina.com.br\/home\/guia-orienta-sobre-incomodidade-sonora\/#mainImage"},"datePublished":"2024-04-03T21:37:50-03:00","dateModified":"2024-04-25T09:10:05-03:00"},{"@type":"WebSite","@id":"https:\/\/observatorioleopoldina.com.br\/home\/#website","url":"https:\/\/observatorioleopoldina.com.br\/home\/","name":"Observat\u00f3rio Leopoldina","description":"Espa\u00e7o virtual colaborativo focado no desenvolvimento socioecon\u00f4mico sustent\u00e1vel de um Distrito em plena transforma\u00e7\u00e3o: a Vila Leopoldina.","inLanguage":"pt-BR","publisher":{"@id":"https:\/\/observatorioleopoldina.com.br\/home\/#organization"}}]},"og:locale":"pt_BR","og:site_name":"Observat\u00f3rio Leopoldina - Espa\u00e7o virtual colaborativo focado no desenvolvimento socioecon\u00f4mico sustent\u00e1vel de um Distrito em plena transforma\u00e7\u00e3o: a Vila Leopoldina.","og:type":"article","og:title":"Guia orienta sobre incomodidade sonora - Observat\u00f3rio Leopoldina","og:description":"Lan\u00e7amento hoje do livreto com informa\u00e7\u00f5es t\u00e9cnicas sobre a incomododade gerada pelo ru\u00eddo excessivo que impacta a sa\u00fade da popula\u00e7\u00e3o da cidade. Ruido e Nossa Sa\u00fade foi realizado por pesquisadores do @ipt_oficial, por m\u00e9dicas da @fmusp_oficial, pelo @mpsp_oficial e pelo gabinete do vereador @profeliseugabriel e \u00e9 uma &quot;ferramenta para construir uma discuss\u00e3o p\u00fablica para afirmar uma cultura sobre como enfrentar os","og:url":"https:\/\/observatorioleopoldina.com.br\/home\/guia-orienta-sobre-incomodidade-sonora\/","og:image":"https:\/\/observatorioleopoldina.com.br\/home\/wp-content\/uploads\/2024\/04\/Captura-de-Tela-2024-04-24-as-21.37.08.png","og:image:secure_url":"https:\/\/observatorioleopoldina.com.br\/home\/wp-content\/uploads\/2024\/04\/Captura-de-Tela-2024-04-24-as-21.37.08.png","og:image:width":609,"og:image:height":566,"article:published_time":"2024-04-04T00:37:50+00:00","article:modified_time":"2024-04-25T12:10:05+00:00","twitter:card":"summary_large_image","twitter:title":"Guia orienta sobre incomodidade sonora - Observat\u00f3rio Leopoldina","twitter:description":"Lan\u00e7amento hoje do livreto com informa\u00e7\u00f5es t\u00e9cnicas sobre a incomododade gerada pelo ru\u00eddo excessivo que impacta a sa\u00fade da popula\u00e7\u00e3o da cidade. Ruido e Nossa Sa\u00fade foi realizado por pesquisadores do @ipt_oficial, por m\u00e9dicas da @fmusp_oficial, pelo @mpsp_oficial e pelo gabinete do vereador @profeliseugabriel e \u00e9 uma &quot;ferramenta para construir uma discuss\u00e3o p\u00fablica para afirmar uma cultura sobre como enfrentar os","twitter:image":"https:\/\/observatorioleopoldina.com.br\/home\/wp-content\/uploads\/2024\/04\/Captura-de-Tela-2024-04-24-as-21.37.08.png"},"aioseo_meta_data":{"post_id":"1149","title":null,"description":null,"keywords":null,"keyphrases":null,"primary_term":null,"canonical_url":null,"og_title":null,"og_description":null,"og_object_type":"default","og_image_type":"default","og_image_url":null,"og_image_width":null,"og_image_height":null,"og_image_custom_url":null,"og_image_custom_fields":null,"og_video":null,"og_custom_url":null,"og_article_section":null,"og_article_tags":null,"twitter_use_og":false,"twitter_card":"default","twitter_image_type":"default","twitter_image_url":null,"twitter_image_custom_url":null,"twitter_image_custom_fields":null,"twitter_title":null,"twitter_description":null,"schema":{"blockGraphs":[],"customGraphs":[],"default":{"data":{"Article":[],"Course":[],"Dataset":[],"FAQPage":[],"Movie":[],"Person":[],"Product":[],"ProductReview":[],"Car":[],"Recipe":[],"Service":[],"SoftwareApplication":[],"WebPage":[]},"graphName":"","isEnabled":true},"graphs":[]},"schema_type":"default","schema_type_options":null,"pillar_content":false,"robots_default":true,"robots_noindex":false,"robots_noarchive":false,"robots_nosnippet":false,"robots_nofollow":false,"robots_noimageindex":false,"robots_noodp":false,"robots_notranslate":false,"robots_max_snippet":null,"robots_max_videopreview":null,"robots_max_imagepreview":"large","priority":null,"frequency":null,"local_seo":null,"breadcrumb_settings":null,"limit_modified_date":false,"ai":null,"created":"2024-04-26 20:46:13","updated":"2025-06-04 04:14:38","seo_analyzer_scan_date":null,"focus_keyword":null,"additional_keywords":null,"truseo_locale":null},"aioseo_breadcrumb":"<div class=\"aioseo-breadcrumbs\"><span class=\"aioseo-breadcrumb\">\n\t\t\t<a href=\"https:\/\/observatorioleopoldina.com.br\/home\" title=\"In\u00edcio\">In\u00edcio<\/a>\n\t\t<\/span><span class=\"aioseo-breadcrumb-separator\">\u00bb<\/span><span class=\"aioseo-breadcrumb\">\n\t\t\t<a href=\"https:\/\/observatorioleopoldina.com.br\/home\/category\/no-bairro\/\" title=\"No Bairro\">No Bairro<\/a>\n\t\t<\/span><span class=\"aioseo-breadcrumb-separator\">\u00bb<\/span><span class=\"aioseo-breadcrumb\">\n\t\t\t<a href=\"https:\/\/observatorioleopoldina.com.br\/home\/category\/no-bairro\/saude\/\" title=\"Sa\u00fade\">Sa\u00fade<\/a>\n\t\t<\/span><span class=\"aioseo-breadcrumb-separator\">\u00bb<\/span><span class=\"aioseo-breadcrumb\">\n\t\t\tGuia orienta sobre incomodidade sonora\n\t\t<\/span><\/div>","aioseo_breadcrumb_json":[{"label":"In\u00edcio","link":"https:\/\/observatorioleopoldina.com.br\/home"},{"label":"No Bairro","link":"https:\/\/observatorioleopoldina.com.br\/home\/category\/no-bairro\/"},{"label":"Sa\u00fade","link":"https:\/\/observatorioleopoldina.com.br\/home\/category\/no-bairro\/saude\/"},{"label":"Guia orienta sobre incomodidade sonora","link":"https:\/\/observatorioleopoldina.com.br\/home\/guia-orienta-sobre-incomodidade-sonora\/"}],"_links":{"self":[{"href":"https:\/\/observatorioleopoldina.com.br\/home\/wp-json\/wp\/v2\/posts\/1149","targetHints":{"allow":["GET"]}}],"collection":[{"href":"https:\/\/observatorioleopoldina.com.br\/home\/wp-json\/wp\/v2\/posts"}],"about":[{"href":"https:\/\/observatorioleopoldina.com.br\/home\/wp-json\/wp\/v2\/types\/post"}],"author":[{"embeddable":true,"href":"https:\/\/observatorioleopoldina.com.br\/home\/wp-json\/wp\/v2\/users\/4"}],"replies":[{"embeddable":true,"href":"https:\/\/observatorioleopoldina.com.br\/home\/wp-json\/wp\/v2\/comments?post=1149"}],"version-history":[{"count":1,"href":"https:\/\/observatorioleopoldina.com.br\/home\/wp-json\/wp\/v2\/posts\/1149\/revisions"}],"predecessor-version":[{"id":1153,"href":"https:\/\/observatorioleopoldina.com.br\/home\/wp-json\/wp\/v2\/posts\/1149\/revisions\/1153"}],"wp:featuredmedia":[{"embeddable":true,"href":"https:\/\/observatorioleopoldina.com.br\/home\/wp-json\/wp\/v2\/media\/1152"}],"wp:attachment":[{"href":"https:\/\/observatorioleopoldina.com.br\/home\/wp-json\/wp\/v2\/media?parent=1149"}],"wp:term":[{"taxonomy":"category","embeddable":true,"href":"https:\/\/observatorioleopoldina.com.br\/home\/wp-json\/wp\/v2\/categories?post=1149"},{"taxonomy":"post_tag","embeddable":true,"href":"https:\/\/observatorioleopoldina.com.br\/home\/wp-json\/wp\/v2\/tags?post=1149"}],"curies":[{"name":"wp","href":"https:\/\/api.w.org\/{rel}","templated":true}]}}