{"id":1115,"date":"2024-04-08T08:30:00","date_gmt":"2024-04-08T11:30:00","guid":{"rendered":"https:\/\/mundimagem.com\/observatorioleopoldina\/?p=1115"},"modified":"2024-04-24T20:34:03","modified_gmt":"2024-04-24T23:34:03","slug":"pop-rua-pela-primeira-vez-na-fiesp-pelas-maos-da-comissao-arns","status":"publish","type":"post","link":"https:\/\/observatorioleopoldina.com.br\/home\/pop-rua-pela-primeira-vez-na-fiesp-pelas-maos-da-comissao-arns\/","title":{"rendered":"Pop Rua pela primeira vez na\u00a0FIESP pelas m\u00e3os da\u00a0Comiss\u00e3o Arns"},"content":{"rendered":"\n<p class=\"wp-block-paragraph\">Semin\u00e1rio Repense e Reconstrua traz principais temas e atores que constroem as pol\u00edticas p\u00fablicas para a popula\u00e7\u00e3o de rua.<\/p>\n\n\n\n<p class=\"wp-block-paragraph\">Com a presen\u00e7a do guardi\u00e3o da popula\u00e7\u00e3o pop rua,\u00a0<a href=\"https:\/\/www.instagram.com\/padrejulio.lancellotti\/\">@padrejulio.lancellotti<\/a>\u00a0que pede a FIESP que avalie a quest\u00e3o da terceriza\u00e7\u00e3o e quarteriza\u00e7\u00e3o do trabalho, que sujeita a popula\u00e7\u00e3o de rua a trabalhos de montagem de eventos e obras, trabalho bra\u00e7al. Afinal pessoas de rua trabalham, mas precisam de trabalho digno. E que o pensamento deve ser atender a necessidade do indiv\u00edduo.<\/p>\n\n\n\n<p class=\"wp-block-paragraph\">Raquel Rolnik destaca que a solu\u00e7\u00e3o n\u00e3o \u00e9 um \u00fanico projeto de sucesso, a &#8220;bala de prata&#8221; n\u00e3o existe. Precisam de v\u00e1rios projetos parados distritos perfis o que nos coloca de novo a frente de avaliar, novamente, a necessidade de cada um.<\/p>\n\n\n\n<p class=\"wp-block-paragraph\">A popula\u00e7\u00e3o de rua est\u00e1 representada pelos movimentos de rua Nacional e Municipal o de se levantou as vozes sobre as qualidades dos programas como o Asdrubal, que deu teto e est\u00e1 com resultados positivos. E o Reden\u00e7\u00e3o, que teve denuncia de viol\u00eancia institucional colocada pelas mulheres, atendidas pelo programa,<\/p>\n\n\n\n<p class=\"wp-block-paragraph\">A redu\u00e7\u00e3o de danos, programa de bra\u00e7os abertos, programa opera\u00e7\u00e3o trabalho, atendimento a quest\u00f5es de sa\u00fade mental todas as pol\u00edticas p\u00fablicas j\u00e1 experimentadas demonstram que o caminho para enfrentar a quest\u00e3o na cidade passa por enxergar primeiramente a pessoa, o indiv\u00edduo.<\/p>\n\n\n\n<p class=\"wp-block-paragraph\">Mais vale saber que, na avalia\u00e7\u00e3o do procurador geral dos Direitos do Cidad\u00e3o de S\u00e3o Paulo, Jos\u00e9 Rubens Pilates, que para a solu\u00e7\u00e3o da humaniza\u00e7\u00e3o do sistema e sua solu\u00e7\u00e3o passa por rever o desperd\u00edcio nos recursos gastos no sistema atual.<\/p>\n\n\n\n<p class=\"wp-block-paragraph\">Assista o evento completo no canal do YouTube da FIESP.<\/p>\n\n\n\n<figure class=\"wp-block-embed is-type-video is-provider-youtube wp-block-embed-youtube wp-embed-aspect-16-9 wp-has-aspect-ratio\"><div class=\"wp-block-embed__wrapper\">\n<iframe title=\"SEMINARIO PUBLICO - POPULACAO EM SITUACAO DE RUA\" width=\"640\" height=\"360\" data-src=\"https:\/\/www.youtube.com\/embed\/ZXBF0INg4mQ?feature=oembed\" frameborder=\"0\" allow=\"accelerometer; autoplay; clipboard-write; encrypted-media; gyroscope; picture-in-picture; web-share\" referrerpolicy=\"strict-origin-when-cross-origin\" allowfullscreen src=\"data:image\/gif;base64,R0lGODlhAQABAAAAACH5BAEKAAEALAAAAAABAAEAAAICTAEAOw==\" class=\"lazyload\" data-load-mode=\"1\"><\/iframe>\n<\/div><\/figure>\n","protected":false},"excerpt":{"rendered":"<p>Semin\u00e1rio Repense e Reconstrua traz principais temas e atores que constroem as pol\u00edticas p\u00fablicas para<\/p>\n","protected":false},"author":4,"featured_media":1116,"comment_status":"closed","ping_status":"closed","sticky":false,"template":"","format":"standard","meta":{"footnotes":""},"categories":[235],"tags":[],"class_list":["post-1115","post","type-post","status-publish","format-standard","has-post-thumbnail","hentry","category-rede-leopoldina-solidaria"],"aioseo_notices":[],"aioseo_head":"\n\t\t<!-- All in One SEO 5.0.1.1 - aioseo.com -->\n\t<meta name=\"description\" content=\"Semin\u00e1rio Repense e Reconstrua traz principais temas e atores que constroem as pol\u00edticas p\u00fablicas para a popula\u00e7\u00e3o de rua. Com a presen\u00e7a do guardi\u00e3o da popula\u00e7\u00e3o pop rua, @padrejulio.lancellotti que pede a FIESP que avalie a quest\u00e3o da terceriza\u00e7\u00e3o e quarteriza\u00e7\u00e3o do trabalho, que sujeita a popula\u00e7\u00e3o de rua a trabalhos de montagem de eventos e obras,\" \/>\n\t<meta name=\"robots\" content=\"max-image-preview:large\" \/>\n\t<meta name=\"author\" content=\"Alexandra Swerts\"\/>\n\t<link rel=\"canonical\" href=\"https:\/\/observatorioleopoldina.com.br\/home\/pop-rua-pela-primeira-vez-na-fiesp-pelas-maos-da-comissao-arns\/\" \/>\n\t<meta name=\"generator\" content=\"All in One SEO (AIOSEO) 5.0.1.1\" \/>\n\t\t<meta property=\"og:locale\" content=\"pt_BR\" \/>\n\t\t<meta property=\"og:site_name\" content=\"Observat\u00f3rio Leopoldina - Espa\u00e7o virtual colaborativo focado no desenvolvimento socioecon\u00f4mico sustent\u00e1vel de um Distrito em plena transforma\u00e7\u00e3o: a Vila Leopoldina.\" \/>\n\t\t<meta property=\"og:type\" content=\"article\" \/>\n\t\t<meta property=\"og:title\" content=\"Pop Rua pela primeira vez na FIESP pelas m\u00e3os da Comiss\u00e3o Arns - Observat\u00f3rio Leopoldina\" \/>\n\t\t<meta property=\"og:description\" content=\"Semin\u00e1rio Repense e Reconstrua traz principais temas e atores que constroem as pol\u00edticas p\u00fablicas para a popula\u00e7\u00e3o de rua. Com a presen\u00e7a do guardi\u00e3o da popula\u00e7\u00e3o pop rua, @padrejulio.lancellotti que pede a FIESP que avalie a quest\u00e3o da terceriza\u00e7\u00e3o e quarteriza\u00e7\u00e3o do trabalho, que sujeita a popula\u00e7\u00e3o de rua a trabalhos de montagem de eventos e obras,\" \/>\n\t\t<meta property=\"og:url\" content=\"https:\/\/observatorioleopoldina.com.br\/home\/pop-rua-pela-primeira-vez-na-fiesp-pelas-maos-da-comissao-arns\/\" \/>\n\t\t<meta property=\"og:image\" content=\"https:\/\/observatorioleopoldina.com.br\/home\/wp-content\/uploads\/2024\/04\/Captura-de-Tela-2024-04-24-as-20.23.13.png\" \/>\n\t\t<meta property=\"og:image:secure_url\" content=\"https:\/\/observatorioleopoldina.com.br\/home\/wp-content\/uploads\/2024\/04\/Captura-de-Tela-2024-04-24-as-20.23.13.png\" \/>\n\t\t<meta property=\"og:image:width\" content=\"603\" \/>\n\t\t<meta property=\"og:image:height\" content=\"578\" \/>\n\t\t<meta property=\"article:published_time\" content=\"2024-04-08T11:30:00+00:00\" \/>\n\t\t<meta property=\"article:modified_time\" content=\"2024-04-24T23:34:03+00:00\" \/>\n\t\t<meta name=\"twitter:card\" content=\"summary_large_image\" \/>\n\t\t<meta name=\"twitter:title\" content=\"Pop Rua pela primeira vez na FIESP pelas m\u00e3os da Comiss\u00e3o Arns - Observat\u00f3rio Leopoldina\" \/>\n\t\t<meta name=\"twitter:description\" content=\"Semin\u00e1rio Repense e Reconstrua traz principais temas e atores que constroem as pol\u00edticas p\u00fablicas para a popula\u00e7\u00e3o de rua. Com a presen\u00e7a do guardi\u00e3o da popula\u00e7\u00e3o pop rua, @padrejulio.lancellotti que pede a FIESP que avalie a quest\u00e3o da terceriza\u00e7\u00e3o e quarteriza\u00e7\u00e3o do trabalho, que sujeita a popula\u00e7\u00e3o de rua a trabalhos de montagem de eventos e obras,\" \/>\n\t\t<meta name=\"twitter:image\" content=\"https:\/\/observatorioleopoldina.com.br\/home\/wp-content\/uploads\/2024\/04\/Captura-de-Tela-2024-04-24-as-20.23.13.png\" \/>\n\t\t<script type=\"application\/ld+json\" class=\"aioseo-schema\">\n\t\t\t{\"@context\":\"https:\\\/\\\/schema.org\",\"@graph\":[{\"@type\":\"BlogPosting\",\"@id\":\"https:\\\/\\\/observatorioleopoldina.com.br\\\/home\\\/pop-rua-pela-primeira-vez-na-fiesp-pelas-maos-da-comissao-arns\\\/#blogposting\",\"name\":\"Pop Rua pela primeira vez na FIESP pelas m\\u00e3os da Comiss\\u00e3o Arns - Observat\\u00f3rio Leopoldina\",\"headline\":\"Pop Rua pela primeira vez na\\u00a0FIESP pelas m\\u00e3os da\\u00a0Comiss\\u00e3o Arns\",\"author\":{\"@id\":\"https:\\\/\\\/observatorioleopoldina.com.br\\\/home\\\/author\\\/ale\\\/#author\"},\"publisher\":{\"@id\":\"https:\\\/\\\/observatorioleopoldina.com.br\\\/home\\\/#organization\"},\"image\":{\"@type\":\"ImageObject\",\"url\":\"https:\\\/\\\/observatorioleopoldina.com.br\\\/home\\\/wp-content\\\/uploads\\\/2024\\\/04\\\/Captura-de-Tela-2024-04-24-as-20.23.13.png\",\"width\":603,\"height\":578},\"datePublished\":\"2024-04-08T08:30:00-03:00\",\"dateModified\":\"2024-04-24T20:34:03-03:00\",\"inLanguage\":\"pt-BR\",\"mainEntityOfPage\":{\"@id\":\"https:\\\/\\\/observatorioleopoldina.com.br\\\/home\\\/pop-rua-pela-primeira-vez-na-fiesp-pelas-maos-da-comissao-arns\\\/#webpage\"},\"isPartOf\":{\"@id\":\"https:\\\/\\\/observatorioleopoldina.com.br\\\/home\\\/pop-rua-pela-primeira-vez-na-fiesp-pelas-maos-da-comissao-arns\\\/#webpage\"},\"articleSection\":\"Rede Leopoldina Solid\\u00e1ria\"},{\"@type\":\"BreadcrumbList\",\"@id\":\"https:\\\/\\\/observatorioleopoldina.com.br\\\/home\\\/pop-rua-pela-primeira-vez-na-fiesp-pelas-maos-da-comissao-arns\\\/#breadcrumblist\",\"itemListElement\":[{\"@type\":\"ListItem\",\"@id\":\"https:\\\/\\\/observatorioleopoldina.com.br\\\/home#listItem\",\"position\":1,\"name\":\"In\\u00edcio\",\"item\":\"https:\\\/\\\/observatorioleopoldina.com.br\\\/home\",\"nextItem\":{\"@type\":\"ListItem\",\"@id\":\"https:\\\/\\\/observatorioleopoldina.com.br\\\/home\\\/category\\\/rede-leopoldina-solidaria\\\/#listItem\",\"name\":\"Rede Leopoldina Solid\\u00e1ria\"}},{\"@type\":\"ListItem\",\"@id\":\"https:\\\/\\\/observatorioleopoldina.com.br\\\/home\\\/category\\\/rede-leopoldina-solidaria\\\/#listItem\",\"position\":2,\"name\":\"Rede Leopoldina Solid\\u00e1ria\",\"item\":\"https:\\\/\\\/observatorioleopoldina.com.br\\\/home\\\/category\\\/rede-leopoldina-solidaria\\\/\",\"nextItem\":{\"@type\":\"ListItem\",\"@id\":\"https:\\\/\\\/observatorioleopoldina.com.br\\\/home\\\/pop-rua-pela-primeira-vez-na-fiesp-pelas-maos-da-comissao-arns\\\/#listItem\",\"name\":\"Pop Rua pela primeira vez na\\u00a0FIESP pelas m\\u00e3os da\\u00a0Comiss\\u00e3o Arns\"},\"previousItem\":{\"@type\":\"ListItem\",\"@id\":\"https:\\\/\\\/observatorioleopoldina.com.br\\\/home#listItem\",\"name\":\"In\\u00edcio\"}},{\"@type\":\"ListItem\",\"@id\":\"https:\\\/\\\/observatorioleopoldina.com.br\\\/home\\\/pop-rua-pela-primeira-vez-na-fiesp-pelas-maos-da-comissao-arns\\\/#listItem\",\"position\":3,\"name\":\"Pop Rua pela primeira vez na\\u00a0FIESP pelas m\\u00e3os da\\u00a0Comiss\\u00e3o Arns\",\"previousItem\":{\"@type\":\"ListItem\",\"@id\":\"https:\\\/\\\/observatorioleopoldina.com.br\\\/home\\\/category\\\/rede-leopoldina-solidaria\\\/#listItem\",\"name\":\"Rede Leopoldina Solid\\u00e1ria\"}}]},{\"@type\":\"Organization\",\"@id\":\"https:\\\/\\\/observatorioleopoldina.com.br\\\/home\\\/#organization\",\"name\":\"Observat\\u00f3rio Leopoldina\",\"description\":\"Espa\\u00e7o virtual colaborativo focado no desenvolvimento socioecon\\u00f4mico sustent\\u00e1vel de um Distrito em plena transforma\\u00e7\\u00e3o: a Vila Leopoldina.\",\"url\":\"https:\\\/\\\/observatorioleopoldina.com.br\\\/home\\\/\",\"logo\":{\"@type\":\"ImageObject\",\"url\":\"https:\\\/\\\/observatorioleopoldina.com.br\\\/home\\\/wp-content\\\/uploads\\\/2024\\\/02\\\/2022-06-08-removebg-preview.png\",\"@id\":\"https:\\\/\\\/observatorioleopoldina.com.br\\\/home\\\/pop-rua-pela-primeira-vez-na-fiesp-pelas-maos-da-comissao-arns\\\/#organizationLogo\",\"width\":680,\"height\":247},\"image\":{\"@id\":\"https:\\\/\\\/observatorioleopoldina.com.br\\\/home\\\/pop-rua-pela-primeira-vez-na-fiesp-pelas-maos-da-comissao-arns\\\/#organizationLogo\"}},{\"@type\":\"Person\",\"@id\":\"https:\\\/\\\/observatorioleopoldina.com.br\\\/home\\\/author\\\/ale\\\/#author\",\"url\":\"https:\\\/\\\/observatorioleopoldina.com.br\\\/home\\\/author\\\/ale\\\/\",\"name\":\"Alexandra Swerts\"},{\"@type\":\"WebPage\",\"@id\":\"https:\\\/\\\/observatorioleopoldina.com.br\\\/home\\\/pop-rua-pela-primeira-vez-na-fiesp-pelas-maos-da-comissao-arns\\\/#webpage\",\"url\":\"https:\\\/\\\/observatorioleopoldina.com.br\\\/home\\\/pop-rua-pela-primeira-vez-na-fiesp-pelas-maos-da-comissao-arns\\\/\",\"name\":\"Pop Rua pela primeira vez na FIESP pelas m\\u00e3os da Comiss\\u00e3o Arns - Observat\\u00f3rio Leopoldina\",\"description\":\"Semin\\u00e1rio Repense e Reconstrua traz principais temas e atores que constroem as pol\\u00edticas p\\u00fablicas para a popula\\u00e7\\u00e3o de rua. Com a presen\\u00e7a do guardi\\u00e3o da popula\\u00e7\\u00e3o pop rua, @padrejulio.lancellotti que pede a FIESP que avalie a quest\\u00e3o da terceriza\\u00e7\\u00e3o e quarteriza\\u00e7\\u00e3o do trabalho, que sujeita a popula\\u00e7\\u00e3o de rua a trabalhos de montagem de eventos e obras,\",\"inLanguage\":\"pt-BR\",\"isPartOf\":{\"@id\":\"https:\\\/\\\/observatorioleopoldina.com.br\\\/home\\\/#website\"},\"breadcrumb\":{\"@id\":\"https:\\\/\\\/observatorioleopoldina.com.br\\\/home\\\/pop-rua-pela-primeira-vez-na-fiesp-pelas-maos-da-comissao-arns\\\/#breadcrumblist\"},\"author\":{\"@id\":\"https:\\\/\\\/observatorioleopoldina.com.br\\\/home\\\/author\\\/ale\\\/#author\"},\"creator\":{\"@id\":\"https:\\\/\\\/observatorioleopoldina.com.br\\\/home\\\/author\\\/ale\\\/#author\"},\"image\":{\"@type\":\"ImageObject\",\"url\":\"https:\\\/\\\/observatorioleopoldina.com.br\\\/home\\\/wp-content\\\/uploads\\\/2024\\\/04\\\/Captura-de-Tela-2024-04-24-as-20.23.13.png\",\"@id\":\"https:\\\/\\\/observatorioleopoldina.com.br\\\/home\\\/pop-rua-pela-primeira-vez-na-fiesp-pelas-maos-da-comissao-arns\\\/#mainImage\",\"width\":603,\"height\":578},\"primaryImageOfPage\":{\"@id\":\"https:\\\/\\\/observatorioleopoldina.com.br\\\/home\\\/pop-rua-pela-primeira-vez-na-fiesp-pelas-maos-da-comissao-arns\\\/#mainImage\"},\"datePublished\":\"2024-04-08T08:30:00-03:00\",\"dateModified\":\"2024-04-24T20:34:03-03:00\"},{\"@type\":\"WebSite\",\"@id\":\"https:\\\/\\\/observatorioleopoldina.com.br\\\/home\\\/#website\",\"url\":\"https:\\\/\\\/observatorioleopoldina.com.br\\\/home\\\/\",\"name\":\"Observat\\u00f3rio Leopoldina\",\"description\":\"Espa\\u00e7o virtual colaborativo focado no desenvolvimento socioecon\\u00f4mico sustent\\u00e1vel de um Distrito em plena transforma\\u00e7\\u00e3o: a Vila Leopoldina.\",\"inLanguage\":\"pt-BR\",\"publisher\":{\"@id\":\"https:\\\/\\\/observatorioleopoldina.com.br\\\/home\\\/#organization\"}}]}\n\t\t<\/script>\n\t\t<!-- All in One SEO -->\n\n","aioseo_head_json":{"title":"Pop Rua pela primeira vez na FIESP pelas m\u00e3os da Comiss\u00e3o Arns - Observat\u00f3rio Leopoldina","description":"Semin\u00e1rio Repense e Reconstrua traz principais temas e atores que constroem as pol\u00edticas p\u00fablicas para a popula\u00e7\u00e3o de rua. Com a presen\u00e7a do guardi\u00e3o da popula\u00e7\u00e3o pop rua, @padrejulio.lancellotti que pede a FIESP que avalie a quest\u00e3o da terceriza\u00e7\u00e3o e quarteriza\u00e7\u00e3o do trabalho, que sujeita a popula\u00e7\u00e3o de rua a trabalhos de montagem de eventos e obras,","canonical_url":"https:\/\/observatorioleopoldina.com.br\/home\/pop-rua-pela-primeira-vez-na-fiesp-pelas-maos-da-comissao-arns\/","robots":"max-image-preview:large","keywords":"","webmasterTools":{"miscellaneous":""},"schema":{"@context":"https:\/\/schema.org","@graph":[{"@type":"BlogPosting","@id":"https:\/\/observatorioleopoldina.com.br\/home\/pop-rua-pela-primeira-vez-na-fiesp-pelas-maos-da-comissao-arns\/#blogposting","name":"Pop Rua pela primeira vez na FIESP pelas m\u00e3os da Comiss\u00e3o Arns - Observat\u00f3rio Leopoldina","headline":"Pop Rua pela primeira vez na\u00a0FIESP pelas m\u00e3os da\u00a0Comiss\u00e3o Arns","author":{"@id":"https:\/\/observatorioleopoldina.com.br\/home\/author\/ale\/#author"},"publisher":{"@id":"https:\/\/observatorioleopoldina.com.br\/home\/#organization"},"image":{"@type":"ImageObject","url":"https:\/\/observatorioleopoldina.com.br\/home\/wp-content\/uploads\/2024\/04\/Captura-de-Tela-2024-04-24-as-20.23.13.png","width":603,"height":578},"datePublished":"2024-04-08T08:30:00-03:00","dateModified":"2024-04-24T20:34:03-03:00","inLanguage":"pt-BR","mainEntityOfPage":{"@id":"https:\/\/observatorioleopoldina.com.br\/home\/pop-rua-pela-primeira-vez-na-fiesp-pelas-maos-da-comissao-arns\/#webpage"},"isPartOf":{"@id":"https:\/\/observatorioleopoldina.com.br\/home\/pop-rua-pela-primeira-vez-na-fiesp-pelas-maos-da-comissao-arns\/#webpage"},"articleSection":"Rede Leopoldina Solid\u00e1ria"},{"@type":"BreadcrumbList","@id":"https:\/\/observatorioleopoldina.com.br\/home\/pop-rua-pela-primeira-vez-na-fiesp-pelas-maos-da-comissao-arns\/#breadcrumblist","itemListElement":[{"@type":"ListItem","@id":"https:\/\/observatorioleopoldina.com.br\/home#listItem","position":1,"name":"In\u00edcio","item":"https:\/\/observatorioleopoldina.com.br\/home","nextItem":{"@type":"ListItem","@id":"https:\/\/observatorioleopoldina.com.br\/home\/category\/rede-leopoldina-solidaria\/#listItem","name":"Rede Leopoldina Solid\u00e1ria"}},{"@type":"ListItem","@id":"https:\/\/observatorioleopoldina.com.br\/home\/category\/rede-leopoldina-solidaria\/#listItem","position":2,"name":"Rede Leopoldina Solid\u00e1ria","item":"https:\/\/observatorioleopoldina.com.br\/home\/category\/rede-leopoldina-solidaria\/","nextItem":{"@type":"ListItem","@id":"https:\/\/observatorioleopoldina.com.br\/home\/pop-rua-pela-primeira-vez-na-fiesp-pelas-maos-da-comissao-arns\/#listItem","name":"Pop Rua pela primeira vez na\u00a0FIESP pelas m\u00e3os da\u00a0Comiss\u00e3o Arns"},"previousItem":{"@type":"ListItem","@id":"https:\/\/observatorioleopoldina.com.br\/home#listItem","name":"In\u00edcio"}},{"@type":"ListItem","@id":"https:\/\/observatorioleopoldina.com.br\/home\/pop-rua-pela-primeira-vez-na-fiesp-pelas-maos-da-comissao-arns\/#listItem","position":3,"name":"Pop Rua pela primeira vez na\u00a0FIESP pelas m\u00e3os da\u00a0Comiss\u00e3o Arns","previousItem":{"@type":"ListItem","@id":"https:\/\/observatorioleopoldina.com.br\/home\/category\/rede-leopoldina-solidaria\/#listItem","name":"Rede Leopoldina Solid\u00e1ria"}}]},{"@type":"Organization","@id":"https:\/\/observatorioleopoldina.com.br\/home\/#organization","name":"Observat\u00f3rio Leopoldina","description":"Espa\u00e7o virtual colaborativo focado no desenvolvimento socioecon\u00f4mico sustent\u00e1vel de um Distrito em plena transforma\u00e7\u00e3o: a Vila Leopoldina.","url":"https:\/\/observatorioleopoldina.com.br\/home\/","logo":{"@type":"ImageObject","url":"https:\/\/observatorioleopoldina.com.br\/home\/wp-content\/uploads\/2024\/02\/2022-06-08-removebg-preview.png","@id":"https:\/\/observatorioleopoldina.com.br\/home\/pop-rua-pela-primeira-vez-na-fiesp-pelas-maos-da-comissao-arns\/#organizationLogo","width":680,"height":247},"image":{"@id":"https:\/\/observatorioleopoldina.com.br\/home\/pop-rua-pela-primeira-vez-na-fiesp-pelas-maos-da-comissao-arns\/#organizationLogo"}},{"@type":"Person","@id":"https:\/\/observatorioleopoldina.com.br\/home\/author\/ale\/#author","url":"https:\/\/observatorioleopoldina.com.br\/home\/author\/ale\/","name":"Alexandra Swerts"},{"@type":"WebPage","@id":"https:\/\/observatorioleopoldina.com.br\/home\/pop-rua-pela-primeira-vez-na-fiesp-pelas-maos-da-comissao-arns\/#webpage","url":"https:\/\/observatorioleopoldina.com.br\/home\/pop-rua-pela-primeira-vez-na-fiesp-pelas-maos-da-comissao-arns\/","name":"Pop Rua pela primeira vez na FIESP pelas m\u00e3os da Comiss\u00e3o Arns - Observat\u00f3rio Leopoldina","description":"Semin\u00e1rio Repense e Reconstrua traz principais temas e atores que constroem as pol\u00edticas p\u00fablicas para a popula\u00e7\u00e3o de rua. Com a presen\u00e7a do guardi\u00e3o da popula\u00e7\u00e3o pop rua, @padrejulio.lancellotti que pede a FIESP que avalie a quest\u00e3o da terceriza\u00e7\u00e3o e quarteriza\u00e7\u00e3o do trabalho, que sujeita a popula\u00e7\u00e3o de rua a trabalhos de montagem de eventos e obras,","inLanguage":"pt-BR","isPartOf":{"@id":"https:\/\/observatorioleopoldina.com.br\/home\/#website"},"breadcrumb":{"@id":"https:\/\/observatorioleopoldina.com.br\/home\/pop-rua-pela-primeira-vez-na-fiesp-pelas-maos-da-comissao-arns\/#breadcrumblist"},"author":{"@id":"https:\/\/observatorioleopoldina.com.br\/home\/author\/ale\/#author"},"creator":{"@id":"https:\/\/observatorioleopoldina.com.br\/home\/author\/ale\/#author"},"image":{"@type":"ImageObject","url":"https:\/\/observatorioleopoldina.com.br\/home\/wp-content\/uploads\/2024\/04\/Captura-de-Tela-2024-04-24-as-20.23.13.png","@id":"https:\/\/observatorioleopoldina.com.br\/home\/pop-rua-pela-primeira-vez-na-fiesp-pelas-maos-da-comissao-arns\/#mainImage","width":603,"height":578},"primaryImageOfPage":{"@id":"https:\/\/observatorioleopoldina.com.br\/home\/pop-rua-pela-primeira-vez-na-fiesp-pelas-maos-da-comissao-arns\/#mainImage"},"datePublished":"2024-04-08T08:30:00-03:00","dateModified":"2024-04-24T20:34:03-03:00"},{"@type":"WebSite","@id":"https:\/\/observatorioleopoldina.com.br\/home\/#website","url":"https:\/\/observatorioleopoldina.com.br\/home\/","name":"Observat\u00f3rio Leopoldina","description":"Espa\u00e7o virtual colaborativo focado no desenvolvimento socioecon\u00f4mico sustent\u00e1vel de um Distrito em plena transforma\u00e7\u00e3o: a Vila Leopoldina.","inLanguage":"pt-BR","publisher":{"@id":"https:\/\/observatorioleopoldina.com.br\/home\/#organization"}}]},"og:locale":"pt_BR","og:site_name":"Observat\u00f3rio Leopoldina - Espa\u00e7o virtual colaborativo focado no desenvolvimento socioecon\u00f4mico sustent\u00e1vel de um Distrito em plena transforma\u00e7\u00e3o: a Vila Leopoldina.","og:type":"article","og:title":"Pop Rua pela primeira vez na FIESP pelas m\u00e3os da Comiss\u00e3o Arns - Observat\u00f3rio Leopoldina","og:description":"Semin\u00e1rio Repense e Reconstrua traz principais temas e atores que constroem as pol\u00edticas p\u00fablicas para a popula\u00e7\u00e3o de rua. Com a presen\u00e7a do guardi\u00e3o da popula\u00e7\u00e3o pop rua, @padrejulio.lancellotti que pede a FIESP que avalie a quest\u00e3o da terceriza\u00e7\u00e3o e quarteriza\u00e7\u00e3o do trabalho, que sujeita a popula\u00e7\u00e3o de rua a trabalhos de montagem de eventos e obras,","og:url":"https:\/\/observatorioleopoldina.com.br\/home\/pop-rua-pela-primeira-vez-na-fiesp-pelas-maos-da-comissao-arns\/","og:image":"https:\/\/observatorioleopoldina.com.br\/home\/wp-content\/uploads\/2024\/04\/Captura-de-Tela-2024-04-24-as-20.23.13.png","og:image:secure_url":"https:\/\/observatorioleopoldina.com.br\/home\/wp-content\/uploads\/2024\/04\/Captura-de-Tela-2024-04-24-as-20.23.13.png","og:image:width":603,"og:image:height":578,"article:published_time":"2024-04-08T11:30:00+00:00","article:modified_time":"2024-04-24T23:34:03+00:00","twitter:card":"summary_large_image","twitter:title":"Pop Rua pela primeira vez na FIESP pelas m\u00e3os da Comiss\u00e3o Arns - Observat\u00f3rio Leopoldina","twitter:description":"Semin\u00e1rio Repense e Reconstrua traz principais temas e atores que constroem as pol\u00edticas p\u00fablicas para a popula\u00e7\u00e3o de rua. Com a presen\u00e7a do guardi\u00e3o da popula\u00e7\u00e3o pop rua, @padrejulio.lancellotti que pede a FIESP que avalie a quest\u00e3o da terceriza\u00e7\u00e3o e quarteriza\u00e7\u00e3o do trabalho, que sujeita a popula\u00e7\u00e3o de rua a trabalhos de montagem de eventos e obras,","twitter:image":"https:\/\/observatorioleopoldina.com.br\/home\/wp-content\/uploads\/2024\/04\/Captura-de-Tela-2024-04-24-as-20.23.13.png"},"aioseo_meta_data":{"post_id":"1115","title":null,"description":null,"keywords":null,"keyphrases":null,"primary_term":null,"canonical_url":null,"og_title":null,"og_description":null,"og_object_type":"default","og_image_type":"default","og_image_url":null,"og_image_width":null,"og_image_height":null,"og_image_custom_url":null,"og_image_custom_fields":null,"og_video":null,"og_custom_url":null,"og_article_section":null,"og_article_tags":null,"twitter_use_og":false,"twitter_card":"default","twitter_image_type":"default","twitter_image_url":null,"twitter_image_custom_url":null,"twitter_image_custom_fields":null,"twitter_title":null,"twitter_description":null,"schema":{"blockGraphs":[],"customGraphs":[],"default":{"data":{"Article":[],"Course":[],"Dataset":[],"FAQPage":[],"Movie":[],"Person":[],"Product":[],"ProductReview":[],"Car":[],"Recipe":[],"Service":[],"SoftwareApplication":[],"WebPage":[]},"graphName":"","isEnabled":true},"graphs":[]},"schema_type":"default","schema_type_options":null,"pillar_content":false,"robots_default":true,"robots_noindex":false,"robots_noarchive":false,"robots_nosnippet":false,"robots_nofollow":false,"robots_noimageindex":false,"robots_noodp":false,"robots_notranslate":false,"robots_max_snippet":null,"robots_max_videopreview":null,"robots_max_imagepreview":"large","priority":null,"frequency":null,"local_seo":null,"breadcrumb_settings":null,"limit_modified_date":false,"ai":null,"created":"2024-04-26 20:46:13","updated":"2025-06-04 03:56:49","seo_analyzer_scan_date":null,"focus_keyword":null,"additional_keywords":null,"truseo_locale":null},"aioseo_breadcrumb":"<div class=\"aioseo-breadcrumbs\"><span class=\"aioseo-breadcrumb\">\n\t\t\t<a href=\"https:\/\/observatorioleopoldina.com.br\/home\" title=\"In\u00edcio\">In\u00edcio<\/a>\n\t\t<\/span><span class=\"aioseo-breadcrumb-separator\">\u00bb<\/span><span class=\"aioseo-breadcrumb\">\n\t\t\t<a href=\"https:\/\/observatorioleopoldina.com.br\/home\/category\/rede-leopoldina-solidaria\/\" title=\"Rede Leopoldina Solid\u00e1ria\">Rede Leopoldina Solid\u00e1ria<\/a>\n\t\t<\/span><span class=\"aioseo-breadcrumb-separator\">\u00bb<\/span><span class=\"aioseo-breadcrumb\">\n\t\t\tPop Rua pela primeira vez na FIESP pelas m\u00e3os da Comiss\u00e3o Arns\n\t\t<\/span><\/div>","aioseo_breadcrumb_json":[{"label":"In\u00edcio","link":"https:\/\/observatorioleopoldina.com.br\/home"},{"label":"Rede Leopoldina Solid\u00e1ria","link":"https:\/\/observatorioleopoldina.com.br\/home\/category\/rede-leopoldina-solidaria\/"},{"label":"Pop Rua pela primeira vez na\u00a0FIESP pelas m\u00e3os da\u00a0Comiss\u00e3o Arns","link":"https:\/\/observatorioleopoldina.com.br\/home\/pop-rua-pela-primeira-vez-na-fiesp-pelas-maos-da-comissao-arns\/"}],"_links":{"self":[{"href":"https:\/\/observatorioleopoldina.com.br\/home\/wp-json\/wp\/v2\/posts\/1115","targetHints":{"allow":["GET"]}}],"collection":[{"href":"https:\/\/observatorioleopoldina.com.br\/home\/wp-json\/wp\/v2\/posts"}],"about":[{"href":"https:\/\/observatorioleopoldina.com.br\/home\/wp-json\/wp\/v2\/types\/post"}],"author":[{"embeddable":true,"href":"https:\/\/observatorioleopoldina.com.br\/home\/wp-json\/wp\/v2\/users\/4"}],"replies":[{"embeddable":true,"href":"https:\/\/observatorioleopoldina.com.br\/home\/wp-json\/wp\/v2\/comments?post=1115"}],"version-history":[{"count":1,"href":"https:\/\/observatorioleopoldina.com.br\/home\/wp-json\/wp\/v2\/posts\/1115\/revisions"}],"predecessor-version":[{"id":1117,"href":"https:\/\/observatorioleopoldina.com.br\/home\/wp-json\/wp\/v2\/posts\/1115\/revisions\/1117"}],"wp:featuredmedia":[{"embeddable":true,"href":"https:\/\/observatorioleopoldina.com.br\/home\/wp-json\/wp\/v2\/media\/1116"}],"wp:attachment":[{"href":"https:\/\/observatorioleopoldina.com.br\/home\/wp-json\/wp\/v2\/media?parent=1115"}],"wp:term":[{"taxonomy":"category","embeddable":true,"href":"https:\/\/observatorioleopoldina.com.br\/home\/wp-json\/wp\/v2\/categories?post=1115"},{"taxonomy":"post_tag","embeddable":true,"href":"https:\/\/observatorioleopoldina.com.br\/home\/wp-json\/wp\/v2\/tags?post=1115"}],"curies":[{"name":"wp","href":"https:\/\/api.w.org\/{rel}","templated":true}]}}